{"id":594968,"date":"2026-08-01T20:19:15","date_gmt":"2026-08-01T20:19:15","guid":{"rendered":"https:\/\/www.europesays.com\/pl\/594968\/"},"modified":"2026-08-01T20:19:15","modified_gmt":"2026-08-01T20:19:15","slug":"zuzel-grand-prix-w-lodzi-to-byl-spektakl-wielki-turniej-lamberta-podium-dudka","status":"publish","type":"post","link":"https:\/\/www.europesays.com\/pl\/594968\/","title":{"rendered":"\u017bu\u017cel. Grand Prix w \u0141odzi to by\u0142 spektakl! Wielki turniej Lamberta, podium Dudka!"},"content":{"rendered":"\n<p class=\"contentpart contentpart--default contentpart--text\" data-position=\"0\">Historyczny by\u0142 to dzie\u0144 dla sportowej \u0141odzi. W sobot\u0119 odby\u0142a si\u0119 w tym mie\u015bcie pierwsza runda \u017cu\u017clowego\u00a0<a href=\"https:\/\/sportowefakty.wp.pl\/zuzel\/sgpims\" rel=\"nofollow noopener\" target=\"_blank\">Grand Prix<\/a>. Dot\u0105d cykl ten od 1995 roku zjecha\u0142 na osiem polskich stadion\u00f3w. \u0141\u00f3dzki sta\u0142 si\u0119 wi\u0119c dziewi\u0105tym i w sumie 45. w elitarnej serii.<\/p>\n<p class=\"contentpart contentpart--default contentpart--text\" data-position=\"1\">To, z czego Moto Arena s\u0142ynie, to techniczny &#8222;niepolski&#8221; tor. Podobny d\u0142ugo\u015bciowo do toru\u0144skiego, ale inny geometrycznie. Jednocze\u015bnie \u015bwietny do \u015bcigania, na co szczeg\u00f3lnie liczono, aplikuj\u0105c \u0141\u00f3d\u017a do kalendarza Indywidualnych Mistrzostw \u015awiata. I od samego pocz\u0105tku by\u0142o wida\u0107, \u017ce mowy o rozczarowaniu tutaj nie b\u0119dzie. Jazd\u0119 mieli\u015bmy bowiem bardzo ciekaw\u0105.<\/p>\n<p>  <img decoding=\"async\" src=\"https:\/\/v.wpimg.pl\/X3dwLnN2d1IFFTpdYUl6R0ZNbgcnEHQREVV2TGEGbUtRT2MdOlZ2RBQUKABgQjQcDRotCStBd1IAAWMeIlM7VgwYIAorQAdEFFk_GCkQJQ\" alt=\"\" width=\"45\" height=\"58\" loading=\"lazy\"\/>  <\/p>\n<p class=\"contentpart contentpart--default contentpart--text\" data-position=\"2\">ZOBACZ WIDEO: Polonia unikn\u0119\u0142a problemu, kt\u00f3ry pogr\u0105\u017ca\u0142 innych. Wo\u017aniak wyja\u015bnia<\/p>\n<p class=\"contentpart contentpart--default contentpart--text\" data-position=\"4\">Nie decydowa\u0142 o wszystkim start, cho\u0107 akurat szybkie wyjazdy spod ta\u015bmy bardzo pomaga\u0142y <a href=\"https:\/\/sportowefakty.wp.pl\/zuzel\/patryk-dudek\" rel=\"nofollow noopener\" target=\"_blank\">Patrykowi Dudkowi<\/a>, <a href=\"https:\/\/sportowefakty.wp.pl\/zuzel\/max-fricke\" rel=\"nofollow noopener\" target=\"_blank\">Maxowi Fricke&#8217;owi<\/a>\u00a0i\u00a0<a href=\"https:\/\/sportowefakty.wp.pl\/zuzel\/jan-kvech\" rel=\"nofollow noopener\" target=\"_blank\">Janowi Kvechowi<\/a>. Ca\u0142a ta tr\u00f3jka po drugiej serii by\u0142a niepokonana i opr\u00f3cz dobrej pr\u0119dko\u015bci pod linkami, prezentowa\u0142a takow\u0105 na dystansie. Cho\u0107by Czech zaimponowa\u0142 wytrzymaniem naporu ze strony <a href=\"https:\/\/sportowefakty.wp.pl\/zuzel\/kacper-woryna\" rel=\"nofollow noopener\" target=\"_blank\">Kacpra Woryny<\/a>\u00a0w \u00f3smym wy\u015bcigu dnia.<\/p>\n<p class=\"contentpart contentpart--default contentpart--text\" data-position=\"5\">Dwaj wymienieni przed chwil\u0105 Polacy prezentowali si\u0119 u progu zawod\u00f3w z bardzo dobrej strony, czego nie mo\u017cna by\u0142o powiedzie\u0107 z pocz\u0105tku o pozosta\u0142ych. Walczy\u0142 <a href=\"https:\/\/sportowefakty.wp.pl\/zuzel\/dominik-kubera\" rel=\"nofollow noopener\" target=\"_blank\">Dominik Kubera<\/a>, ale wielu profit\u00f3w z tego nie mia\u0142. Niespodziank\u0105 in minus by\u0142a za to jazda <a href=\"https:\/\/sportowefakty.wp.pl\/zuzel\/bartosz-zmarzlik\" rel=\"nofollow noopener\" target=\"_blank\">Bartosza Zmarzlika<\/a>. Lider klasyfikacji generalnej przegrywa\u0142 wyjazdy ze startu i do tego by\u0142 przera\u017caj\u0105co wolny w trasie. Do\u015b\u0107 mocno nabity wod\u0105 owal, znacznie odbiegaj\u0105cy od tego, jaki zastali uczestnicy pi\u0105tkowego SGP2, ewidentnie nie by\u0142 sprzymierze\u0144cem 31-latka.<\/p>\n<p>  <img decoding=\"async\" src=\"https:\/\/v.wpimg.pl\/X3dwLnN2d1IFFTpdYUl6R0ZNbgcnEHQREVV2TGEGbUtRT2MdOlZ2RBQUKABgQjQcDRotCStBd1IAAWMeIlM7VgwYIAorQAdEFFk_GCkQJQ\" alt=\"\" width=\"45\" height=\"58\" loading=\"lazy\"\/>  <\/p>\n<p class=\"contentpart contentpart--default contentpart--text\" data-position=\"6\">Og\u00f3lnie nie\u0142atwy wiecz\u00f3r zaliczy\u0142 jad\u0105cy z &#8222;dzik\u0105 kart\u0105&#8221; <a href=\"https:\/\/sportowefakty.wp.pl\/zuzel\/piotr-pawlicki-jr\" rel=\"nofollow noopener\" target=\"_blank\">Piotr Pawlicki<\/a>. Powr\u00f3t po 3199 dniach do stawki GP wypad\u0142 dla niego niezbyt zadowalaj\u0105co. Wprawdzie w drugiej cz\u0119\u015bci turnieju jecha\u0142 troch\u0119 lepiej ni\u017c w pierwsze, cho\u0107by raz wygra\u0142, ostatecznie nie zdo\u0142a\u0142 zapa\u0142a\u0107 si\u0119 do fazy p\u00f3\u0142fina\u0142owej. Leszczynianin na pewno obiecywa\u0142 po sobie czego\u015b wi\u0119cej.<\/p>\n<p class=\"contentpart contentpart--default contentpart--text\" data-position=\"7\">W dziesi\u0105tym biegu Zmarzlik przegra\u0142 wyra\u017anie z <a href=\"https:\/\/sportowefakty.wp.pl\/zuzel\/robert-lambert\" rel=\"nofollow noopener\" target=\"_blank\">Robertem Lambertem<\/a>, na kt\u00f3rego nale\u017ca\u0142o uwa\u017ca\u0107 coraz bardziej. Po chwili by\u0142o ju\u017c jasne, \u017ce sze\u015bciokrotny z\u0142oty medalista IM\u015a bezpo\u015brednio po rundzie zasadniczej do fina\u0142u nie wskoczy i w przed\u0142u\u017ceniu serii licz\u0105cej 14(!) kolejnych awans\u00f3w do decyduj\u0105cego wy\u015bcigu b\u0119dzie musia\u0142 mu pom\u00f3c co najwy\u017cej udany p\u00f3\u0142fina\u0142. Po trzeciej serii ca\u0142y czas kompletni byli bowiem Dudek i Fricke. Obaj wci\u0105\u017c imponowali pr\u0119dko\u015bci\u0105.<\/p>\n<p class=\"contentpart contentpart--default contentpart--text\" data-position=\"8\">Z t\u0105 w\u0142a\u015bnie dw\u00f3jk\u0105, a ponadto z trzecim w tym momencie w tabeli Kvechem spotka\u0142 si\u0119 Zmarzlik w czternastej gonitwie. Wydawa\u0142o si\u0119, \u017ce Fricke objedzie wszystkich, ale rozdra\u017cniony obro\u0144ca tytu\u0142u w por\u0119 go zablokowa\u0142 i po chwili zdo\u0142a\u0142 si\u0119 prze\u0142ama\u0107, maj\u0105c na wyci\u0105gni\u0119cie r\u0119ki miejsce w dziesi\u0105tce zasadniczej cz\u0119\u015bci \u0142\u00f3dzkich zmaga\u0144. Australijczyk i Dudek utrzymali miejsce w TOP2, przy czym straty do nich odrobi\u0142 w czwartej serii rozkr\u0119caj\u0105cy si\u0119 <a href=\"https:\/\/sportowefakty.wp.pl\/zuzel\/brady-kurtz\" rel=\"nofollow noopener\" target=\"_blank\">Brady Kurtz<\/a>.<\/p>\n<p>  <img decoding=\"async\" src=\"https:\/\/v.wpimg.pl\/X3dwLnN2d1IFFTpdYUl6R0ZNbgcnEHQREVV2TGEGbUtRT2MdOlZ2RBQUKABgQjQcDRotCStBd1IAAWMeIlM7VgwYIAorQAdEFFk_GCkQJQ\" alt=\"\" width=\"45\" height=\"58\" loading=\"lazy\"\/>  <\/p>\n<p class=\"contentpart contentpart--default contentpart--text\" data-position=\"9\">Z czasem wyra\u017anie skomplikowa\u0142o si\u0119 po\u0142o\u017cenie Kubery i Woryny. <a href=\"https:\/\/sportowefakty.wp.pl\/zuzel\/1265527\/zuzel-fatalny-upadek-dominika-kubery-podczas-grand-prix-polski-w-lodzi?pvclid=01KYZ9C3F92WV8N98FP7G626RG\" rel=\"nofollow noopener\" target=\"blank\">W dziesi\u0105tym biegu dosz\u0142o do gro\u017anego upadku tego pierwszego z winy drugiego, kt\u00f3ry zosta\u0142 wykluczony z powt\u00f3rki.<\/a> Na szcz\u0119\u015bcie najm\u0142odszy z naszych reprezentant\u00f3w unikn\u0105\u0142 powa\u017cnych konsekwencji, ale w kolejnym swoim wyst\u0119pie nie zapunktowa\u0142. Tak samo zreszt\u0105, jak Woryna. Tym samym obaj wypadli pod kresk\u0105 i nie mieli ju\u017c marginesu b\u0142\u0119du.<\/p>\n<p class=\"contentpart contentpart--default contentpart--text\" data-position=\"10\">&#8211; \u017baden \u017cu\u017clowy incydent. Nie by\u0142o miejsca, Kacper wciska\u0142 si\u0119 na si\u0142\u0119 i mnie skasowa\u0142. Ca\u0142e szcz\u0119\u015bcie, \u017ce tylko tak to si\u0119 sko\u0144czy\u0142o i \u017ce jestem ca\u0142y i zdrowy. Za to dzi\u0119kuj\u0119, trudno, takie s\u0105 zawody &#8211; kwitowa\u0142 niebezpieczne zdarzenia Kubera przed kamerami Eurosportu, m\u00f3wi\u0105c, \u017ce uderzy\u0142 nogami w deski za dmuchan\u0105 band\u0105 i \u017ce tak naprawd\u0119 rund\u0119 na 321-metrowym torze mo\u017ce ju\u017c &#8222;wyrzuci\u0107 do kosza&#8221;.<\/p>\n<p class=\"contentpart contentpart--default contentpart--text\" data-position=\"11\">Siedemnasta ods\u0142ona <a href=\"https:\/\/sportowefakty.wp.pl\/zuzel\/gp-polski\" rel=\"nofollow noopener\" target=\"_blank\">GP Polski<\/a>\u00a0w \u0141odzi to z kolei dwa do\u015b\u0107 podobne upadki rybnickiego wychowanka na pierwszym \u0142uku po starcie przy walce z Fricke&#8217;em. Najwa\u017cniejsze, \u017ce bez zak\u0142\u00f3ce\u0144 na niwie zdrowotnej, co dobitnie by\u0142o wida\u0107 w drugiej powt\u00f3rce. W niej Woryna nie odpu\u015bci\u0142 i efektownie wyprzedzi\u0142 pod koniec pierwszego k\u00f3\u0142ka\u00a0<a href=\"https:\/\/sportowefakty.wp.pl\/zuzel\/leon-madsen\" rel=\"nofollow noopener\" target=\"_blank\">Leona Madsena<\/a>. Triumf w tej gonitwie pozwoli\u0142 ostatecznie wskoczy\u0107 naszemu rodakowi do p\u00f3\u0142fina\u0142u.<\/p>\n<p>  <img decoding=\"async\" src=\"https:\/\/v.wpimg.pl\/X3dwLnN2d1IFFTpdYUl6R0ZNbgcnEHQREVV2TGEGbUtRT2MdOlZ2RBQUKABgQjQcDRotCStBd1IAAWMeIlM7VgwYIAorQAdEFFk_GCkQJQ\" alt=\"\" width=\"45\" height=\"58\" loading=\"lazy\"\/>  <\/p>\n<p class=\"contentpart contentpart--default contentpart--text\" data-position=\"12\">To opr\u00f3cz wspomnianego wcze\u015bniej Pawlickiego nie uda\u0142o si\u0119 Kuberze, kt\u00f3rego ko\u0144cowa pozycja nie do ko\u0144ca odda\u0142a to, co pokazywa\u0142 na \u0142\u00f3dzkim terytorium. Zmarzlik \u015bredni\u0105 w swoim wykonaniu faz\u0119 zasadnicz\u0105 ko\u0144czy\u0142 drugim miejscem po szalonym wy\u015bcigu z udzia\u0142em Kurtza, Pawlickiego i <a href=\"https:\/\/sportowefakty.wp.pl\/zuzel\/jason-doyle\" rel=\"nofollow noopener\" target=\"_blank\">Jasona Doyle&#8217;a<\/a>. W nim m\u0142odszy z Australijczyk\u00f3w popisa\u0142 si\u0119 wy\u015bmienit\u0105 akcj\u0105 na premierowym okr\u0105\u017ceniu i wiedzia\u0142, \u017ce &#8222;tr\u00f3jka&#8221; da mu fina\u0142. Wyprzedzi\u0142 on bowiem w tabeli Fricke&#8217;a, kt\u00f3ry zawi\u00f3d\u0142 na ca\u0142ej linii w pi\u0105tej pr\u00f3bie.<\/p>\n<p class=\"contentpart contentpart--default contentpart--text\" data-position=\"13\">Nie zawi\u00f3d\u0142 za to Dudek. On tak\u017ce popisa\u0142 si\u0119 rewelacyjnym manewrem w swoim kluczowym biegu, przesuwaj\u0105c si\u0119 z czwartej na pierwsz\u0105 lokat\u0119 &#8211; a jak\u017ce &#8211; po wewn\u0119trznej. Da\u0142o to indywidualnemu mistrzowi Polski i Europy nie tylko pierwszy fina\u0142 w tegorocznej edycji GP, ale te\u017c pierwsze zwyci\u0119stwo w rundzie zasadniczej od ponad czterech lat. Wraz z Kurtzem mogli wi\u0119c ju\u017c tylko czeka\u0107 na konkurent\u00f3w w gonitwie numer 23.<\/p>\n<p class=\"contentpart contentpart--default contentpart--text\" data-position=\"14\">Zmarzlik i Woryna trafili do tego samego wy\u015bcig tzw. ostatniej szansy. W nim teoretycznie najwy\u017cej sta\u0142y akcje Fricke&#8217;a, kt\u00f3ry jako pierwszy wybiera\u0142 pole startowe, ale zupe\u0142nie zgas\u0142 on w oczach w decyduj\u0105cych fragmentach widowiska na Moto Arenie. Polak\u00f3w ubieg\u0142 jednak nieoczekiwanie <a href=\"https:\/\/sportowefakty.wp.pl\/zuzel\/michael-jepsen-jensen\" rel=\"nofollow noopener\" target=\"_blank\">Michael Jepsen Jensen<\/a>, kt\u00f3ry wcze\u015bniej niczym szczeg\u00f3lnym si\u0119 nie wyr\u00f3\u017cnia\u0142 i po dwudziestu biegach by\u0142 dopiero dziewi\u0105ty. Tymczasem rozegra\u0142 p\u00f3\u0142fina\u0142 tak, jak zaplanowa\u0142 i wskoczy\u0142 do czw\u00f3rki. Podobnie jak Lambert, kt\u00f3ry odebra\u0142 prowadzenie Kvechowi na pocz\u0105tku drugiego okr\u0105\u017cenia w drugim biegu tego\u017c etapu sobotniego turnieju.<\/p>\n<p>  <img decoding=\"async\" src=\"https:\/\/v.wpimg.pl\/X3dwLnN2d1IFFTpdYUl6R0ZNbgcnEHQREVV2TGEGbUtRT2MdOlZ2RBQUKABgQjQcDRotCStBd1IAAWMeIlM7VgwYIAorQAdEFFk_GCkQJQ\" alt=\"\" width=\"45\" height=\"58\" loading=\"lazy\"\/>  <\/p>\n<p class=\"contentpart contentpart--default contentpart--text\" data-position=\"15\">Brak Zmarzlika w finale, co po raz ostatni w elitarnym cyklu mia\u0142o miejsce w maju 2025 roku w Warszawie, by\u0142 pewnym novum, ale i zarazem by\u0142a to wielka szansa Kurtza na to, by min\u0105\u0107 go w klasyfikacji ca\u0142ych mistrzostw (sprawd\u017a j\u0105 <a href=\"https:\/\/sportowefakty.wp.pl\/zuzel\/1265427\/zuzel-kurtz-przed-zmarzlikiem-dogania-ich-lambert-oto-klasyfikacja-generalna-gra\" rel=\"nofollow noopener\" target=\"blank\">TUTAJ<\/a>). Potrzebowa\u0142 uko\u0144czy\u0107 wy\u015bcig przynajmniej na trzecim miejscu i tak te\u017c si\u0119 sta\u0142o. Za to do\u015b\u0107 szybko wszystkim rywalom Lambert i dopi\u0105\u0142 swego. Dopi\u0105\u0142 swego, poniewa\u017c blisko zwyci\u0119stwa by\u0142 ju\u017c we Wroc\u0142awiu i Malilli. Tam jednak wiktori\u0119 odbierali mu kolejno: Zmarzlik i <a href=\"https:\/\/sportowefakty.wp.pl\/zuzel\/anders-thomsen\" rel=\"nofollow noopener\" target=\"_blank\">Anders Thomsen<\/a>.<\/p>\n<p class=\"contentpart contentpart--default contentpart--text\" data-position=\"16\">Brytyjczyk potwierdzi\u0142 bardzo wysok\u0105 dyspozycj\u0119 z ostatnich tygodni (przed tygodniem by\u0142 najlepszy w GP Challenge w Terenzano) i niezagro\u017cony wpad\u0142 na lini\u0119 mety fina\u0142u jako pierwszy, zapewniaj\u0105c sobie drugie w karierze turniejowe zwyci\u0119stwo w cyklu GP po tym wcze\u015bniejszym w 2024 w Vojens. Dudek na dystansie odpar\u0142 ataki Kurtza i tak\u017ce zadowolony mo\u017ce opuszcza\u0107 \u0141\u00f3d\u017a, kt\u00f3rej debiut na \u015bwiatowych salonach wypad\u0142 doprawdy spektakularnie.<\/p>\n<p class=\"contentpart contentpart--default contentpart--text\" data-position=\"17\">Wyniki GP Polski:<\/p>\n<p class=\"contentpart contentpart--default contentpart--text\" data-position=\"18\">1. Robert Lambert\u00a0(Wielka Brytania) &#8211; 13+3 (1,2,3,2,2,3) &#8211; 20 pkt GP<br \/>2. Patryk Dudek\u00a0(Polska) &#8211; 15 (3,3,3,1,3,2) &#8211; 18<br \/>3. Brady Kurtz\u00a0(Australia) &#8211; 13 (1,2,3,3,3,1) &#8211; 16<br \/>4. Michael Jepsen Jensen\u00a0(Dania) &#8211; 7+3 (0,3,2,1,1,0) &#8211; 14<br \/>5. Jan Kvech\u00a0(Czechy) &#8211; 10+2 (3,3,1,0,3) &#8211; 12<br \/>6. Bartosz Zmarzlik\u00a0(Polska) &#8211; 8+2 (1,0,2,3,2) &#8211; 11<br \/>7. Leon Madsen\u00a0(Dania) &#8211; 8+1 (2,0,2,2,2) &#8211; 10<br \/>8. Kacper Woryna\u00a0(Polska) &#8211; 7+1 (2,2,w,0,3) &#8211; 9<br \/>9. Max Fricke\u00a0(Australia) &#8211; 11+0 (3,3,3,2,0) &#8211; 8<br \/>10. Jason Doyle\u00a0(Australia) &#8211; 7+0 (2,1,1,3,0) &#8211; 7<br \/>11. Piotr Pawlicki\u00a0(Polska) &#8211; 6 (0,1,1,3,1) &#8211; 6<br \/>12. Andrzej Lebiediew\u00a0(\u0141otwa) &#8211; 6 (2,2,0,1,1) &#8211; 5<br \/>13. Anders Thomsen\u00a0(Dania) &#8211; 5 (3,0,2,0,0) &#8211; 4<br \/>14. Dominik Kubera\u00a0(Polska) &#8211; 5 (1,1,1,0,2) &#8211; 3<br \/>15. Kai Huckenbeck\u00a0(Niemcy) &#8211; 3 (0,1,0,1,1) &#8211; 2<br \/>16. Nazar Parnicki (Ukraina) &#8211; 2 (0,0,0,2,0) &#8211; 1<br \/>17. Marcin Nowak\u00a0(Polska) &#8211; ns<br \/>18. Szymon Szlauderbach\u00a0(Polska) &#8211; ns<\/p>\n<p class=\"contentpart contentpart--default contentpart--text\" data-position=\"19\">Bieg po biegu:<br \/>1. (61,94) Thomsen, Madsen, Zmarzlik, Parnicki<br \/>2. (61,17) Fricke, Lebiediew, Lambert, Pawlicki<br \/>3. (61,07) Kvech, Doyle, Kubera, Jepsen Jensen<br \/>4. (61,05) Dudek, Woryna, Kurtz, Huckenbeck<br \/>5. (61,37) Dudek, Lambert, Doyle, Madsen<br \/>6. (61,09) Jepsen Jensen, Lebiediew, Huckenbeck, Zmarzlik<br \/>7. (61,28) Kvech, Woryna, Pawlicki, Thomsen<br \/>8. (61,05) Fricke, Kurtz, Kubera, Parnicki<br \/>9. (62,19) Kurtz, Madsen, Kvech, Lebiediew<br \/>10. (60,89) Lambert, Zmarzlik, Kubera, Woryna (w\/su)<br \/>11. (61,26) Fricke, Thomsen, Doyle, Huckenbeck<br \/>12. (61,03) Dudek, Jepsen Jensen, Pawlicki, Parnicki<br \/>13. (62,14) Pawlicki, Madsen, Huckenbeck, Kubera<br \/>14. (61,92) Zmarzlik, Fricke, Dudek, Kvech<br \/>15.\u00a0(61,15) Kurtz, Lambert, Jepsen Jensen, Thomsen<br \/>16.\u00a0(61,55) Doyle, Parnicki, Lebiediew, Woryna<br \/>17.\u00a0(61,10) Woryna, Madsen, Jepsen Jensen, Fricke<br \/>18. (60,87) Kurtz, Zmarzlik, Pawlicki, Doyle<br \/>19. (61,29) Dudek, Kubera, Lebiediew, Thomsen<br \/>20. (60,85) Kvech, Lambert, Huckenbeck, Parnicki<\/p>\n<p class=\"contentpart contentpart--default contentpart--text\" data-position=\"20\">P\u00f3\u0142fina\u0142y:<br \/>21.\u00a0(60,90) Jepsen Jensen, Zmarzlik, Woryna, Fricke<br \/>22.\u00a0(60,51) Lambert, Kvech, Madsen, Doyle<\/p>\n<p class=\"contentpart contentpart--default contentpart--text\" data-position=\"21\">Fina\u0142:<br \/>23. (61,38)\u00a0Lambert, Dudek, Kurtz, Jepsen Jensen<\/p>\n<p class=\"contentpart contentpart--default contentpart--text\" data-position=\"22\">S\u0119dzia: Aleksander Latosi\u0144ski (Ukraina)<br \/>Frekwencja: 10 350 widz\u00f3w (komplet)<br \/>NCD:\u00a060,51 sek. &#8211; uzyska\u0142 Robert Lambert w biegu 22.<\/p>\n","protected":false},"excerpt":{"rendered":"Historyczny by\u0142 to dzie\u0144 dla sportowej \u0141odzi. W sobot\u0119 odby\u0142a si\u0119 w tym mie\u015bcie pierwsza runda \u017cu\u017clowego\u00a0Grand Prix.&hellip;\n","protected":false},"author":2,"featured_media":594969,"comment_status":"","ping_status":"","sticky":false,"template":"","format":"standard","meta":{"footnotes":"","_share_on_mastodon":"0"},"categories":[51608],"tags":[780,2163,3416,98339,3418,10063,10444,2666,3652,3497,31296,2518,980,42,38,40,39,41,748,174],"class_list":["post-594968","post","type-post","status-publish","format-standard","has-post-thumbnail","category-lodz","tag-bartosz-zmarzlik","tag-brady-kurtz","tag-dominik-kubera","tag-gp-polski","tag-jan-kvech","tag-jason-doyle","tag-kacper-woryna","tag-leon-madsen","tag-lodz","tag-max-fricke","tag-moto-arena-lodz","tag-patryk-dudek","tag-piotr-pawlicki","tag-pl","tag-poland","tag-polish","tag-polska","tag-polski","tag-sgp-ims","tag-zuzel"],"share_on_mastodon":{"url":"","error":""},"_links":{"self":[{"href":"https:\/\/www.europesays.com\/pl\/wp-json\/wp\/v2\/posts\/594968","targetHints":{"allow":["GET"]}}],"collection":[{"href":"https:\/\/www.europesays.com\/pl\/wp-json\/wp\/v2\/posts"}],"about":[{"href":"https:\/\/www.europesays.com\/pl\/wp-json\/wp\/v2\/types\/post"}],"author":[{"embeddable":true,"href":"https:\/\/www.europesays.com\/pl\/wp-json\/wp\/v2\/users\/2"}],"replies":[{"embeddable":true,"href":"https:\/\/www.europesays.com\/pl\/wp-json\/wp\/v2\/comments?post=594968"}],"version-history":[{"count":0,"href":"https:\/\/www.europesays.com\/pl\/wp-json\/wp\/v2\/posts\/594968\/revisions"}],"wp:featuredmedia":[{"embeddable":true,"href":"https:\/\/www.europesays.com\/pl\/wp-json\/wp\/v2\/media\/594969"}],"wp:attachment":[{"href":"https:\/\/www.europesays.com\/pl\/wp-json\/wp\/v2\/media?parent=594968"}],"wp:term":[{"taxonomy":"category","embeddable":true,"href":"https:\/\/www.europesays.com\/pl\/wp-json\/wp\/v2\/categories?post=594968"},{"taxonomy":"post_tag","embeddable":true,"href":"https:\/\/www.europesays.com\/pl\/wp-json\/wp\/v2\/tags?post=594968"}],"curies":[{"name":"wp","href":"https:\/\/api.w.org\/{rel}","templated":true}]}}