{"id":594980,"date":"2026-08-01T20:27:11","date_gmt":"2026-08-01T20:27:11","guid":{"rendered":"https:\/\/www.europesays.com\/pl\/594980\/"},"modified":"2026-08-01T20:27:11","modified_gmt":"2026-08-01T20:27:11","slug":"kleska-jana-blachowicza-w-oktagonie-w-belgradzie-jeden-cios-zmienil-wszystko","status":"publish","type":"post","link":"https:\/\/www.europesays.com\/pl\/594980\/","title":{"rendered":"Kl\u0119ska Jana B\u0142achowicza w oktagonie w Belgradzie! Jeden cios zmieni\u0142 wszystko"},"content":{"rendered":"<p>Pocz\u0105tkowo rywalem Jana B\u0142achowicza (29-12-2) wcale nie mia\u0142 by\u0107 niepokonany Navajo Stirling (11-0), lecz Bogdan Guskow. Uzbek ostatecznie zdecydowa\u0142 si\u0119 wzi\u0105\u0107 udzia\u0142 w gali, kt\u00f3ra odby\u0142a si\u0119 pod koniec lipca w Zjednoczonych Emiratach Arabskich. Walk\u0119 z Polakiem przyj\u0105\u0142 za to Nowozelandczyk.<\/p>\n<p>Dalszy ci\u0105g artyku\u0142u pod materia\u0142em wideo<\/p>\n<p>&#8222;Wydaje mi si\u0119, \u017ce to trudniejszy rywal pod wzgl\u0119dem uniwersalno\u015bci. Potrafi walczy\u0107 w wielu p\u0142aszczyznach i mo\u017ce by\u0107 silniejszy od Guskowa. Przede wszystkim jest du\u017co m\u0142odszy, wi\u0119c szybko\u015b\u0107 i dynamika b\u0119d\u0105 po jego stronie. Po mojej \u2014 mental i do\u015bwiadczenie&#8221; \u2014 stwierdzi\u0142 B\u0142achowicz w rozmowie z Polsatem Sport.<\/p>\n<p><a href=\"https:\/\/przegladsportowy.onet.pl\/\" title=\"Strona g\u0142\u00f3wna serwisu\" aria-label=\"Strona g\u0142\u00f3wna serwisu\" data-astro-prefetch=\"tap\" class=\"ods-a-logo-main-desktop\" rel=\"nofollow noopener\" target=\"_blank\"><img src=\"https:\/\/cdn.przegladsportowy.onet.pl\/img\/Logo_desktop_Onet.svg\" class=\"ods-a-logo-main-desktop__image\" alt=\"Logo\" width=\"107\" height=\"60\" fetchpriority=\"high\" decoding=\"sync\" style=\"height:60px\"\/><\/a><\/p>\n<p class=\"ods-m-google-article__text\">Czytaj nas cz\u0119\u015bciej w Google<\/p>\n<p><a href=\"https:\/\/google.com\/preferences\/source?q=przegladsportowy.onet.pl\" target=\"_blank\" rel=\"noopener noreferrer nofollow\" aria-label=\"Dodaj w Google\" title=\"Dodaj w Google\" class=\"ods-a-button ods-a-button__primary ods-a-button__default ods-a-button-l\">Dodaj w Google<\/a>Jan B\u0142achowicz ca\u0142y zala\u0142 si\u0119 krwi\u0105. Rywal nie da\u0142 mu szans<\/p>\n<p>Na samym pocz\u0105tku walki B\u0142achowicz mia\u0142 szans\u0119 na sprowadzenie rywala do parteru, jednak nie zdo\u0142a\u0142 jej wykorzysta\u0107. P\u00f3\u017aniej uda\u0142o mu si\u0119 trafi\u0107 Stirlinga, lecz by\u0142 to jeden z jego nielicznych przeb\u0142ysk\u00f3w.<\/p>\n<p>Na 2,5 min do ko\u0144ca pierwszej rundy Nowozelandczyk trafi\u0142 w szcz\u0119k\u0119 Polaka, posy\u0142aj\u0105c go na mat\u0119. Nast\u0119pnie ruszy\u0142 do niego i zasypa\u0142 go gradem cios\u00f3w. B\u0142achowicz zala\u0142 si\u0119 krwi\u0105 i nie by\u0142 w stanie w \u017caden spos\u00f3b odpowiedzie\u0107 na ofensyw\u0119 rywala. Na dwie minuty i cztery sekundy do ko\u0144ca s\u0119dzia przerwa\u0142 walk\u0119, a Stirling m\u00f3g\u0142 si\u0119 cieszy\u0107 ze zwyci\u0119stwa po technicznym nokaucie.<\/p>\n<p>Dla Stirlinga to by\u0142a 11. wygrana i \u2014 nale\u017cy to po raz kolejny podkre\u015bli\u0107 \u2014 wci\u0105\u017c nie pozna\u0142 on smaku pora\u017cki. W wywiadzie, kt\u00f3rego udzieli\u0142 po walce, przyzna\u0142, \u017ce jest on ogromnym fanem B\u0142achowicza.<\/p>\n<p>We wcze\u015bniejszych walkach z udzia\u0142em reprezentant\u00f3w Polski podczas tej gali Mateusz R\u0119becki wygra\u0142 w wadze lekkiej poprzez techniczny nokaut z Kylem Prepolecem, a Marcin Tybura przegra\u0142 na punkty w wadze ci\u0119\u017ckiej z Aleksandarem Rakiciem.<\/p>\n","protected":false},"excerpt":{"rendered":"Pocz\u0105tkowo rywalem Jana B\u0142achowicza (29-12-2) wcale nie mia\u0142 by\u0107 niepokonany Navajo Stirling (11-0), lecz Bogdan Guskow. Uzbek ostatecznie&hellip;\n","protected":false},"author":2,"featured_media":594981,"comment_status":"","ping_status":"","sticky":false,"template":"","format":"standard","meta":{"footnotes":"","_share_on_mastodon":"0"},"categories":[24],"tags":[61195,28961,1255,48,46,42,38,40,39,41,47,127,126,4848],"class_list":["post-594980","post","type-post","status-publish","format-standard","has-post-thumbnail","category-sport","tag-bottomfeed_styl","tag-jan_blachowicz","tag-mma","tag-nat_styl","tag-omp","tag-pl","tag-poland","tag-polish","tag-polska","tag-polski","tag-screening_general","tag-sport","tag-sports","tag-ufc"],"share_on_mastodon":{"url":"https:\/\/pubeurope.com\/@pl\/117022140621595036","error":""},"_links":{"self":[{"href":"https:\/\/www.europesays.com\/pl\/wp-json\/wp\/v2\/posts\/594980","targetHints":{"allow":["GET"]}}],"collection":[{"href":"https:\/\/www.europesays.com\/pl\/wp-json\/wp\/v2\/posts"}],"about":[{"href":"https:\/\/www.europesays.com\/pl\/wp-json\/wp\/v2\/types\/post"}],"author":[{"embeddable":true,"href":"https:\/\/www.europesays.com\/pl\/wp-json\/wp\/v2\/users\/2"}],"replies":[{"embeddable":true,"href":"https:\/\/www.europesays.com\/pl\/wp-json\/wp\/v2\/comments?post=594980"}],"version-history":[{"count":0,"href":"https:\/\/www.europesays.com\/pl\/wp-json\/wp\/v2\/posts\/594980\/revisions"}],"wp:featuredmedia":[{"embeddable":true,"href":"https:\/\/www.europesays.com\/pl\/wp-json\/wp\/v2\/media\/594981"}],"wp:attachment":[{"href":"https:\/\/www.europesays.com\/pl\/wp-json\/wp\/v2\/media?parent=594980"}],"wp:term":[{"taxonomy":"category","embeddable":true,"href":"https:\/\/www.europesays.com\/pl\/wp-json\/wp\/v2\/categories?post=594980"},{"taxonomy":"post_tag","embeddable":true,"href":"https:\/\/www.europesays.com\/pl\/wp-json\/wp\/v2\/tags?post=594980"}],"curies":[{"name":"wp","href":"https:\/\/api.w.org\/{rel}","templated":true}]}}