{"id":595146,"date":"2026-08-01T22:35:16","date_gmt":"2026-08-01T22:35:16","guid":{"rendered":"https:\/\/www.europesays.com\/pl\/595146\/"},"modified":"2026-08-01T22:35:16","modified_gmt":"2026-08-01T22:35:16","slug":"pamietamy-82-rocznica-wybuchu-powstania-warszawskiego","status":"publish","type":"post","link":"https:\/\/www.europesays.com\/pl\/595146\/","title":{"rendered":"Pami\u0119tamy! 82. rocznica wybuchu Powstania Warszawskiego"},"content":{"rendered":"<p>&#13;<\/p>\n<p>&#13;<br \/>\n    01.08.2026&#13;<br \/>\n    Pami\u0119tamy! 82. rocznica wybuchu Powstania Warszawskiego&#13;<br \/>\n    Powsta\u0144cy Warszawscy bili si\u0119 o to, by Polska by\u0142a niepodleg\u0142a w obliczu dw\u00f3ch system\u00f3w totalitarnych, tak bardzo do siebie podobnych i maj\u0105cych ten sam cel zniszczenia Rzeczypospolitej Polskiej \u2013 podkre\u015bla\u0142 Prezydent Karol Nawrocki.&#13;\n  <\/p>\n<p>&#13;<\/p>\n<p>W przypadaj\u0105c\u0105 dzi\u015b 82. rocznic\u0119 wybuchu Powstania Warszawskiego Prezydent RP oddaje ho\u0142d uczestnikom bohaterskiego zrywu oraz cywilnym Ofiarom niemieckich zbrodni dokonanych w walcz\u0105cej przez 63 dni stolicy.<\/p>\n<p>Upami\u0119tnienie Ofiar Rzezi Woli<\/p>\n<p>W po\u0142udnie Prezydent z\u0142o\u017cy\u0142 kwiaty przed pami\u0105tkow\u0105 tablic\u0105 w Parku im. Edwarda Szyma\u0144skiego, u zbiegu ulic Wolskiej i Elekcyjnej. W tym miejscu w dniach 5 i 8 sierpnia 1944 roku w masowych egzekucjach ludno\u015bci cywilnej hitlerowcy rozstrzelali oko\u0142o 4000 cywil\u00f3w, mieszka\u0144c\u00f3w dzielnicy.\u00a0<\/p>\n<p>\u2013 Powstanie Warszawskie by\u0142o bitw\u0105 o Polsk\u0119. By\u0142o bitw\u0105 o Polsk\u0119 i o oswobodzenie si\u0119 Rzeczypospolitej Polskiej z hekatomby niemieckiej okupacji, ze z\u0142a, kt\u00f3re toczy\u0142o Rzeczpospolit\u0105 od 1939 roku \u2013 wskazywa\u0142 Karol Nawrocki.\u00a0<\/p>\n<p>\u2013 Powstanie Warszawskie by\u0142o bitw\u0105 o Polsk\u0119 tak\u017ce w obliczu zachowania niepodleg\u0142o\u015bci, w obliczu nadchodz\u0105cej Armii Czerwonej i kolejnego z\u0142a, kt\u00f3re od 1939 roku, najpierw w sensie sojuszniczym, a p\u00f3\u017aniej wci\u0105\u017c w sensie mentalnym by\u0142o takie samo jak z\u0142o niemieckie \u2013 doda\u0142.<\/p>\n<p>Prezydent zauwa\u017cy\u0142, \u017ce Powstanie Warszawskie to nie tylko walka, to tak\u017ce cierpienie \u2013 cierpienie niezas\u0142u\u017cone, cierpienie tych kt\u00f3rzy, nie byli gotowi do tego, aby bi\u0107 si\u0119 w szeregach Armii Krajowej i innych organizacji niepodleg\u0142o\u015bciowych, cho\u0107 zawsze z wielk\u0105 \u017cyczliwo\u015bci\u0105 i solidarno\u015bci\u0105 podchodzili do walcz\u0105cych partyzant\u00f3w.<\/p>\n<p>Powstanie Warszawskie to walka i cierpienie. Cierpienie niewinnych ofiar, mordowanych kobiet, dzieci, starc\u00f3w, tych, kt\u00f3rzy mieli po prostu pragnienie prze\u017cycia strasznej niemieckiej okupacji i Powstania Warszawskiego \u2013 podkre\u015bli\u0142.<\/p>\n<p>Prezydent zaznaczy\u0142, \u017ce Wola jest tego najtragiczniejszym symbolem i przyk\u0142adem. Zwr\u00f3ci\u0142 uwag\u0119, \u017ce ka\u017cda klatka, ka\u017cda brama, ka\u017cdy chodnik warszawskiej Woli s\u0105 skropione krwi\u0105 cywil\u00f3w, kt\u00f3rych mordowali Niemcy z brutalno\u015bci\u0105, ze zwierz\u0119ceniem.<\/p>\n<p>Dlatego dzisiaj tutaj jestem jako Prezydent Polski, aby powiedzie\u0107, \u017ce Polska pami\u0119ta o cywilnych ofiarach Powstania Warszawskiego, o ponad 50 tys. zamordowanych cywil\u00f3w i mieszka\u0144cach Woli \u2013 akcentowa\u0142.<\/p>\n<p>Prezydent zwr\u00f3ci\u0142 uwag\u0119 na brak odpowiedzialno\u015bci za rze\u017a Woli. Jak wskaza\u0142, \u017caden z dow\u00f3dc\u00f3w, \u017caden z tych barbarzy\u0144c\u00f3w, kt\u00f3rzy mordowali i wydawali polecenia, nie poni\u00f3s\u0142 odpowiedzialno\u015bci po 1945 r., a cz\u0119\u015b\u0107 z nich robi\u0142a nawet karier\u0119 samorz\u0105dow\u0105 w Niemczech po 1945 r.<\/p>\n<p>To apel do ca\u0142ego \u015bwiata z Warszawy, z Woli, gdzie Niemcy zamordowali ponad 50 tys. Polak\u00f3w, w tym kobiety i dzieci: \u015awiat nie b\u0119dzie lepszy, \u015bwiat nie b\u0119dzie dobry, je\u015bli dyktator\u00f3w, morderc\u00f3w i zwyrodnialc\u00f3w nie b\u0119dzie rozlicza\u0142 z tego, co zrobili \u2013 przekonywa\u0142 Karol Nawrocki.<\/p>\n<p>W uroczysto\u015bci wzi\u0119li udzia\u0142 harcerze i Warszawiacy.<\/p>\n<p>G\u0142\u00f3wne uroczysto\u015bci odb\u0119d\u0105 si\u0119 o godz. 17 (godzina \u201eW\u201d) przy Pomniku Gloria Victis na Cmentarzu Wojskowym na Pow\u0105zkach.\u00a0<\/p>\n<p>Prezydent RP z\u0142o\u017cy te\u017c wieniec na grobie gen. Antoniego Chru\u015bciela \u201eMontera\u201d, dow\u00f3dcy Okr\u0119gu Warszawskiego AK.<\/p>\n<p>W czwartek Prezydent spotka\u0142 si\u0119 z Powsta\u0144cami Warszawskimi i uhonorowa\u0142 odznaczeniami uczestnik\u00f3w tamtych wydarze\u0144 oraz osoby piel\u0119gnuj\u0105ce pami\u0119\u0107 o Powstaniu. W pi\u0105tek wzi\u0105\u0142 udzia\u0142 we Mszy \u015awi\u0119tej polowej i uroczystym Apelu Pami\u0119ci przy Pomniku Powstania Warszawskiego na Placu Krasi\u0144skich.<\/p>\n<p>Uroczysto\u015bci 82. rocznicy Powstania Warszawskiego zosta\u0142y obj\u0119te Patronatem Honorowym Prezydenta RP Karola Nawrockiego.<\/p>\n<p style=\"text-align:center\">* * *<\/p>\n<p>Powstanie Warszawskie wybuch\u0142o 1 sierpnia 1944 o godzinie 17. Przez 63 dni \u017co\u0142nierze Armii Krajowej oraz mieszka\u0144cy Warszawy prowadzili nier\u00f3wn\u0105 walk\u0119 z przewa\u017caj\u0105cymi si\u0142ami niemieckimi. W wyniku walk i masowych zbrodni na ludno\u015bci cywilnej zgin\u0119\u0142o oko\u0142o 180 tysi\u0119cy mieszka\u0144c\u00f3w miasta oraz tysi\u0105ce powsta\u0144c\u00f3w. Pozosta\u0142ych przy \u017cyciu mieszka\u0144c\u00f3w Warszawy Niemcy wyp\u0119dzili z miasta i rozpocz\u0119li systematyczne niszczenie miasta.<\/p>\n<p>            \t&#13;<br \/>\n&#13;<br \/>\n        \t  \t  &#13;<br \/>\n  &#13;<br \/>\n  &#13;<\/p>\n","protected":false},"excerpt":{"rendered":"&#13; &#13; 01.08.2026&#13; Pami\u0119tamy! 82. rocznica wybuchu Powstania Warszawskiego&#13; Powsta\u0144cy Warszawscy bili si\u0119 o to, by Polska by\u0142a&hellip;\n","protected":false},"author":2,"featured_media":595147,"comment_status":"","ping_status":"","sticky":false,"template":"","format":"standard","meta":{"footnotes":"","_share_on_mastodon":"0"},"categories":[62712],"tags":[787,70440,21323,690,45810,43377,70441],"class_list":["post-595146","post","type-post","status-publish","format-standard","has-post-thumbnail","category-karol-nawrocki","tag-bbn","tag-bezpieczenstwo-polski","tag-biuro-bezpieczenstwa-narodowego","tag-karol-nawrocki","tag-prezydent-rp","tag-rada-bezpieczenstwa-narodowego","tag-stanislaw-koziej"],"share_on_mastodon":{"url":"https:\/\/pubeurope.com\/@pl\/117022642775113797","error":""},"_links":{"self":[{"href":"https:\/\/www.europesays.com\/pl\/wp-json\/wp\/v2\/posts\/595146","targetHints":{"allow":["GET"]}}],"collection":[{"href":"https:\/\/www.europesays.com\/pl\/wp-json\/wp\/v2\/posts"}],"about":[{"href":"https:\/\/www.europesays.com\/pl\/wp-json\/wp\/v2\/types\/post"}],"author":[{"embeddable":true,"href":"https:\/\/www.europesays.com\/pl\/wp-json\/wp\/v2\/users\/2"}],"replies":[{"embeddable":true,"href":"https:\/\/www.europesays.com\/pl\/wp-json\/wp\/v2\/comments?post=595146"}],"version-history":[{"count":0,"href":"https:\/\/www.europesays.com\/pl\/wp-json\/wp\/v2\/posts\/595146\/revisions"}],"wp:featuredmedia":[{"embeddable":true,"href":"https:\/\/www.europesays.com\/pl\/wp-json\/wp\/v2\/media\/595147"}],"wp:attachment":[{"href":"https:\/\/www.europesays.com\/pl\/wp-json\/wp\/v2\/media?parent=595146"}],"wp:term":[{"taxonomy":"category","embeddable":true,"href":"https:\/\/www.europesays.com\/pl\/wp-json\/wp\/v2\/categories?post=595146"},{"taxonomy":"post_tag","embeddable":true,"href":"https:\/\/www.europesays.com\/pl\/wp-json\/wp\/v2\/tags?post=595146"}],"curies":[{"name":"wp","href":"https:\/\/api.w.org\/{rel}","templated":true}]}}