{"id":595170,"date":"2026-08-01T22:55:08","date_gmt":"2026-08-01T22:55:08","guid":{"rendered":"https:\/\/www.europesays.com\/pl\/595170\/"},"modified":"2026-08-01T22:55:08","modified_gmt":"2026-08-01T22:55:08","slug":"bartosz-zmarzlik-w-jeden-wieczor-mogl-zawalic-caly-sezon-opinia","status":"publish","type":"post","link":"https:\/\/www.europesays.com\/pl\/595170\/","title":{"rendered":"Bartosz Zmarzlik w jeden wiecz\u00f3r m\u00f3g\u0142 zawali\u0107 ca\u0142y sezon [OPINIA]"},"content":{"rendered":"\n<p class=\"contentpart contentpart--default contentpart--text\" data-position=\"0\">Po raz pierwszy w historii cykl <a href=\"https:\/\/sportowefakty.wp.pl\/zuzel\/sgpims\" rel=\"nofollow noopener\" target=\"_blank\">Speedway Grand Prix<\/a>\u00a0zawita\u0142 do \u0141odzi na pi\u0119kn\u0105 Moto Aren\u0119, kt\u00f3ra &#8211; pomimo drogich bilet\u00f3w &#8211; wype\u0142ni\u0142a si\u0119 w komplecie. Kibice zobaczyli kawa\u0142 dobrego \u015bcigania. Organizatorzy stan\u0119li na wysoko\u015bci zadania, przygotowuj\u0105c bardzo dobr\u0105 imprez\u0119, pomimo niekorzystnej aury. Fani  mieli mn\u00f3stwo atrakcji w miasteczku kibica, a ich &#8211; w przeciwie\u0144stwie do wielu tegorocznych rund &#8211; mogli zaopatrzy\u0107 si\u0119 w ciekawe turniejowe gad\u017cety. Debiut nowej areny w cyklu wypad\u0142 okazale.<\/p>\n<p>  <img decoding=\"async\" src=\"https:\/\/v.wpimg.pl\/X3dwLnN2d1IFFTpdYUl6R0ZNbgcnEHQREVV2TGEGbUtRT2MdOlZ2RBQUKABgQjQcDRotCStBd1IAAWMeIlM7VgwYIAorQAdEFFk_GCkQJQ\" alt=\"\" width=\"45\" height=\"58\" loading=\"lazy\"\/>  <\/p>\n<p class=\"contentpart contentpart--default contentpart--text\" data-position=\"1\">Mi\u0142o nie b\u0119dzie tego Grand Prix wspomina\u0142 <a href=\"https:\/\/sportowefakty.wp.pl\/zuzel\/bartosz-zmarzlik\" rel=\"nofollow noopener\" target=\"_blank\">Bartosz Zmarzlik<\/a>. Polski mistrz \u015bwiata by\u0142 strasznie wolny. M\u0119czy\u0142 si\u0119 niemi\u0142osiernie. Kiedy po trzech seriach mia\u0142 zaledwie trzy punkty, wydawa\u0142o si\u0119, \u017ce mo\u017ce na polskiej ziemi zaprzepa\u015bci\u0107 szanse na obron\u0119 tytu\u0142u.<\/p>\n<p class=\"contentpart contentpart--default contentpart--text\" data-position=\"2\">ZOBACZ WIDEO: &#8222;Ja si\u0119 nie poddam&#8221;. Jasny przekaz Patricka Hansena<\/p>\n<p class=\"contentpart contentpart--default contentpart--text\" data-position=\"4\">Nie pr\u0119dko\u015bci\u0105 swoich motocykli, a si\u0142\u0105 woli i ogromnymi umiej\u0119tno\u015bciami, wygra\u0142 wy\u015bcig 14. z tuzami tego turnieju Frickiem, Dudkiem i Kvechem. Zmarzlik broni\u0142 si\u0119 r\u0119kami i nogami przed atakami Australijczyka. Wida\u0107 by\u0142o, \u017ce stara si\u0119, jak mo\u017ce, by wykrzesa\u0107 pr\u0119dko\u015b\u0107 ze swoich silnik\u00f3w. To jednak nie by\u0142o to, co zazwyczaj, gdy odwa\u017cnymi atakami przy kraw\u0119\u017cniku lub nap\u0119dzaniem si\u0119 po zewn\u0119trznej, mija\u0142 rywali niczym slalomowe tyczki. Nie z t\u0105 pr\u0119dko\u015bci\u0105, nie z tymi motocyklami, kt\u00f3rymi Polak \u017conglowa\u0142 w trakcie zawod\u00f3w.<\/p>\n<p class=\"contentpart contentpart--default contentpart--text\" data-position=\"5\">Obroni\u0142 si\u0119 nietuzinkowymi umiej\u0119tno\u015bciami, awansowa\u0142 do wy\u015bcig\u00f3w ostatniej szansy, ale do fina\u0142u ostatecznie te\u017c nie wszed\u0142. Z czwartego miejsca przedar\u0142 si\u0119 na drugie, ale na Michaela Jepsena Jensena zabrak\u0142o. W \u0141odzi Zmarzlik przerwa\u0142 niesamowit\u0105 seri\u0119 14 z rz\u0119du fina\u0142\u00f3w, w kt\u00f3rych \u015bciga\u0142 si\u0119 w SGP.<\/p>\n<p>  <img decoding=\"async\" src=\"https:\/\/v.wpimg.pl\/X3dwLnN2d1IFFTpdYUl6R0ZNbgcnEHQREVV2TGEGbUtRT2MdOlZ2RBQUKABgQjQcDRotCStBd1IAAWMeIlM7VgwYIAorQAdEFFk_GCkQJQ\" alt=\"\" width=\"45\" height=\"58\" loading=\"lazy\"\/>  <\/p>\n<p class=\"contentpart contentpart--default contentpart--text\" data-position=\"6\">Polak i tak mo\u017ce m\u00f3wi\u0107 o szcz\u0119\u015bciu w nieszcz\u0119\u015bciu, bo jego najgro\u017aniejszy rywal, Brady Kurtz, nie wygra\u0142 fina\u0142owego biegu i dopisa\u0142 do klasyfikacji 16 punkt\u00f3w &#8211; pi\u0119\u0107 wi\u0119cej od Zmarzlika. Dwaj wielcy rywale w walce o z\u0142oto zr\u00f3wnali si\u0119 punktami na trzy rundy przed ko\u0144cem sezonu. Ma\u0142o tego, ur\u00f3s\u0142 im niespodziewanie przeciwnik do rywalizacji o tytu\u0142. <a href=\"https:\/\/sportowefakty.wp.pl\/zuzel\/robert-lambert\" rel=\"nofollow noopener\" target=\"_blank\">Robert Lambert<\/a>\u00a0by\u0142 bardzo szybki i dzi\u0119ki zwyci\u0119stwu w \u0141odzi, traci ju\u017c do dw\u00f3jki lider\u00f3w tylko 8 punkt\u00f3w.<\/p>\n<p class=\"contentpart contentpart--default contentpart--text\" data-position=\"7\">Czy b\u0119dziemy zatem \u015bwiadkami sytuacji, \u017ce tam, gdzie dw\u00f3ch si\u0119 bije, trzeci skorzysta? Kto wie? Z drugiej strony bardziej realna jest powt\u00f3rka, \u017ce losy mistrzowskiego tytu\u0142u w 2026 roku b\u0119d\u0105 toczy\u0107 si\u0119 do ostatniego wy\u015bcigu rundy SGP w Toruniu.<\/p>\n<p class=\"contentpart contentpart--default contentpart--text\" data-position=\"8\">Fan\u00f3w Zmarzlika mo\u017ce martwi\u0107 to, \u017ce Polakowi zdarzaj\u0105 si\u0119 wpadki, jak w 2. finale IMP w Bydgoszczy i teraz w SGP w \u0141odzi. Ta ostatnia nie boli jeszcze tak mocno, bo wiecz\u00f3r na Moto Arenie m\u00f3g\u0142 sko\u0144czy\u0107 si\u0119 znacznie smutniej. Na pocieszenie polskim fanom pozosta\u0142o drugie miejsce wy\u015bmienitego tego dnia Patryka Dudka, za co mistrzowi Europy nale\u017c\u0105 si\u0119 du\u017ce brawa.<\/p>\n<p>  <img decoding=\"async\" src=\"https:\/\/v.wpimg.pl\/X3dwLnN2d1IFFTpdYUl6R0ZNbgcnEHQREVV2TGEGbUtRT2MdOlZ2RBQUKABgQjQcDRotCStBd1IAAWMeIlM7VgwYIAorQAdEFFk_GCkQJQ\" alt=\"\" width=\"45\" height=\"58\" loading=\"lazy\"\/>  <\/p>\n<p class=\"contentpart contentpart--default contentpart--text\" data-position=\"9\">Maciej Kmiecik, dziennikarz WP SportoweFakty<\/p>\n","protected":false},"excerpt":{"rendered":"Po raz pierwszy w historii cykl Speedway Grand Prix\u00a0zawita\u0142 do \u0141odzi na pi\u0119kn\u0105 Moto Aren\u0119, kt\u00f3ra &#8211; pomimo&hellip;\n","protected":false},"author":2,"featured_media":595171,"comment_status":"","ping_status":"","sticky":false,"template":"","format":"standard","meta":{"footnotes":"","_share_on_mastodon":"0"},"categories":[24],"tags":[780,42,38,40,39,41,748,127,126,174],"class_list":["post-595170","post","type-post","status-publish","format-standard","has-post-thumbnail","category-sport","tag-bartosz-zmarzlik","tag-pl","tag-poland","tag-polish","tag-polska","tag-polski","tag-sgp-ims","tag-sport","tag-sports","tag-zuzel"],"share_on_mastodon":{"url":"https:\/\/pubeurope.com\/@pl\/117022722007599331","error":""},"_links":{"self":[{"href":"https:\/\/www.europesays.com\/pl\/wp-json\/wp\/v2\/posts\/595170","targetHints":{"allow":["GET"]}}],"collection":[{"href":"https:\/\/www.europesays.com\/pl\/wp-json\/wp\/v2\/posts"}],"about":[{"href":"https:\/\/www.europesays.com\/pl\/wp-json\/wp\/v2\/types\/post"}],"author":[{"embeddable":true,"href":"https:\/\/www.europesays.com\/pl\/wp-json\/wp\/v2\/users\/2"}],"replies":[{"embeddable":true,"href":"https:\/\/www.europesays.com\/pl\/wp-json\/wp\/v2\/comments?post=595170"}],"version-history":[{"count":0,"href":"https:\/\/www.europesays.com\/pl\/wp-json\/wp\/v2\/posts\/595170\/revisions"}],"wp:featuredmedia":[{"embeddable":true,"href":"https:\/\/www.europesays.com\/pl\/wp-json\/wp\/v2\/media\/595171"}],"wp:attachment":[{"href":"https:\/\/www.europesays.com\/pl\/wp-json\/wp\/v2\/media?parent=595170"}],"wp:term":[{"taxonomy":"category","embeddable":true,"href":"https:\/\/www.europesays.com\/pl\/wp-json\/wp\/v2\/categories?post=595170"},{"taxonomy":"post_tag","embeddable":true,"href":"https:\/\/www.europesays.com\/pl\/wp-json\/wp\/v2\/tags?post=595170"}],"curies":[{"name":"wp","href":"https:\/\/api.w.org\/{rel}","templated":true}]}}