{"id":595194,"date":"2026-08-01T23:17:20","date_gmt":"2026-08-01T23:17:20","guid":{"rendered":"https:\/\/www.europesays.com\/pl\/595194\/"},"modified":"2026-08-01T23:17:20","modified_gmt":"2026-08-01T23:17:20","slug":"zuzel-fatalny-upadek-dominika-kubery-podczas-grand-prix-polski-w-lodzi","status":"publish","type":"post","link":"https:\/\/www.europesays.com\/pl\/595194\/","title":{"rendered":"\u017bu\u017cel. Fatalny upadek Dominika Kubery podczas Grand Prix Polski w \u0141odzi!"},"content":{"rendered":"\n<p class=\"contentpart contentpart--default contentpart--text\" data-position=\"0\"><a href=\"https:\/\/sportowefakty.wp.pl\/zuzel\/dominik-kubera\" rel=\"nofollow noopener\" target=\"_blank\">Dominik Kubera<\/a>\u00a0i <a href=\"https:\/\/sportowefakty.wp.pl\/zuzel\/kacper-woryna\" rel=\"nofollow noopener\" target=\"_blank\">Kacper Woryna<\/a>\u00a0rywalizowali ze sob\u0105 w dziesi\u0105tym wy\u015bcigu. Po wyj\u015bciu z pierwszego wira\u017cu, zbli\u017caj\u0105c si\u0119 do drugiego \u0142uku, podczas manewru Rybniczanina dosz\u0142o mi\u0119dzy nimi do kontaktu. W efekcie zawodnik <a href=\"https:\/\/sportowefakty.wp.pl\/zuzel\/novyhotel-falubaz-zielona-gora\" rel=\"nofollow noopener\" target=\"_blank\">Stelmet Falubazu Zielona G\u00f3ra<\/a>\u00a0straci\u0142 kontrol\u0119 nad maszyn\u0105.<\/p>\n<p class=\"contentpart contentpart--default contentpart--text\" data-position=\"1\">Sytuacja wygl\u0105da\u0142a bardzo gro\u017anie. Kubera pr\u00f3bowa\u0142 jeszcze zeskoczy\u0107 z motocykla, jednak nie uda\u0142o mu si\u0119 to ca\u0142kowicie. Sam zawodnik uderzy\u0142 w band\u0119, a jego motocykl zatrzyma\u0142 si\u0119 obok.<\/p>\n<p>  <img decoding=\"async\" src=\"https:\/\/v.wpimg.pl\/X3dwLnN2d1IFFTpdYUl6R0ZNbgcnEHQREVV2TGEGbUtRT2MdOlZ2RBQUKABgQjQcDRotCStBd1IAAWMeIlM7VgwYIAorQAdEFFk_GCkQJQ\" alt=\"\" width=\"45\" height=\"58\" loading=\"lazy\"\/>       <\/p>\n<p class=\"contentpart contentpart--default contentpart--text\" data-position=\"3\">Szczeg\u00f3lnie niebezpiecznie zrobi\u0142o si\u0119 w momencie, gdy Kubera wpad\u0142 pod dmuchane ogrodzenie. Na szcz\u0119\u015bcie po kr\u00f3tkiej chwili \u017cu\u017clowiec podni\u00f3s\u0142 si\u0119 z toru. Co wa\u017cne, by\u0142 w stanie samodzielnie zej\u015b\u0107 do parku maszyn.<\/p>\n<p class=\"contentpart contentpart--default contentpart--text\" data-position=\"4\">W powt\u00f3rce biegu zabrak\u0142o Kacpra Woryny. Zawodnik zosta\u0142 wykluczony przez s\u0119dziego za spowodowanie przerwania rywalizacji.<\/p>\n<p class=\"contentpart contentpart--default contentpart--text\" data-position=\"5\">W powt\u00f3rzonym starciu najlepiej spod ta\u015bmy ruszy\u0142 Robert Lambert, kt\u00f3ry od pocz\u0105tku obj\u0105\u0142 prowadzenie. Za plecami Brytyjczyka oraz Bartosza Zmarzlika do mety dojecha\u0142 Dominik Kubera.<\/p>\n<p>Nasza relacja:<\/p>\n<p> <a href=\"https:\/\/sportowefakty.wp.pl\/zuzel\/relacja-na-zywo\/176169\/grand-prix-polski-w-lodzi-live\" class=\"box\" rel=\"nofollow noopener\" target=\"_blank\">  <\/p>\n<p>01.08.2026 19:00<\/p>\n<p>SGP\/IM\u015a<\/p>\n<p>Grand Prix Polski w \u0141odzi<\/p>\n<p>   <\/a>   <img decoding=\"async\" src=\"https:\/\/v.wpimg.pl\/X3dwLnN2d1IFFTpdYUl6R0ZNbgcnEHQREVV2TGEGbUtRT2MdOlZ2RBQUKABgQjQcDRotCStBd1IAAWMeIlM7VgwYIAorQAdEFFk_GCkQJQ\" alt=\"\" width=\"45\" height=\"58\" loading=\"lazy\"\/>  <\/p>\n<p class=\"contentpart contentpart--default contentpart--text\" data-position=\"8\">ZOBACZ WIDEO: Magazyn PGE Ekstraligi. Go\u015bcie: Hansen, Lindgren i Bloedorn<\/p>\n","protected":false},"excerpt":{"rendered":"Dominik Kubera\u00a0i Kacper Woryna\u00a0rywalizowali ze sob\u0105 w dziesi\u0105tym wy\u015bcigu. Po wyj\u015bciu z pierwszego wira\u017cu, zbli\u017caj\u0105c si\u0119 do drugiego&hellip;\n","protected":false},"author":2,"featured_media":595195,"comment_status":"","ping_status":"","sticky":false,"template":"","format":"standard","meta":{"footnotes":"","_share_on_mastodon":"0"},"categories":[51608],"tags":[3416,10444,3652,31296,42,38,40,39,41,748,4938,174],"class_list":["post-595194","post","type-post","status-publish","format-standard","has-post-thumbnail","category-lodz","tag-dominik-kubera","tag-kacper-woryna","tag-lodz","tag-moto-arena-lodz","tag-pl","tag-poland","tag-polish","tag-polska","tag-polski","tag-sgp-ims","tag-stelmet-falubaz-zielona-gora","tag-zuzel"],"share_on_mastodon":{"url":"https:\/\/pubeurope.com\/@pl\/117022808270805170","error":""},"_links":{"self":[{"href":"https:\/\/www.europesays.com\/pl\/wp-json\/wp\/v2\/posts\/595194","targetHints":{"allow":["GET"]}}],"collection":[{"href":"https:\/\/www.europesays.com\/pl\/wp-json\/wp\/v2\/posts"}],"about":[{"href":"https:\/\/www.europesays.com\/pl\/wp-json\/wp\/v2\/types\/post"}],"author":[{"embeddable":true,"href":"https:\/\/www.europesays.com\/pl\/wp-json\/wp\/v2\/users\/2"}],"replies":[{"embeddable":true,"href":"https:\/\/www.europesays.com\/pl\/wp-json\/wp\/v2\/comments?post=595194"}],"version-history":[{"count":0,"href":"https:\/\/www.europesays.com\/pl\/wp-json\/wp\/v2\/posts\/595194\/revisions"}],"wp:featuredmedia":[{"embeddable":true,"href":"https:\/\/www.europesays.com\/pl\/wp-json\/wp\/v2\/media\/595195"}],"wp:attachment":[{"href":"https:\/\/www.europesays.com\/pl\/wp-json\/wp\/v2\/media?parent=595194"}],"wp:term":[{"taxonomy":"category","embeddable":true,"href":"https:\/\/www.europesays.com\/pl\/wp-json\/wp\/v2\/categories?post=595194"},{"taxonomy":"post_tag","embeddable":true,"href":"https:\/\/www.europesays.com\/pl\/wp-json\/wp\/v2\/tags?post=595194"}],"curies":[{"name":"wp","href":"https:\/\/api.w.org\/{rel}","templated":true}]}}