{"id":595218,"date":"2026-08-01T23:31:09","date_gmt":"2026-08-01T23:31:09","guid":{"rendered":"https:\/\/www.europesays.com\/pl\/595218\/"},"modified":"2026-08-01T23:31:09","modified_gmt":"2026-08-01T23:31:09","slug":"zuzel-kurtz-dopadl-zmarzlika-a-dogania-ich-lambert-oto-klasyfikacja-generalna-grand-prix","status":"publish","type":"post","link":"https:\/\/www.europesays.com\/pl\/595218\/","title":{"rendered":"\u017bu\u017cel. Kurtz dopad\u0142 Zmarzlika, a dogania ich Lambert! Oto klasyfikacja generalna Grand Prix!"},"content":{"rendered":"\n<p class=\"contentpart contentpart--default contentpart--text\" data-position=\"0\">Najwi\u0119cej m\u00f3wi si\u0119 o <a href=\"https:\/\/sportowefakty.wp.pl\/zuzel\/brady-kurtz\" rel=\"nofollow noopener\" target=\"_blank\">Bradym Kurtzie<\/a>\u00a0i <a href=\"https:\/\/sportowefakty.wp.pl\/zuzel\/bartosz-zmarzlik\" rel=\"nofollow noopener\" target=\"_blank\">Bartoszu Zmarzliku<\/a>, a tymczasem coraz wi\u0119cej wskazuje na to, \u017ce pogodzi\u0107 ich planuje\u00a0<a href=\"https:\/\/sportowefakty.wp.pl\/zuzel\/robert-lambert\" rel=\"nofollow noopener\" target=\"_blank\">Robert Lambert<\/a>. Reprezentant Wielkiej Brytanii potwierdzi\u0142 w sobot\u0119 wyborn\u0105 dyspozycj\u0119, w jakiej si\u0119 znajduje od pewnego czasu i to on odni\u00f3s\u0142 triumf w <a href=\"https:\/\/sportowefakty.wp.pl\/zuzel\/gp-polski\" rel=\"nofollow noopener\" target=\"_blank\">Grand Prix Polski<\/a>\u00a0na torze w \u0141odzi. Lambert odrobi\u0142 cztery punkty do Kurtza i a\u017c dziewi\u0119\u0107 do Zmarzlika.<\/p>\n<p class=\"contentpart contentpart--default contentpart--text\" data-position=\"1\">Australijczyk zr\u00f3wna\u0142 si\u0119 dorobkiem z Polakiem i w my\u015bl nowych zasad promotor\u00f3w \u017cu\u017clowego <a href=\"https:\/\/sportowefakty.wp.pl\/zuzel\/sgpims\" rel=\"nofollow noopener\" target=\"_blank\">Grand Prix<\/a>\u00a0to on przej\u0105\u0142 na Moto Arenie z\u0142oty plastron lidera klasyfikacji generalnej cyklu. Zasada ta m\u00f3wi, \u017ce w trakcie sezonu przy r\u00f3wnej liczbie punkt\u00f3w wy\u017cej plasuje si\u0119 ten zawodnik, kt\u00f3ry na wy\u017cszym miejscu uko\u0144czy\u0142 ostatni\u0105 rund\u0119. A w \u0141odzi to Kurtz by\u0142 wy\u017cej od Zmarzlika.<\/p>\n<p>  <img decoding=\"async\" src=\"https:\/\/v.wpimg.pl\/X3dwLnN2d1IFFTpdYUl6R0ZNbgcnEHQREVV2TGEGbUtRT2MdOlZ2RBQUKABgQjQcDRotCStBd1IAAWMeIlM7VgwYIAorQAdEFFk_GCkQJQ\" alt=\"\" width=\"45\" height=\"58\" loading=\"lazy\"\/>  <\/p>\n<p class=\"contentpart contentpart--default contentpart--text\" data-position=\"2\">ZOBACZ WIDEO: Polonia unikn\u0119\u0142a problemu, kt\u00f3ry pogr\u0105\u017ca\u0142 innych. Wo\u017aniak wyja\u015bnia<\/p>\n<p class=\"contentpart contentpart--default contentpart--text\" data-position=\"4\">Drug\u0105 pozycj\u0119 na 321-metrowym owalu zaj\u0105\u0142 <a href=\"https:\/\/sportowefakty.wp.pl\/zuzel\/patryk-dudek\" rel=\"nofollow noopener\" target=\"_blank\">Patryk Dudek<\/a>, co prze\u0142o\u017cy\u0142o si\u0119 na popraw\u0119 po\u0142o\u017cenia w tabeli tegorocznych Indywidualnych Mistrzostw \u015awiata. Drugi z Polak\u00f3w przesun\u0105\u0142 si\u0119 w niej z dziewi\u0105tego na pi\u0105te miejsce. Na si\u00f3dme spad\u0142 <a href=\"https:\/\/sportowefakty.wp.pl\/zuzel\/kacper-woryna\" rel=\"nofollow noopener\" target=\"_blank\">Kacper Woryna<\/a>. Zajmuje on wi\u0119c aktualnie ostatnie bezpieczne, przy czym trzeba pami\u0119ta\u0107, \u017ce akurat on jest pewny swojego uczestnictwa w przysz\u0142orocznej edycji dzi\u0119ki sukcesowi w niedawnym GP Challenge.<\/p>\n<p class=\"contentpart contentpart--default contentpart--text\" data-position=\"5\">Na czternastej lokacie pozostaje <a href=\"https:\/\/sportowefakty.wp.pl\/zuzel\/dominik-kubera\" rel=\"nofollow noopener\" target=\"_blank\">Dominik Kubera<\/a>, kt\u00f3ry na tej samej uko\u0144czy\u0142 zawody w \u0141odzi. Najm\u0142odszemu z czw\u00f3rki polskich sta\u0142ych uczestnik\u00f3w edycji 2026 ci\u0119\u017cko b\u0119dzie poprawi\u0107 swoj\u0105 i tak arcytrudn\u0105 sytuacj\u0119. Wszystko wskazuje na to, \u017ce po tym sezonie po\u017cegna si\u0119 on na przynajmniej rok z elitarnym cyklem.<\/p>\n<p class=\"contentpart contentpart--default contentpart--text\" data-position=\"6\">Nast\u0119pna runda ju\u017c za tydzie\u0144 (8 sierpnia). B\u0119dzie to GP \u0141otwy w Rydze. Z &#8222;dzik\u0105 kart\u0105&#8221; wyst\u0105pi w nim <a href=\"https:\/\/sportowefakty.wp.pl\/zuzel\/danil-kolodinski\" rel=\"nofollow noopener\" target=\"_blank\">Danii\u0142 Ko\u0142odinski<\/a>, a rezerw\u0119 toru stanowi\u0107 b\u0119d\u0105 <a href=\"https:\/\/sportowefakty.wp.pl\/zuzel\/oleg-mihailow\" rel=\"nofollow noopener\" target=\"_blank\">Oleg Michai\u0142ow<\/a>\u00a0i <a href=\"https:\/\/sportowefakty.wp.pl\/zuzel\/jewgienij-kostygow\" rel=\"nofollow noopener\" target=\"_blank\">Jewgienij Kostygow<\/a>.<\/p>\n<p>  <img decoding=\"async\" src=\"https:\/\/v.wpimg.pl\/X3dwLnN2d1IFFTpdYUl6R0ZNbgcnEHQREVV2TGEGbUtRT2MdOlZ2RBQUKABgQjQcDRotCStBd1IAAWMeIlM7VgwYIAorQAdEFFk_GCkQJQ\" alt=\"\" width=\"45\" height=\"58\" loading=\"lazy\"\/>  <\/p>\n<p class=\"contentpart contentpart--default contentpart--text\" data-position=\"7\">Klasyfikacja generalna Grand Prix 2026:<\/p>\n","protected":false},"excerpt":{"rendered":"Najwi\u0119cej m\u00f3wi si\u0119 o Bradym Kurtzie\u00a0i Bartoszu Zmarzliku, a tymczasem coraz wi\u0119cej wskazuje na to, \u017ce pogodzi\u0107 ich&hellip;\n","protected":false},"author":2,"featured_media":595219,"comment_status":"","ping_status":"","sticky":false,"template":"","format":"standard","meta":{"footnotes":"","_share_on_mastodon":"0"},"categories":[5],"tags":[780,2163,32,33,111395,3416,36,37,98339,27,33690,10444,34,35,28,31,25,59444,2518,42,38,40,39,41,3413,748,29,30,26,174],"class_list":["post-595218","post","type-post","status-publish","format-standard","has-post-thumbnail","category-naglowki","tag-bartosz-zmarzlik","tag-brady-kurtz","tag-breaking-news","tag-breakingnews","tag-daniil-kolodinski","tag-dominik-kubera","tag-featured-news","tag-featurednews","tag-gp-polski","tag-headlines","tag-jewgienij-kostygow","tag-kacper-woryna","tag-latest-news","tag-latestnews","tag-naglowki","tag-najwazniejsze-artykuly","tag-news","tag-oleg-michailow","tag-patryk-dudek","tag-pl","tag-poland","tag-polish","tag-polska","tag-polski","tag-robert-lambert","tag-sgp-ims","tag-top-stories","tag-topstories","tag-wiadomosci","tag-zuzel"],"share_on_mastodon":{"url":"https:\/\/pubeurope.com\/@pl\/117022863490872649","error":""},"_links":{"self":[{"href":"https:\/\/www.europesays.com\/pl\/wp-json\/wp\/v2\/posts\/595218","targetHints":{"allow":["GET"]}}],"collection":[{"href":"https:\/\/www.europesays.com\/pl\/wp-json\/wp\/v2\/posts"}],"about":[{"href":"https:\/\/www.europesays.com\/pl\/wp-json\/wp\/v2\/types\/post"}],"author":[{"embeddable":true,"href":"https:\/\/www.europesays.com\/pl\/wp-json\/wp\/v2\/users\/2"}],"replies":[{"embeddable":true,"href":"https:\/\/www.europesays.com\/pl\/wp-json\/wp\/v2\/comments?post=595218"}],"version-history":[{"count":0,"href":"https:\/\/www.europesays.com\/pl\/wp-json\/wp\/v2\/posts\/595218\/revisions"}],"wp:featuredmedia":[{"embeddable":true,"href":"https:\/\/www.europesays.com\/pl\/wp-json\/wp\/v2\/media\/595219"}],"wp:attachment":[{"href":"https:\/\/www.europesays.com\/pl\/wp-json\/wp\/v2\/media?parent=595218"}],"wp:term":[{"taxonomy":"category","embeddable":true,"href":"https:\/\/www.europesays.com\/pl\/wp-json\/wp\/v2\/categories?post=595218"},{"taxonomy":"post_tag","embeddable":true,"href":"https:\/\/www.europesays.com\/pl\/wp-json\/wp\/v2\/tags?post=595218"}],"curies":[{"name":"wp","href":"https:\/\/api.w.org\/{rel}","templated":true}]}}