{"id":595243,"date":"2026-08-01T23:58:14","date_gmt":"2026-08-01T23:58:14","guid":{"rendered":"https:\/\/www.europesays.com\/pl\/595243\/"},"modified":"2026-08-01T23:58:14","modified_gmt":"2026-08-01T23:58:14","slug":"rafal-brzozowski-wzial-slub-na-zawsze","status":"publish","type":"post","link":"https:\/\/www.europesays.com\/pl\/595243\/","title":{"rendered":"Rafa\u0142 Brzozowski wzi\u0105\u0142 \u015blub. &#8222;Na zawsze&#8221;"},"content":{"rendered":"<p>Przez d\u0142ugi czas zakochani skutecznie unikali medialnego zgie\u0142ku, teraz powiedzieli sobie &#8222;tak&#8221;. W ko\u015bciele \u015bw. Aposto\u0142\u00f3w Piotra i Paw\u0142a w Nowym Dworze Mazowieckim piosenkarz i jego wybranka z\u0142o\u017cyli sobie przysi\u0119g\u0119 ma\u0142\u017ce\u0144sk\u0105, otoczeni gronem najbli\u017cszych i znanych go\u015bci.<\/p>\n<p>Jak podaje serwis Pomponik, wn\u0119trze \u015bwi\u0105tyni wype\u0142ni\u0142y bogate dekoracje kwiatowe, kt\u00f3re podkre\u015bli\u0142y romantyczny charakter tego wyj\u0105tkowego dnia. Do o\u0142tarza m\u0142od\u0105 par\u0119 prowadzi\u0142 elegancki, bia\u0142y dywan.<\/p>\n<p><a href=\"https:\/\/www.onet.pl\/\" title=\"Strona G\u0142\u00f3wna\" aria-label=\"Strona G\u0142\u00f3wna\" data-astro-prefetch=\"tap\" class=\"ods-a-logo-main-desktop\" rel=\"nofollow noopener\" target=\"_blank\"><img src=\"https:\/\/cdn.kobieta.onet.pl\/img\/Logo_desktop_Onet.svg\" class=\"ods-a-logo-main-desktop__image\" alt=\"Logo\" width=\"107\" height=\"60\" fetchpriority=\"high\" decoding=\"sync\" style=\"height:60px\"\/><\/a><\/p>\n<p class=\"ods-m-google-article__text\">Czytaj nas cz\u0119\u015bciej w Google<\/p>\n<p><a href=\"https:\/\/google.com\/preferences\/source?q=kobieta.onet.pl\" target=\"_blank\" rel=\"noopener noreferrer nofollow\" aria-label=\"Dodaj w Google\" title=\"Dodaj w Google\" class=\"ods-a-button ods-a-button__primary ods-a-button__default ods-a-button-l\">Dodaj w Google<\/a><\/p>\n<p>Helena zachwyci\u0142a obecnych stylizacj\u0105: d\u0142uga suknia w stylu ksi\u0119\u017cniczki z mistern\u0105 koronkow\u0105 g\u00f3r\u0105 i spektakularnym, d\u0142ugim welonem przyci\u0105ga\u0142y spojrzenia. Rafa\u0142 Brzozowski postawi\u0142 na klasyk\u0119 z nowoczesnym akcentem \u2014 bia\u0142a marynarka w po\u0142\u0105czeniu z czarnymi spodniami stworzy\u0142y szykowny kontrast.<\/p>\n<p>Na \u015blubie pojawili si\u0119 m.in. Tomasz Iwan, Tomasz Kammel, Marcin Mroczek oraz Krzysztof Gojd\u017a, kt\u00f3ry przyprowadzi\u0142 swojego psa. W ko\u015bciele pojawi\u0142a si\u0119 tak\u017ce Ma\u0142gorzata Tomaszewska w towarzystwie partnera.<\/p>\n<p>O Helenie wiadomo, \u017ce \u2014 podobnie jak \u015bwie\u017co upieczony m\u0105\u017c \u2014 spe\u0142nia si\u0119 jako wokalistka.<\/p>\n","protected":false},"excerpt":{"rendered":"Przez d\u0142ugi czas zakochani skutecznie unikali medialnego zgie\u0142ku, teraz powiedzieli sobie &#8222;tak&#8221;. W ko\u015bciele \u015bw. Aposto\u0142\u00f3w Piotra i&hellip;\n","protected":false},"author":2,"featured_media":595244,"comment_status":"","ping_status":"","sticky":false,"template":"","format":"standard","meta":{"footnotes":"","_share_on_mastodon":"0"},"categories":[22],"tags":[61195,1942,122,1252,48,46,42,38,40,39,41,123,47,556],"class_list":["post-595243","post","type-post","status-publish","format-standard","has-post-thumbnail","category-rozrywka","tag-bottomfeed_styl","tag-celebryci","tag-entertainment","tag-muzyka","tag-nat_styl","tag-omp","tag-pl","tag-poland","tag-polish","tag-polska","tag-polski","tag-rozrywka","tag-screening_general","tag-slub"],"share_on_mastodon":{"url":"https:\/\/pubeurope.com\/@pl\/117022970414755002","error":""},"_links":{"self":[{"href":"https:\/\/www.europesays.com\/pl\/wp-json\/wp\/v2\/posts\/595243","targetHints":{"allow":["GET"]}}],"collection":[{"href":"https:\/\/www.europesays.com\/pl\/wp-json\/wp\/v2\/posts"}],"about":[{"href":"https:\/\/www.europesays.com\/pl\/wp-json\/wp\/v2\/types\/post"}],"author":[{"embeddable":true,"href":"https:\/\/www.europesays.com\/pl\/wp-json\/wp\/v2\/users\/2"}],"replies":[{"embeddable":true,"href":"https:\/\/www.europesays.com\/pl\/wp-json\/wp\/v2\/comments?post=595243"}],"version-history":[{"count":0,"href":"https:\/\/www.europesays.com\/pl\/wp-json\/wp\/v2\/posts\/595243\/revisions"}],"wp:featuredmedia":[{"embeddable":true,"href":"https:\/\/www.europesays.com\/pl\/wp-json\/wp\/v2\/media\/595244"}],"wp:attachment":[{"href":"https:\/\/www.europesays.com\/pl\/wp-json\/wp\/v2\/media?parent=595243"}],"wp:term":[{"taxonomy":"category","embeddable":true,"href":"https:\/\/www.europesays.com\/pl\/wp-json\/wp\/v2\/categories?post=595243"},{"taxonomy":"post_tag","embeddable":true,"href":"https:\/\/www.europesays.com\/pl\/wp-json\/wp\/v2\/tags?post=595243"}],"curies":[{"name":"wp","href":"https:\/\/api.w.org\/{rel}","templated":true}]}}