{"id":595257,"date":"2026-08-02T00:09:13","date_gmt":"2026-08-02T00:09:13","guid":{"rendered":"https:\/\/www.europesays.com\/pl\/595257\/"},"modified":"2026-08-02T00:09:13","modified_gmt":"2026-08-02T00:09:13","slug":"oficjalnie-jeremy-sochan-ma-nowy-klub-na-to-czekali-polscy-kibice","status":"publish","type":"post","link":"https:\/\/www.europesays.com\/pl\/595257\/","title":{"rendered":"Oficjalnie! Jeremy Sochan ma nowy klub. Na to czekali polscy kibice"},"content":{"rendered":"<p>Przypomnijmy, \u017ce jeszcze jesieni\u0105 23-latek by\u0142 zawodnikiem San Antonio Spurs, ale z miesi\u0105ca na miesi\u0105c jego znaczenie w dru\u017cynie mala\u0142o. Ostatecznie w lutym rozsta\u0142 si\u0119 z zespo\u0142em i niemal natychmiast podpisa\u0142 kontrakt z New York Knicks. <\/p>\n<p>Dalszy ci\u0105g artyku\u0142u pod materia\u0142em wideo<\/p>\n<p>Niestety, w nowym otoczeniu r\u00f3wnie\u017c nie uda\u0142o mu si\u0119 wywalczy\u0107 znacz\u0105cej roli. W sezonie zasadniczym pojawia\u0142 si\u0119 na boisku epizodycznie, a w play-offach by\u0142 ju\u017c g\u0142\u00f3wnie rezerwowym wykorzystywanym wy\u0142\u0105cznie w ko\u0144c\u00f3wkach rozstrzygni\u0119tych spotka\u0144.<\/p>\n<p><a href=\"https:\/\/przegladsportowy.onet.pl\/\" title=\"Strona g\u0142\u00f3wna serwisu\" aria-label=\"Strona g\u0142\u00f3wna serwisu\" data-astro-prefetch=\"tap\" class=\"ods-a-logo-main-desktop\" rel=\"nofollow noopener\" target=\"_blank\"><img src=\"https:\/\/cdn.przegladsportowy.onet.pl\/img\/Logo_desktop_Onet.svg\" class=\"ods-a-logo-main-desktop__image\" alt=\"Logo\" width=\"107\" height=\"60\" fetchpriority=\"high\" decoding=\"sync\" style=\"height:60px\"\/><\/a><\/p>\n<p class=\"ods-m-google-article__text\">Czytaj nas cz\u0119\u015bciej w Google<\/p>\n<p><a href=\"https:\/\/google.com\/preferences\/source?q=przegladsportowy.onet.pl\" target=\"_blank\" rel=\"noopener noreferrer nofollow\" aria-label=\"Dodaj w Google\" title=\"Dodaj w Google\" class=\"ods-a-button ods-a-button__primary ods-a-button__default ods-a-button-l\">Dodaj w Google<\/a>Nareszcie! Jeremy Sochan ma nowy klub<\/p>\n<p>Mimo to&#8230; m\u00f3g\u0142 \u015bwi\u0119towa\u0107 najwi\u0119kszy sukces w karierze. Knicks pokonali bowiem w finale San Antonio Spurs 4:1 i zdobyli pierwsze mistrzostwo NBA od 1973 r. Polak, mimo niewielkiego udzia\u0142u w sukcesie, zapisa\u0142 si\u0119 dzi\u0119ki temu w historii jako pierwszy koszykarz z naszego kraju, kt\u00f3ry si\u0119gn\u0105\u0142 po mistrzowski pier\u015bcie\u0144 najlepszej koszykarskiej ligi \u015bwiata.<\/p>\n<p>Ju\u017c wtedy by\u0142o jednak wiadomo, \u017ce szansa na to, aby pozosta\u0142 w klubie jest bardzo ma\u0142a. Ostatecznie skrzyd\u0142owy faktycznie zmieni\u0142 otoczenie i b\u0119dzie kontynuowa\u0142 karier\u0119 w Portland Trail Blazers. Jak przekaza\u0142 Charania Sochan zwi\u0105za\u0142 si\u0119 z nowym zespo\u0142em roczn\u0105 umow\u0105. <\/p>\n<p>Przypomnijmy, \u017ce b\u0119dzie to pi\u0105ty sezon naszego zawodnika na parkietach NBA. Dotychczas notowa\u0142 \u015brednio 9,9 pkt, 5,4 zbi\u00f3rki i 2,5 asysty.<\/p>\n","protected":false},"excerpt":{"rendered":"Przypomnijmy, \u017ce jeszcze jesieni\u0105 23-latek by\u0142 zawodnikiem San Antonio Spurs, ale z miesi\u0105ca na miesi\u0105c jego znaczenie w&hellip;\n","protected":false},"author":2,"featured_media":595258,"comment_status":"","ping_status":"","sticky":false,"template":"","format":"standard","meta":{"footnotes":"","_share_on_mastodon":"0"},"categories":[52122],"tags":[61195,3106,15710,2449,48,6779,46,6010,752,42,38,40,39,41,117544,47,130],"class_list":["post-595257","post","type-post","status-publish","format-standard","has-post-thumbnail","category-pko-bank-polski","tag-bottomfeed_styl","tag-dzis_pisza_dla_was","tag-jeremy_sochan","tag-koszykowka","tag-nat_styl","tag-nba","tag-omp","tag-pko-bank-polski","tag-pko-bp","tag-pl","tag-poland","tag-polish","tag-polska","tag-polski","tag-portland_trail_blazers","tag-screening_general","tag-wiadomosci_sportowe"],"share_on_mastodon":{"url":"https:\/\/pubeurope.com\/@pl\/117023013611525080","error":""},"_links":{"self":[{"href":"https:\/\/www.europesays.com\/pl\/wp-json\/wp\/v2\/posts\/595257","targetHints":{"allow":["GET"]}}],"collection":[{"href":"https:\/\/www.europesays.com\/pl\/wp-json\/wp\/v2\/posts"}],"about":[{"href":"https:\/\/www.europesays.com\/pl\/wp-json\/wp\/v2\/types\/post"}],"author":[{"embeddable":true,"href":"https:\/\/www.europesays.com\/pl\/wp-json\/wp\/v2\/users\/2"}],"replies":[{"embeddable":true,"href":"https:\/\/www.europesays.com\/pl\/wp-json\/wp\/v2\/comments?post=595257"}],"version-history":[{"count":0,"href":"https:\/\/www.europesays.com\/pl\/wp-json\/wp\/v2\/posts\/595257\/revisions"}],"wp:featuredmedia":[{"embeddable":true,"href":"https:\/\/www.europesays.com\/pl\/wp-json\/wp\/v2\/media\/595258"}],"wp:attachment":[{"href":"https:\/\/www.europesays.com\/pl\/wp-json\/wp\/v2\/media?parent=595257"}],"wp:term":[{"taxonomy":"category","embeddable":true,"href":"https:\/\/www.europesays.com\/pl\/wp-json\/wp\/v2\/categories?post=595257"},{"taxonomy":"post_tag","embeddable":true,"href":"https:\/\/www.europesays.com\/pl\/wp-json\/wp\/v2\/tags?post=595257"}],"curies":[{"name":"wp","href":"https:\/\/api.w.org\/{rel}","templated":true}]}}