{"id":595279,"date":"2026-08-02T00:26:10","date_gmt":"2026-08-02T00:26:10","guid":{"rendered":"https:\/\/www.europesays.com\/pl\/595279\/"},"modified":"2026-08-02T00:26:10","modified_gmt":"2026-08-02T00:26:10","slug":"koniec-czekania-jeremy-sochan-ma-nowy-klub","status":"publish","type":"post","link":"https:\/\/www.europesays.com\/pl\/595279\/","title":{"rendered":"Koniec czekania. Jeremy Sochan ma nowy klub"},"content":{"rendered":"\n<p class=\"contentpart contentpart--default contentpart--text\" data-position=\"0\"><a href=\"https:\/\/sportowefakty.wp.pl\/koszykowka\/jeremy-sochan\" rel=\"nofollow noopener\" target=\"_blank\">Jeremy Sochan<\/a>\u00a0rozpocz\u0105\u0142 sezon 2025\/2026 w <a href=\"https:\/\/sportowefakty.wp.pl\/koszykowka\/san-antonio-spurs\" rel=\"nofollow noopener\" target=\"_blank\">San Antonio Spurs<\/a>, ale doko\u0144czy\u0142 go w <a href=\"https:\/\/sportowefakty.wp.pl\/koszykowka\/new-york-knicks\" rel=\"nofollow noopener\" target=\"_blank\">New York Knicks<\/a>, z kt\u00f3rymi zdoby\u0142 mistrzostwo\u00a0<a href=\"https:\/\/sportowefakty.wp.pl\/koszykowka\/nba\" rel=\"nofollow noopener\" target=\"_blank\">NBA<\/a>. Polak w dru\u017cynie <a href=\"https:\/\/sportowefakty.wp.pl\/koszykowka\/mike-brown\" rel=\"nofollow noopener\" target=\"_blank\">Mike&#8217;a Browna<\/a>\u00a0odgrywa\u0142 jednak rol\u0119 dalekiego zmiennika i wielce prawdopodobne by\u0142o, \u017ce z nowojorskim klubem nie podpisze ju\u017c nowego kontraktu.<\/p>\n<p class=\"contentpart contentpart--default contentpart--text\" data-position=\"1\">23-latek niedawno \u0142\u0105czony by\u0142 z dru\u017cyn\u0105 <a href=\"https:\/\/sportowefakty.wp.pl\/koszykowka\/minnesota-timberwolves\" rel=\"nofollow noopener\" target=\"_blank\">Minnesota Timberwolves<\/a>. Ostatecznie wiadomo jednak, \u017ce trafi w inne miejsce.<\/p>\n<p>  <img decoding=\"async\" src=\"https:\/\/v.wpimg.pl\/X3dwLnN2d1IFFTpdYUl6R0ZNbgcnEHQREVV2TGEGbUtRT2MdOlZ2RBQUKABgQjQcDRotCStBd1IAAWMeIlM7VgwYIAorQAdEFFk_GCkQJQ\" alt=\"\" width=\"45\" height=\"58\" loading=\"lazy\"\/>  <\/p>\n<p class=\"contentpart contentpart--default contentpart--text\" data-position=\"2\">ZOBACZ WIDEO: Wis\u0142a Krak\u00f3w zachwyci\u0142a. Nie tylko w Polsce<\/p>\n<p class=\"contentpart contentpart--default contentpart--text\" data-position=\"4\">Jak przekaza\u0142 w sobotni wiecz\u00f3r czasu polskiego dziennikarz ESPN Shams Charania, Sochan do\u0142\u0105czy do <a href=\"https:\/\/sportowefakty.wp.pl\/koszykowka\/portland-trail-blazers\" rel=\"nofollow noopener\" target=\"_blank\">Portland Trail Blazers<\/a>. Obie strony dosz\u0142y do porozumienia ws. jednorocznego kontraktu.<\/p>\n<p class=\"contentpart contentpart--default contentpart--text\" data-position=\"5\">Dru\u017cyna ze stanu Oregon zako\u0144czy\u0142a ostatni sezon zasadniczy z bilansem 42-40 i awansowa\u0142a do fazy play-off po raz pierwszy od 2021 roku. Odpad\u0142a jednak w pierwszej rundzie. Blazers musieli uzna\u0107 wy\u017cszo\u015b\u0107 Spurs (rywalizacja zako\u0144czy\u0142a si\u0119 wynikiem 4-1).<\/p>\n<p class=\"contentpart contentpart--default contentpart--text\" data-position=\"6\">Sochan, aktualnie jedyny Polak w NBA, ma za sob\u0105 najs\u0142abszy rok w karierze. Po przenosinach do Knicks w 16 meczach sezonu zasadniczego notowa\u0142 \u015brednio 2,8 punktu i 2,1 zbi\u00f3rki. Portland mo\u017ce by\u0107 dla niego dobrym miejscem, aby odbudowa\u0107 swoj\u0105 pozycj\u0119 w lidze. <\/p>\n<p>  <img decoding=\"async\" src=\"https:\/\/v.wpimg.pl\/X3dwLnN2d1IFFTpdYUl6R0ZNbgcnEHQREVV2TGEGbUtRT2MdOlZ2RBQUKABgQjQcDRotCStBd1IAAWMeIlM7VgwYIAorQAdEFFk_GCkQJQ\" alt=\"\" width=\"45\" height=\"58\" loading=\"lazy\"\/>  <\/p>\n<p class=\"contentpart contentpart--default contentpart--text\" data-position=\"7\">Trenerem Blazers jest 53-letni Micah Nori,\u00a0pracuj\u0105cy wcze\u015bniej w roli asystenta w Timberwolves, Detroit Pistons, Denver Nuggets, Sacramento Kings i Toronto Raptors.<\/p>\n","protected":false},"excerpt":{"rendered":"Jeremy Sochan\u00a0rozpocz\u0105\u0142 sezon 2025\/2026 w San Antonio Spurs, ale doko\u0144czy\u0142 go w New York Knicks, z kt\u00f3rymi zdoby\u0142&hellip;\n","protected":false},"author":2,"featured_media":595280,"comment_status":"","ping_status":"","sticky":false,"template":"","format":"standard","meta":{"footnotes":"","_share_on_mastodon":"0"},"categories":[24],"tags":[14229,2449,117545,6779,42,38,40,39,41,6512,16982,14232,127,126],"class_list":["post-595279","post","type-post","status-publish","format-standard","has-post-thumbnail","category-sport","tag-jeremy-sochan","tag-koszykowka","tag-moda-center","tag-nba","tag-pl","tag-poland","tag-polish","tag-polska","tag-polski","tag-portland","tag-portland-trail-blazers","tag-san-antonio-spurs","tag-sport","tag-sports"],"share_on_mastodon":{"url":"https:\/\/pubeurope.com\/@pl\/117023079462301612","error":""},"_links":{"self":[{"href":"https:\/\/www.europesays.com\/pl\/wp-json\/wp\/v2\/posts\/595279","targetHints":{"allow":["GET"]}}],"collection":[{"href":"https:\/\/www.europesays.com\/pl\/wp-json\/wp\/v2\/posts"}],"about":[{"href":"https:\/\/www.europesays.com\/pl\/wp-json\/wp\/v2\/types\/post"}],"author":[{"embeddable":true,"href":"https:\/\/www.europesays.com\/pl\/wp-json\/wp\/v2\/users\/2"}],"replies":[{"embeddable":true,"href":"https:\/\/www.europesays.com\/pl\/wp-json\/wp\/v2\/comments?post=595279"}],"version-history":[{"count":0,"href":"https:\/\/www.europesays.com\/pl\/wp-json\/wp\/v2\/posts\/595279\/revisions"}],"wp:featuredmedia":[{"embeddable":true,"href":"https:\/\/www.europesays.com\/pl\/wp-json\/wp\/v2\/media\/595280"}],"wp:attachment":[{"href":"https:\/\/www.europesays.com\/pl\/wp-json\/wp\/v2\/media?parent=595279"}],"wp:term":[{"taxonomy":"category","embeddable":true,"href":"https:\/\/www.europesays.com\/pl\/wp-json\/wp\/v2\/categories?post=595279"},{"taxonomy":"post_tag","embeddable":true,"href":"https:\/\/www.europesays.com\/pl\/wp-json\/wp\/v2\/tags?post=595279"}],"curies":[{"name":"wp","href":"https:\/\/api.w.org\/{rel}","templated":true}]}}