{"id":595375,"date":"2026-08-02T01:40:24","date_gmt":"2026-08-02T01:40:24","guid":{"rendered":"https:\/\/www.europesays.com\/pl\/595375\/"},"modified":"2026-08-02T01:40:24","modified_gmt":"2026-08-02T01:40:24","slug":"reprezentant-polski-po-raz-pierwszy-zostal-ojcem-dumni-rodzice-wybrali-rzadkie-imie","status":"publish","type":"post","link":"https:\/\/www.europesays.com\/pl\/595375\/","title":{"rendered":"Reprezentant Polski po raz pierwszy zosta\u0142 ojcem. Dumni rodzice wybrali rzadkie imi\u0119"},"content":{"rendered":"<p>Jakub Kami\u0144ski w kwietniu og\u0142osi\u0142, \u017ce jego rodzina latem si\u0119 powi\u0119kszy. By\u0142 wtedy jeszcze zawodnikiem 1. FC Koeln i w trakcie meczu z Eintrachtem Frankfurt wykona\u0142 charakterystyczn\u0105 cieszynk\u0119 po strzelonej bramce.<\/p>\n<p>Dalszy ci\u0105g artyku\u0142u pod materia\u0142em wideoTu\u017c po przekazaniu informacji o ci\u0105\u017cy Jakub Kami\u0144ski <a href=\"https:\/\/przegladsportowy.onet.pl\/ofsajd\/jakub-kaminski-oglosil-zareczyny-z-ukochana-monika-jest-w-ciazy\/3msrcxw\" id=\"aa910490-e247-4b0b-b9de-470c7363d4d6\" rel=\"nofollow noopener\" target=\"_blank\">da\u0142 do zrozumienia, \u017ce on i jego ukochana s\u0105 zar\u0119czeni<\/a>.<a href=\"https:\/\/przegladsportowy.onet.pl\/\" title=\"Strona g\u0142\u00f3wna serwisu\" aria-label=\"Strona g\u0142\u00f3wna serwisu\" data-astro-prefetch=\"tap\" class=\"ods-a-logo-main-desktop\" rel=\"nofollow noopener\" target=\"_blank\"><img src=\"https:\/\/cdn.przegladsportowy.onet.pl\/img\/Logo_desktop_Onet.svg\" class=\"ods-a-logo-main-desktop__image\" alt=\"Logo\" width=\"107\" height=\"60\" fetchpriority=\"high\" decoding=\"sync\" style=\"height:60px\"\/><\/a><\/p>\n<p class=\"ods-m-google-article__text\">Czytaj nas cz\u0119\u015bciej w Google<\/p>\n<p><a href=\"https:\/\/google.com\/preferences\/source?q=przegladsportowy.onet.pl\" target=\"_blank\" rel=\"noopener noreferrer nofollow\" aria-label=\"Dodaj w Google\" title=\"Dodaj w Google\" class=\"ods-a-button ods-a-button__primary ods-a-button__default ods-a-button-l\">Dodaj w Google<\/a>Jakub Kami\u0144ski zosta\u0142 ojcem. &#8222;Najpi\u0119kniejsza chwila w \u017cyciu&#8221;<\/p>\n<p>W sobot\u0119 narzeczeni poinformowali, \u017ce ich syn jest ju\u017c na \u015bwiecie. &#8222;Najwi\u0119ksze b\u0142ogos\u0142awie\u0144stwo i najpi\u0119kniejsza chwila w \u017cyciu&#8221; \u2014 napisa\u0142 na Instagramie dumny tata. Para wybra\u0142a dla dziecka imi\u0119 Benedykt, kt\u00f3re nie jest popularne w Polsce. Obecnie tylko ok. 6 tys. os\u00f3b w naszym kraju nosi takie imi\u0119.<\/p>\n<p>Pod postem posypa\u0142y si\u0119 gratulacje m.in. od Piotra Zieli\u0144skiego, Ewy Pajor, Jana Bednarka czy Bartosza Kapustki.<\/p>\n<p>Narzeczona Jakuba Kami\u0144skiego Monika Wojtas pasjonuje si\u0119 sportem i malarstwem. Na Instagramie ch\u0119tnie pokazuje m.in. kadry z podr\u00f3\u017cy. Na prze\u0142omie czerwca i lipca para wypoczywa\u0142a w Grecji.<\/p>\n<p>Od czasu do czasu ukochana pi\u0142karza prezentuje w sieci swoje prace artystyczne.<\/p>\n<p>Przed og\u0142oszeniem ci\u0105\u017cy pi\u0142karz nie pokazywa\u0142 zdj\u0119\u0107 z partnerk\u0105 na Instagramie. Ona r\u00f3wnie\u017c nie afiszowa\u0142a si\u0119 z ich zwi\u0105zkiem. Je\u015bli publikowa\u0142a jakie\u015b wsp\u00f3lne fotografie, to najcz\u0119\u015bciej takie, na kt\u00f3rych nie by\u0142o wida\u0107 twarzy Jakuba Kami\u0144skiego. Dopiero po og\u0142oszeniu ci\u0105\u017cy Monika Wojtas zamie\u015bci\u0142a na Instagramie post, do kt\u00f3rego do\u0142\u0105czy\u0142a du\u017co wsp\u00f3lnych zdj\u0119\u0107.<\/p>\n","protected":false},"excerpt":{"rendered":"Jakub Kami\u0144ski w kwietniu og\u0142osi\u0142, \u017ce jego rodzina latem si\u0119 powi\u0119kszy. By\u0142 wtedy jeszcze zawodnikiem 1. FC Koeln&hellip;\n","protected":false},"author":2,"featured_media":595376,"comment_status":"","ping_status":"","sticky":false,"template":"","format":"standard","meta":{"footnotes":"","_share_on_mastodon":"0"},"categories":[52122],"tags":[61195,19766,48,129,46,948,6010,752,42,38,40,39,41,11970,355,47,11971,130],"class_list":["post-595375","post","type-post","status-publish","format-standard","has-post-thumbnail","category-pko-bank-polski","tag-bottomfeed_styl","tag-jakub_kaminski","tag-nat_styl","tag-ofsajd","tag-omp","tag-pilka_nozna","tag-pko-bank-polski","tag-pko-bp","tag-pl","tag-poland","tag-polish","tag-polska","tag-polski","tag-polskie_wags","tag-reprezentacja_polski","tag-screening_general","tag-wags","tag-wiadomosci_sportowe"],"share_on_mastodon":{"url":"https:\/\/pubeurope.com\/@pl\/117023371439434384","error":""},"_links":{"self":[{"href":"https:\/\/www.europesays.com\/pl\/wp-json\/wp\/v2\/posts\/595375","targetHints":{"allow":["GET"]}}],"collection":[{"href":"https:\/\/www.europesays.com\/pl\/wp-json\/wp\/v2\/posts"}],"about":[{"href":"https:\/\/www.europesays.com\/pl\/wp-json\/wp\/v2\/types\/post"}],"author":[{"embeddable":true,"href":"https:\/\/www.europesays.com\/pl\/wp-json\/wp\/v2\/users\/2"}],"replies":[{"embeddable":true,"href":"https:\/\/www.europesays.com\/pl\/wp-json\/wp\/v2\/comments?post=595375"}],"version-history":[{"count":0,"href":"https:\/\/www.europesays.com\/pl\/wp-json\/wp\/v2\/posts\/595375\/revisions"}],"wp:featuredmedia":[{"embeddable":true,"href":"https:\/\/www.europesays.com\/pl\/wp-json\/wp\/v2\/media\/595376"}],"wp:attachment":[{"href":"https:\/\/www.europesays.com\/pl\/wp-json\/wp\/v2\/media?parent=595375"}],"wp:term":[{"taxonomy":"category","embeddable":true,"href":"https:\/\/www.europesays.com\/pl\/wp-json\/wp\/v2\/categories?post=595375"},{"taxonomy":"post_tag","embeddable":true,"href":"https:\/\/www.europesays.com\/pl\/wp-json\/wp\/v2\/tags?post=595375"}],"curies":[{"name":"wp","href":"https:\/\/api.w.org\/{rel}","templated":true}]}}