{"id":595427,"date":"2026-08-02T02:29:17","date_gmt":"2026-08-02T02:29:17","guid":{"rendered":"https:\/\/www.europesays.com\/pl\/595427\/"},"modified":"2026-08-02T02:29:17","modified_gmt":"2026-08-02T02:29:17","slug":"burze-nad-polska-w-wielkopolsce-strazacy-wzywani-do-zerwanych-dachow-2","status":"publish","type":"post","link":"https:\/\/www.europesays.com\/pl\/595427\/","title":{"rendered":"Burze nad Polsk\u0105. W Wielkopolsce stra\u017cacy wzywani do zerwanych dach\u00f3w"},"content":{"rendered":"<p>W sobot\u0119 nad cz\u0119\u015bci\u0105 kraju przetaczaj\u0105 si\u0119 burze. Niekt\u00f3re z nich s\u0105 intensywne. Towarzysz\u0105 im ulewy i silny wiatr. <a href=\"https:\/\/wiadomosci.onet.pl\/kraj\/burze-i-upaly-nad-polska-imgw-wydaje-ostrzezenia-dla-niemal-calego-kraju\/2c9e0jq\" id=\"47f511d9-7671-4ce6-9748-950d87152234\" rel=\"nofollow noopener\" target=\"_blank\">Instytut Meteorologii i Gospodarki Wodnej (IMGW) ostrzega przed burzami niemal w ca\u0142ym kraju<\/a>.Dalszy ci\u0105g artyku\u0142u pod materia\u0142em wideoIntensywne burze nad Wielkopolsk\u0105. \u017bywio\u0142 zrywa\u0142 dachy<a href=\"https:\/\/www.onet.pl\/\" title=\"Strona G\u0142\u00f3wna\" aria-label=\"Strona G\u0142\u00f3wna\" data-astro-prefetch=\"tap\" class=\"ods-a-logo-main-desktop\" rel=\"nofollow noopener\" target=\"_blank\"><img src=\"https:\/\/cdn.wiadomosci.onet.pl\/img\/Logo_desktop_Onet.svg\" class=\"ods-a-logo-main-desktop__image\" alt=\"Logo\" width=\"107\" height=\"60\" fetchpriority=\"high\" decoding=\"sync\" style=\"height:60px\"\/><\/a><\/p>\n<p class=\"ods-m-google-article__text\">Czytaj nas cz\u0119\u015bciej w Google<\/p>\n<p><a href=\"https:\/\/google.com\/preferences\/source?q=onet.pl\" target=\"_blank\" rel=\"noopener noreferrer nofollow\" aria-label=\"Dodaj w Google\" title=\"Dodaj w Google\" class=\"ods-a-button ods-a-button__primary ods-a-button__default ods-a-button-l\">Dodaj w Google<\/a><\/p>\n<p>Jak informuje TVN24, szczeg\u00f3lnie gro\u017ane kom\u00f3rki burzowe utworzy\u0142y si\u0119 nad cz\u0119\u015bci\u0105 Wielkopolski. Dy\u017curny Komendy Wojew\u00f3dzkiej Pa\u0144stwowej Stra\u017cy Po\u017carnej w Poznaniu poinformowa\u0142 stacj\u0119, \u017ce od godz. 8 zanotowano 46 zdarze\u0144 zwi\u0105zanych z pogod\u0105, g\u0142\u00f3wnie dotycz\u0105cych z\u0142amanych ga\u0142\u0119zi i przewr\u00f3conych drzew.<\/p>\n<p class=\"ods-o-frame-in-text__paragraph\">Czy polskie elektrownie, drogi i szpitale s\u0105 gotowe na coraz bardziej gor\u0105ce lata? Czy wystarczy nam wody? Ile b\u0119d\u0105 kosztowa\u0142y nas zmiany klimatu? W poniedzia\u0142ek rano opublikujemy raport przygotowany przez dziennikarzy naszych siedmiu redakcji we wsp\u00f3\u0142pracy z Jakubem Wiechem. <a href=\"https:\/\/wiadomosci.onet.pl\/kraj\/test-upalow\/99rn01w\" id=\"ec21ee71-dc7f-4929-9909-01b9b128c716\" rel=\"nofollow noopener\" target=\"_blank\">Sprawdzamy dla Was, czy Polska ma plan dzia\u0142ania w obliczu kolejnych rekordowych temperatur.<\/a><\/p>\n<p>W powiecie pleszewskim silny wiatr zerwa\u0142 przynajmniej sze\u015b\u0107 dach\u00f3w, w tym trzy w miejscowo\u015bci Ko\u017aminiec w gminie Dobrzyca. S\u0142u\u017cby nie informuj\u0105 do tej pory o ewentualnych poszkodowanych.<\/p>\n<p>\u2014 Dzia\u0142ania s\u0105 prowadzone na terenie gmin Dobrzyca, Go\u0142uch\u00f3w i Pleszew. S\u0105 to g\u0142\u00f3wnie powalone drzewa, w gminie Dobrzyca stra\u017cacy usuwaj\u0105 skutki zerwania dach\u00f3w w miejscowo\u015bci Ko\u017aminiec \u2014 przekaza\u0142o KP PSP w Pleszewie w rozmowie z serwisem Z Pleszewa.<\/p>\n<p>Niebezpiecznie by\u0142o tak\u017ce w Lubuskiem, gdzie stra\u017cacy odnotowali 29 zdarze\u0144 wywo\u0142anych burzami. Najwi\u0119cej by\u0142o ich w powiatach \u017carskim i s\u0142ubickim \u2014 dodaje TVN24.<\/p>\n<p>Burze i upa\u0142y nad Polsk\u0105. Alert RCB w 13 wojew\u00f3dztwachW zwi\u0105zku z burzami, kt\u00f3re pojawi\u0142y si\u0119 nad Polsk\u0105, <a href=\"https:\/\/wiadomosci.onet.pl\/kraj\/grozne-burze-nadciagaja-do-polski-rozeslano-alerty-rcb\/2wsewkn\" id=\"b86f1167-ca3b-430f-a53a-3f9715151a85\" rel=\"nofollow noopener\" target=\"_blank\">Rz\u0105dowe Centrum Bezpiecze\u0144stwa wys\u0142a\u0142o ostrze\u017cenie dla mieszka\u0144c\u00f3w 13 wojew\u00f3dztw<\/a>.<\/p>\n<p>&#8222;Uwaga! Dzi\u015b i w nocy 01\/02.08 burze, silny wiatr, opady deszczu oraz gradu. Mo\u017cliwe przerwy w dostawie pr\u0105du. Unikaj otwartych przestrzeni&#8221;.<\/p>\n<p>Wci\u0105\u017c nie odpuszczaj\u0105 te\u017c upa\u0142y. IMGW utrzymuje w cz\u0119\u015bci kraju ostrze\u017cenia II i III stopnia przed wysokimi temperaturami. III najwy\u017cszy stopie\u0144 ostrze\u017cenia obowi\u0105zuje w wojew\u00f3dztwie lubelskim i \u015bwi\u0119tokrzyskim oraz w cz\u0119\u015bci woj.: mazowieckiego, podkarpackiego i ma\u0142opolskiego, II stopie\u0144 za\u015b w cz\u0119\u015bci woj.: podlaskiego, mazowieckiego, \u0142\u00f3dzkiego i dolno\u015bl\u0105skiego, a tak\u017ce na Opolszczy\u017anie i \u015al\u0105sku oraz na p\u00f3\u0142nocnych kra\u0144cach Ma\u0142opolski i Podkarpacia. Ostrze\u017cenia pozostan\u0105 aktywne do \u015brody, 5 sierpnia.<\/p>\n<p>Podw\u00f3jna fala upa\u0142\u00f3w uderzy w Polsk\u0119. Jest data spadku temperatury [POGODA]<img class=\"ods-a-photo ods-a-photo--background\" src=\"https:\/\/www.europesays.com\/pl\/wp-content\/uploads\/2026\/08\/feBk9lBaHR0cHM6Ly9vY2RuLmV1L3B1bHNjbXMvTURBXy9iZTdmNDgyOGZhYTg5YjEwMDRiZDY4ZTAwM2M4NzkyOC5wbmeRlQLNA.jpeg\" height=\"253\" width=\"450\" alt=\"Silne upa\u0142y wkraczaj\u0105 do Polski. Wiemy, kiedy wr\u00f3ci ch\u0142odniejsza pogoda (mapa: wxcharts.com)\" loading=\"lazy\" fetchpriority=\"low\" decoding=\"async\"\/><\/p>\n","protected":false},"excerpt":{"rendered":"W sobot\u0119 nad cz\u0119\u015bci\u0105 kraju przetaczaj\u0105 si\u0119 burze. Niekt\u00f3re z nich s\u0105 intensywne. Towarzysz\u0105 im ulewy i silny&hellip;\n","protected":false},"author":2,"featured_media":595428,"comment_status":"","ping_status":"","sticky":false,"template":"","format":"standard","meta":{"footnotes":"","_share_on_mastodon":"0"},"categories":[12],"tags":[61195,14276,167,48,46,55,42,78,38,40,39,41,1817,8250,47,3842,3033],"class_list":["post-595427","post","type-post","status-publish","format-standard","has-post-thumbnail","category-polska","tag-bottomfeed_styl","tag-burze","tag-imgw","tag-nat_styl","tag-omp","tag-phx","tag-pl","tag-pogoda","tag-poland","tag-polish","tag-polska","tag-polski","tag-poznan","tag-rcb","tag-screening_general","tag-straz_pozarna_strazacy","tag-wielkopolska_wojewodztwo_wielkopolskie"],"share_on_mastodon":{"url":"https:\/\/pubeurope.com\/@pl\/117023563977882980","error":""},"_links":{"self":[{"href":"https:\/\/www.europesays.com\/pl\/wp-json\/wp\/v2\/posts\/595427","targetHints":{"allow":["GET"]}}],"collection":[{"href":"https:\/\/www.europesays.com\/pl\/wp-json\/wp\/v2\/posts"}],"about":[{"href":"https:\/\/www.europesays.com\/pl\/wp-json\/wp\/v2\/types\/post"}],"author":[{"embeddable":true,"href":"https:\/\/www.europesays.com\/pl\/wp-json\/wp\/v2\/users\/2"}],"replies":[{"embeddable":true,"href":"https:\/\/www.europesays.com\/pl\/wp-json\/wp\/v2\/comments?post=595427"}],"version-history":[{"count":0,"href":"https:\/\/www.europesays.com\/pl\/wp-json\/wp\/v2\/posts\/595427\/revisions"}],"wp:featuredmedia":[{"embeddable":true,"href":"https:\/\/www.europesays.com\/pl\/wp-json\/wp\/v2\/media\/595428"}],"wp:attachment":[{"href":"https:\/\/www.europesays.com\/pl\/wp-json\/wp\/v2\/media?parent=595427"}],"wp:term":[{"taxonomy":"category","embeddable":true,"href":"https:\/\/www.europesays.com\/pl\/wp-json\/wp\/v2\/categories?post=595427"},{"taxonomy":"post_tag","embeddable":true,"href":"https:\/\/www.europesays.com\/pl\/wp-json\/wp\/v2\/tags?post=595427"}],"curies":[{"name":"wp","href":"https:\/\/api.w.org\/{rel}","templated":true}]}}