{"id":595619,"date":"2026-08-02T05:09:24","date_gmt":"2026-08-02T05:09:24","guid":{"rendered":"https:\/\/www.europesays.com\/pl\/595619\/"},"modified":"2026-08-02T05:09:24","modified_gmt":"2026-08-02T05:09:24","slug":"najstarsza-zyjaca-polska-aktorka-ma-101-lat-tymi-rolami-zachwycila-polske","status":"publish","type":"post","link":"https:\/\/www.europesays.com\/pl\/595619\/","title":{"rendered":"\u201eNajstarsza \u017cyj\u0105ca polska aktorka\u201d ma 101 lat. Tymi rolami zachwyci\u0142a Polsk\u0119"},"content":{"rendered":"<ul class=\"list-summary__items summary\">\n<li>Ewa Krasnod\u0119bska mia\u0142a trudne dzieci\u0144stwo przez wojn\u0119.<\/li>\n<li>Kariera Krasnod\u0119bskiej zwi\u0105zana by\u0142a g\u0142\u00f3wnie z teatrem, ale wyst\u0119powa\u0142a te\u017c w wielu filmach.<\/li>\n<li>W 2014 roku zako\u0144czy\u0142a swoj\u0105 karier\u0119, trwaj\u0105c\u0105 65 lat.<\/li>\n<\/ul>\n<p>        \t\t<a name=\"eztoc20189390_0_1\" id=\"eztoc20189390_0_1\"\/>Ewa Krasnod\u0119bska &#8211; najstarsza \u017cyj\u0105ca <a href=\"https:\/\/www.antyradio.pl\/filmy-i-seriale\/filmy\/najlepsze-polskie-aktorki-poznasz-je-po-tylko-1-zdjeciu-quiz\" target=\"_blank\" rel=\"dofollow noopener\">polska aktorka<\/a><\/p>\n<p>Istniej\u0105 <a href=\"https:\/\/www.antyradio.pl\/filmy-i-seriale\/filmy\/quiz-uwielbiani-polscy-aktorzy-poznasz-ich-po-zdjeciu-z-mlodosci\" target=\"_blank\" rel=\"dofollow noopener\">aktorzy<\/a>, kt\u00f3rych kojarz\u0105 ca\u0142e pokolenia. I nie zawsze z powodu ponadczasowych kreacji, kt\u00f3re stworzyli. Niekt\u00f3rzy arty\u015bci s\u0105 po prostu d\u0142ugowieczni, a ich kariery trwaj\u0105 ca\u0142e dekady.\u00a0<\/p>\n<p>&#13;<\/p>\n<p>&#13;<\/p>\n<p>    Quiz: Czy pami\u0119tasz te filmy z PRL-u? Umys\u0142 doskona\u0142y odpowie na komplet pyta\u0144 <\/p>\n<p>                                    <img decoding=\"async\" src=\"https:\/\/www.europesays.com\/pl\/wp-content\/uploads\/2026\/08\/6a59c7e3c59cc9fc4e607439.jpg\" alt=\"Zesp\u00f3\u0142 Filmowy Kadr\/materia\u0142y prasowe\"\/><\/p>\n<p>Tak jest w przypadku\u00a0Ewy Krasnod\u0119bskiej &#8211; aktorki, kt\u00f3ra jest uznawana za najstarsz\u0105 w Polsce, poniewa\u017c ma <a href=\"https:\/\/www.antyradio.pl\/filmy-i-seriale\/filmy\/zmienil-polskie-nazwisko-i-zgarnal-2-oscary-wlasnie-skonczyl-100-lat\" target=\"_blank\" rel=\"dofollow noopener\">ponad 100 lat<\/a>. Jak wygl\u0105da\u0142a jej droga zawodowa? Gdzie gra\u0142a i z czego jest znana?\u00a0<\/p>\n<p>                                                    <a href=\"https:\/\/www.antyradio.pl\/filmy-i-seriale\/seriale\/grala-kultowa-postac-w-alternatywach-4-polacy-zapomnieli-ze-uchodzila-za-seksbombe\" title=\"Gra\u0142a kultow\u0105 posta\u0107 w \u201eAlternatywach 4\u201d. Polacy zapomnieli, \u017ce uchodzi\u0142a za seksbomb\u0119\" class=\"image__url margin__bottom__desktop--20\" id=\"LinkArea:LB_406650\" target=\"_self\" rel=\"nofollow noopener\"><\/p>\n<p>\t\t\t<img loading=\"lazy\" decoding=\"async\" data-ot-ignore=\"\" class=\"lazyload  cbz_image-view__img\" src=\"https:\/\/www.europesays.com\/pl\/wp-content\/uploads\/2026\/08\/2436270-160x160-bb057d9bb5.png\" data-width=\"160\" data-height=\"160\" width=\"160\" height=\"160\" alt=\"Halina Kowalska\" data- title=\"Halina Kowalska\" data-portal-copyright=\" Artur Zawadzki\/REPORTER\/East News\" fetchpriority=\"auto\"\/><\/p>\n<p>\t            <\/a><\/p>\n<p>                                                    <a href=\"https:\/\/www.antyradio.pl\/filmy-i-seriale\/filmy\/byl-ikona-kina-i-telewizji-prl-ale-dzis-nikt-go-nie-kojarzy-jego-glosem-przemawiala-postac-ze-slynnej-bajki\" title=\"By\u0142 ikon\u0105 kina i telewizji PRL, ale dzi\u015b nikt go nie kojarzy. Jego g\u0142osem przemawia\u0142a posta\u0107 ze s\u0142ynnej bajki\" class=\"image__url margin__bottom__desktop--20\" id=\"LinkArea:LB_406345\" target=\"_self\" rel=\"nofollow noopener\"><\/p>\n<p>\t\t\t<img loading=\"lazy\" decoding=\"async\" data-ot-ignore=\"\" class=\"lazyload  cbz_image-view__img\" src=\"https:\/\/www.europesays.com\/pl\/wp-content\/uploads\/2026\/08\/2427655-160x160-a494d44107.jpg\" data-width=\"160\" data-height=\"160\" width=\"160\" height=\"160\" alt=\"Ludwik Benoit - O dw\u00f3ch takch, co ukradli Ksi\u0119\u017cyc - kadr z filmu\" data- title=\"Ludwik Benoit - O dw\u00f3ch takch, co ukradli Ksi\u0119\u017cyc - kadr z filmu\" data-portal-copyright=\"Centrala Wynajmu Film\u00f3w\/materia\u0142y prasowe\" fetchpriority=\"auto\"\/><\/p>\n<p>\t            <\/a><\/p>\n<p>\t\t    <a name=\"eztoc20189390_0_2\" id=\"eztoc20189390_0_2\"\/>Ewa Krasnod\u0119bska &#8211; jej marzenia pokrzy\u017cowa\u0142a wojna\u00a0<\/p>\n<p>Ewa Krasnod\u0119bska urodzi\u0142a si\u0119\u00a09 lipca 1925 roku w Warszawie.\u00a0Pochodzi z rodziny artystycznej &#8211;\u00a0matka Maria Krasnod\u0119bska z Badowskich, uko\u0144czy\u0142a\u00a0Akademi\u0119 Sztuk Pi\u0119knych, a babcia by\u0142a pianistk\u0105. Nic wi\u0119c dziwnego, \u017ce naturalnie ci\u0105gn\u0119\u0142o j\u0105 do zawodu, kt\u00f3ry jest zwi\u0105zany ze sztuk\u0105.\u00a0<\/p>\n<p>Niestety dzieci\u0144stwo\u00a0Krasnod\u0119bskiej pokrzy\u017cowa\u0142a <a href=\"https:\/\/www.antyradio.pl\/news\/jakiemu-panstwu-polska-wypowiedziala-wojne-w-xx-wieku-quiz-ekspertow-historii\" target=\"_blank\" rel=\"dofollow noopener\">wojna<\/a>. Zamiast realizowa\u0107 si\u0119 w wymarzonej dziedzinie, zosta\u0142a przymusowo przydzielona przez okupanta do pracy &#8211;\u00a0wypisywa\u0142a dokumenty oraz przepustki. Marzenia spe\u0142ni\u0142a po wojnie. W 1949 roku uko\u0144czy\u0142a szko\u0142\u0119 aktorsk\u0105.\u00a0<\/p>\n<p><a name=\"eztoc20189390_0_3\" id=\"eztoc20189390_0_3\"\/>Ewa Krasnod\u0119bska &#8211; kariera aktorki i jej najwa\u017cniejsze role<\/p>\n<p>Kariera\u00a0Krasnod\u0119bskiej kr\u0119ci\u0142a si\u0119 wok\u00f3\u0142 teatr\u00f3w. Wyst\u0119powa\u0142a na deskach w Warszawie i Wroc\u0142awiu. Uda\u0142o jej si\u0119 wielokrotni wyjecha\u0107 za granic\u0119 &#8211; wszystko dzi\u0119ki m\u0119\u017cowi, Janowi Zakrzewskiemu, kt\u00f3ry by\u0142 dziennikarzem i dyplomat\u0105. Przebywa\u0142a mi\u0119dzy innymi w USA oraz Francji. W tym drugim kraju przeprowadza\u0142a wywiady z najwi\u0119kszymi gwiazdami kina, pracuj\u0105c z ramienia <a href=\"https:\/\/www.antyradio.pl\/filmy-i-seriale\/filmy\/genialny-polski-film-z-gerardem-depardieu-w-tytulowej-roli-koniecznie-przelacz-dzis-o-20-05\" target=\"_blank\" rel=\"dofollow noopener\">TVP<\/a>. W Stanach Zjednoczonych stworzy\u0142a zbi\u00f3r\u00a0reporta\u017cy i felieton\u00f3w &#8222;Jak odkrywa\u0142am Ameryk\u0119&#8221;.\u00a0<\/p>\n<p>                <img decoding=\"async\" src=\"https:\/\/www.europesays.com\/pl\/wp-content\/uploads\/2026\/08\/2442840-860x555-8d17578212.jpg\" alt=\"Ewa Krasnod\u0119bska\" class=\"lazyload\" data-portal-copyright=\"East News\" data-width=\"860\" data-height=\"555\"\/><\/p>\n<p>                                            fot.<br \/>\n                             Wojtek Laski\/East News<br \/>\n                                                            \/ Ewa Krasnod\u0119bska\n                                    <\/p>\n<p>Przed kamer\u0105 zadebiutowa\u0142a tu\u017c po studiach. W 1949 roku wyst\u0105pi\u0142a w <a href=\"https:\/\/www.antyradio.pl\/filmy-i-seriale\" target=\"_blank\" rel=\"dofollow noopener\">filmie<\/a> &#8222;Za wami p\u00f3jd\u0105 inni&#8221;. W latach 50. Krasnod\u0119bska\u00a0gra\u0142a w takich produkcjach, jak &#8222;Pi\u0105tka z ulicy Barskiej&#8221;, &#8222;Zaczarowany rower&#8221;,\u00a0&#8222;Nikodem Dyzma&#8221; i &#8222;Awantura o Basi\u0119&#8221;, natomiast w kolejnej dekadzie wyst\u0105pi\u0142a w &#8222;Tulipanach&#8221;,\u00a0&#8222;Marysi i Napoleonie&#8221;, &#8222;Zej\u015bciu do piek\u0142a&#8221;, a tak\u017ce &#8222;Zbrodniarzu, kt\u00f3ry ukrad\u0142 zbrodni\u0119&#8221;.\u00a0<\/p>\n<p>Na d\u0142ugi czas\u00a0Krasnod\u0119bska znikn\u0119\u0142a z film\u00f3w, pojawia\u0142a si\u0119 jednak mi\u0119dzy innymi w &#8222;Teatrze Telewizji&#8221;. Na du\u017cy ekran powr\u00f3ci\u0142a w 2008 roku w filmie Jacka B\u0142awuta &#8222;Jeszcze nie wiecz\u00f3r&#8221;. W kolejnych latach gra\u0142a jeszcze trzykrotnie w <a href=\"https:\/\/www.antyradio.pl\/filmy-i-seriale\/filmy\/gral-w-nie-lubie-poniedzialku-widzowie-mysleli-ze-naprawde-jest-wlochem\" target=\"_blank\" rel=\"dofollow noopener\">komediach<\/a>\u00a0&#8222;Fenomen&#8221; i &#8222;Facet (nie)potrzebny od zaraz&#8221;, a tak\u017ce dramacie &#8222;Obce cia\u0142o&#8221;. W 2014 roku zako\u0144czy\u0142a swoj\u0105 karier\u0119, trwaj\u0105c\u0105 65 lat.<\/p>\n<p>Jej wk\u0142ad w polsk\u0105 kultur\u0119 zosta\u0142 doceniony\u00a0Srebrnym Medalem &#8222;Zas\u0142u\u017cony Kulturze Gloria Artis&#8221;. Mimo \u017ce Krasnod\u0119bska zako\u0144czy\u0142a karier\u0119 aktorsk\u0105, wci\u0105\u017c spe\u0142nia si\u0119 artystycznie, pisz\u0105c wiersze.\u00a0<\/p>\n<p>\u0179r\u00f3d\u0142o: Antyradio\/Wikipedia.org\/Filmweb<\/p>\n<p>Dzi\u0119kujemy za przeczytanie artyku\u0142u do ko\u0144ca! Po wi\u0119cej informacji zach\u0119camy do odwiedzenia naszego<a href=\"https:\/\/www.facebook.com\/antyradio\" target=\"_self\" rel=\"dofollow noopener\">\u00a0Facebooka<\/a>,<a href=\"https:\/\/twitter.com\/Antyradiopl\" target=\"_self\" rel=\"dofollow noopener\">\u00a0Twittera<\/a>,<a href=\"https:\/\/www.tiktok.com\/@antyradio\" target=\"_self\" rel=\"dofollow noopener\">\u00a0TikToka<\/a>\u00a0i<a href=\"https:\/\/www.instagram.com\/antyradio\/\" target=\"_self\" rel=\"dofollow noopener\">\u00a0Instagrama<\/a>. \u017beby pos\u0142ucha\u0107, co teraz gramy, kliknij w poni\u017cszy baner!<\/p>\n<p>                    <a href=\"https:\/\/player.antyradio.pl\/\" target=\"_blank\" rel=\"follow nofollow noopener\"><\/p>\n<p>                <img decoding=\"async\" src=\"https:\/\/www.europesays.com\/pl\/wp-content\/uploads\/2026\/08\/2440360.jpg\" alt=\"Grafika w czerwonym tle z napisem \u201eW\u0142\u0105cz i pos\u0142uchaj\u201d oraz logo Antyradio. Przyciski odtwarzania.\" class=\"lazyload\" data-portal-copyright=\"Antyradio\" data-width=\"750\" data-height=\"371\"\/><\/p>\n<p>                        <\/a><\/p>\n<p>    \t\t\t\t\t\t<script async src=\"https:\/\/platform.twitter.com\/widgets.js\" charset=\"utf-8\"><\/script><script async src=\"\/\/www.instagram.com\/embed.js\"><\/script><script async src=\"\/\/www.tiktok.com\/embed.js\"><\/script><\/p>\n","protected":false},"excerpt":{"rendered":"Ewa Krasnod\u0119bska mia\u0142a trudne dzieci\u0144stwo przez wojn\u0119. Kariera Krasnod\u0119bskiej zwi\u0105zana by\u0142a g\u0142\u00f3wnie z teatrem, ale wyst\u0119powa\u0142a te\u017c w&hellip;\n","protected":false},"author":2,"featured_media":595620,"comment_status":"","ping_status":"","sticky":false,"template":"","format":"standard","meta":{"footnotes":"","_share_on_mastodon":"0"},"categories":[20],"tags":[8588,208,397,3375,120,118,119,42,38,40,39,41,12861,3689,116,114,115,121,117],"class_list":["post-595619","post","type-post","status-publish","format-standard","has-post-thumbnail","category-nauka-i-technika","tag-aktorzy","tag-ciekawostki","tag-filmy","tag-ii-wojna-swiatowa","tag-nauka","tag-nauka-i-technika","tag-naukatechnika","tag-pl","tag-poland","tag-polish","tag-polska","tag-polski","tag-polskie-filmy","tag-prl","tag-science","tag-science-and-technology","tag-sciencetechnology","tag-technika","tag-technology"],"share_on_mastodon":{"url":"https:\/\/pubeurope.com\/@pl\/117024193349886158","error":""},"_links":{"self":[{"href":"https:\/\/www.europesays.com\/pl\/wp-json\/wp\/v2\/posts\/595619","targetHints":{"allow":["GET"]}}],"collection":[{"href":"https:\/\/www.europesays.com\/pl\/wp-json\/wp\/v2\/posts"}],"about":[{"href":"https:\/\/www.europesays.com\/pl\/wp-json\/wp\/v2\/types\/post"}],"author":[{"embeddable":true,"href":"https:\/\/www.europesays.com\/pl\/wp-json\/wp\/v2\/users\/2"}],"replies":[{"embeddable":true,"href":"https:\/\/www.europesays.com\/pl\/wp-json\/wp\/v2\/comments?post=595619"}],"version-history":[{"count":0,"href":"https:\/\/www.europesays.com\/pl\/wp-json\/wp\/v2\/posts\/595619\/revisions"}],"wp:featuredmedia":[{"embeddable":true,"href":"https:\/\/www.europesays.com\/pl\/wp-json\/wp\/v2\/media\/595620"}],"wp:attachment":[{"href":"https:\/\/www.europesays.com\/pl\/wp-json\/wp\/v2\/media?parent=595619"}],"wp:term":[{"taxonomy":"category","embeddable":true,"href":"https:\/\/www.europesays.com\/pl\/wp-json\/wp\/v2\/categories?post=595619"},{"taxonomy":"post_tag","embeddable":true,"href":"https:\/\/www.europesays.com\/pl\/wp-json\/wp\/v2\/tags?post=595619"}],"curies":[{"name":"wp","href":"https:\/\/api.w.org\/{rel}","templated":true}]}}