{"id":595653,"date":"2026-08-02T05:44:09","date_gmt":"2026-08-02T05:44:09","guid":{"rendered":"https:\/\/www.europesays.com\/pl\/595653\/"},"modified":"2026-08-02T05:44:09","modified_gmt":"2026-08-02T05:44:09","slug":"zacmienie-stulecia-w-polsce-kiedy-i-gdzie-bedzie-widoczne","status":"publish","type":"post","link":"https:\/\/www.europesays.com\/pl\/595653\/","title":{"rendered":"Za\u0107mienie stulecia w Polsce. Kiedy i gdzie b\u0119dzie widoczne?"},"content":{"rendered":"<p>Je\u015bli nale\u017cycie do os\u00f3b, kt\u00f3re chc\u0105 prze\u017cy\u0107 zjawisko, jakiego \u015bwiat nie b\u0119dzie widzia\u0142 przez dziesi\u0105tki lat, to macie przed sob\u0105 niepowtarzaln\u0105 okazj\u0119. Ju\u017c w poniedzia\u0142ek, 2 sierpnia 2027 r., nast\u0105pi ca\u0142kowite za\u0107mienie S\u0142o\u0144ca.<\/p>\n<p>Dalszy ci\u0105g artyku\u0142u pod materia\u0142em wideoGdzie ogl\u0105da\u0107 ca\u0142kowite za\u0107mienie S\u0142o\u0144ca?<a href=\"https:\/\/www.onet.pl\/\" title=\"Strona G\u0142\u00f3wna\" aria-label=\"Strona G\u0142\u00f3wna\" data-astro-prefetch=\"tap\" class=\"ods-a-logo-main-desktop\" rel=\"nofollow noopener\" target=\"_blank\"><img src=\"https:\/\/cdn.wiadomosci.onet.pl\/img\/Logo_desktop_Onet.svg\" class=\"ods-a-logo-main-desktop__image\" alt=\"Logo\" width=\"107\" height=\"60\" fetchpriority=\"high\" decoding=\"sync\" style=\"height:60px\"\/><\/a><\/p>\n<p class=\"ods-m-google-article__text\">Czytaj nas cz\u0119\u015bciej w Google<\/p>\n<p><a href=\"https:\/\/google.com\/preferences\/source?q=wiadomosci.onet.pl\" target=\"_blank\" rel=\"noopener noreferrer nofollow\" aria-label=\"Dodaj w Google\" title=\"Dodaj w Google\" class=\"ods-a-button ods-a-button__primary ods-a-button__default ods-a-button-l\">Dodaj w Google<\/a><\/p>\n<p>2 sierpnia nast\u0105pi najd\u0142u\u017csze w tym stuleciu za\u0107mienie S\u0142o\u0144ca, kt\u00f3re w niekt\u00f3rych rejonach Ziemi na ponad sze\u015b\u0107 minut skryje nasz\u0105 planet\u0119 w \u2014 dos\u0142ownie \u2014 egipskich ciemno\u015bciach. To w\u0142a\u015bnie w Egipcie za\u0107mienie osi\u0105gnie bowiem najwi\u0119ksze nat\u0119\u017cenie, ale b\u0119dzie mo\u017cna je obserwowa\u0107 tak\u017ce w innych miejscach na Ziemi.<\/p>\n<p>Jak du\u017ce b\u0119dzie za\u0107mienie stulecia w Polsce?<\/p>\n<p>Je\u015bli chodzi o Europ\u0119, pe\u0142ne za\u0107mienie z sierpnia 2027 r. b\u0119dzie widoczne z po\u0142udnia Hiszpanii, np. z Malagi czy Kadyksu, a tak\u017ce z Gibraltaru. Z kolei Polska oraz inne rejony Europy za\u0142api\u0105 si\u0119 &#8222;tylko&#8221; na cz\u0119\u015bciowe za\u0107mienie. W naszym kraju najwi\u0119ksze pokrycie tarczy s\u0142onecznej b\u0119dzie wida\u0107 na po\u0142udniu, gdzie mo\u017ce wynie\u015b\u0107 nawet 40 proc. Z kolei na p\u00f3\u0142nocy Polski ten wynik powinien wynie\u015b\u0107 od 25 do 30 proc. pokrycia tarczy s\u0142onecznej.<\/p>\n<p>Nast\u0119pna okazja dopiero w XXII w.<\/p>\n<p>Przysz\u0142oroczne za\u0107mienie jest nazywane &#8222;za\u0107mieniem stulecia&#8221;, poniewa\u017c b\u0119dzie to jedno z najd\u0142u\u017cszych tego typu zjawisk w historii i dopiero za\u0107mienie z 2114 r. pobije swoj\u0105 d\u0142ugo\u015bci\u0105 zjawisko z sierpnia 2027 r. Rekord ci\u0105gle nale\u017cy z kolei do ca\u0142kowitego za\u0107mienia z czerwca 1955 r., kt\u00f3re trwa\u0142o ponad siedem minut.<\/p>\n","protected":false},"excerpt":{"rendered":"Je\u015bli nale\u017cycie do os\u00f3b, kt\u00f3re chc\u0105 prze\u017cy\u0107 zjawisko, jakiego \u015bwiat nie b\u0119dzie widzia\u0142 przez dziesi\u0105tki lat, to macie&hellip;\n","protected":false},"author":2,"featured_media":595654,"comment_status":"","ping_status":"","sticky":false,"template":"","format":"standard","meta":{"footnotes":"","_share_on_mastodon":"0"},"categories":[20],"tags":[61195,189,49,48,120,118,119,46,42,38,40,39,41,116,114,115,47,121,117,4904,47664,48668,9529],"class_list":["post-595653","post","type-post","status-publish","format-standard","has-post-thumbnail","category-nauka-i-technika","tag-bottomfeed_styl","tag-europa","tag-kraj","tag-nat_styl","tag-nauka","tag-nauka-i-technika","tag-naukatechnika","tag-omp","tag-pl","tag-poland","tag-polish","tag-polska","tag-polski","tag-science","tag-science-and-technology","tag-sciencetechnology","tag-screening_general","tag-technika","tag-technology","tag-wszechswiat_astronomia_loty_w_kosmos","tag-zacmienie","tag-zacmienie_slonca","tag-ziemia"],"share_on_mastodon":{"url":"https:\/\/pubeurope.com\/@pl\/117024329981806359","error":""},"_links":{"self":[{"href":"https:\/\/www.europesays.com\/pl\/wp-json\/wp\/v2\/posts\/595653","targetHints":{"allow":["GET"]}}],"collection":[{"href":"https:\/\/www.europesays.com\/pl\/wp-json\/wp\/v2\/posts"}],"about":[{"href":"https:\/\/www.europesays.com\/pl\/wp-json\/wp\/v2\/types\/post"}],"author":[{"embeddable":true,"href":"https:\/\/www.europesays.com\/pl\/wp-json\/wp\/v2\/users\/2"}],"replies":[{"embeddable":true,"href":"https:\/\/www.europesays.com\/pl\/wp-json\/wp\/v2\/comments?post=595653"}],"version-history":[{"count":0,"href":"https:\/\/www.europesays.com\/pl\/wp-json\/wp\/v2\/posts\/595653\/revisions"}],"wp:featuredmedia":[{"embeddable":true,"href":"https:\/\/www.europesays.com\/pl\/wp-json\/wp\/v2\/media\/595654"}],"wp:attachment":[{"href":"https:\/\/www.europesays.com\/pl\/wp-json\/wp\/v2\/media?parent=595653"}],"wp:term":[{"taxonomy":"category","embeddable":true,"href":"https:\/\/www.europesays.com\/pl\/wp-json\/wp\/v2\/categories?post=595653"},{"taxonomy":"post_tag","embeddable":true,"href":"https:\/\/www.europesays.com\/pl\/wp-json\/wp\/v2\/tags?post=595653"}],"curies":[{"name":"wp","href":"https:\/\/api.w.org\/{rel}","templated":true}]}}