{"id":595743,"date":"2026-08-02T06:58:10","date_gmt":"2026-08-02T06:58:10","guid":{"rendered":"https:\/\/www.europesays.com\/pl\/595743\/"},"modified":"2026-08-02T06:58:10","modified_gmt":"2026-08-02T06:58:10","slug":"wstrzas-w-fifa-wycofuja-poparcie-dla-gianniego-infantino","status":"publish","type":"post","link":"https:\/\/www.europesays.com\/pl\/595743\/","title":{"rendered":"Wstrz\u0105s w FIFA. Wycofuj\u0105 poparcie dla Gianniego Infantino"},"content":{"rendered":"<p>Po fali niezadowolenia i sprzeciwu z najr\u00f3\u017cniejszych organ\u00f3w, Gianni Infantino w o\u015bwiadczeniu wycofa\u0142 si\u0119 z pomys\u0142u sprzeda\u017cy udzia\u0142\u00f3w w mistrzostwach \u015bwiata prywatnym inwestorom. <a href=\"https:\/\/przegladsportowy.onet.pl\/pilka-nozna\/dni-infantino-sa-policzone-jasny-sygnal-po-decyzji-fifa\/hh4n27n\" id=\"d071b2ef-64a2-41eb-9bb1-093067ef824e\" rel=\"nofollow noopener\" target=\"_blank\">Dziennikarze oceniaj\u0105 t\u0119 decyzj\u0119 jako wielk\u0105 pora\u017ck\u0119 Gianniego Infantino, kt\u00f3remu pali si\u0119 grunt pod nogami.<\/a>Dalszy ci\u0105g artyku\u0142u pod materia\u0142em wideo<\/p>\n<p>Okazuje si\u0119, \u017ce za tymi prognozami mo\u017ce sta\u0107 co\u015b wi\u0119cej. Po aferze ruszy\u0142a bowiem akcja maj\u0105ca na celu usuni\u0119cie Infantino ze szczytu FIFA. O ile dwa tygodnie temu The Guardian informowa\u0142, \u017ce reelekcje dzia\u0142acza ma poprze\u0107 ponad 200 z 211 zrzeszonych kraj\u00f3w, tak teraz mia\u0142a nast\u0105pi\u0107 zmiana.<\/p>\n<p><a href=\"https:\/\/przegladsportowy.onet.pl\/\" title=\"Strona g\u0142\u00f3wna serwisu\" aria-label=\"Strona g\u0142\u00f3wna serwisu\" data-astro-prefetch=\"tap\" class=\"ods-a-logo-main-desktop\" rel=\"nofollow noopener\" target=\"_blank\"><img src=\"https:\/\/cdn.przegladsportowy.onet.pl\/img\/Logo_desktop_Onet.svg\" class=\"ods-a-logo-main-desktop__image\" alt=\"Logo\" width=\"107\" height=\"60\" fetchpriority=\"high\" decoding=\"sync\" style=\"height:60px\"\/><\/a><\/p>\n<p class=\"ods-m-google-article__text\">Czytaj nas cz\u0119\u015bciej w Google<\/p>\n<p><a href=\"https:\/\/google.com\/preferences\/source?q=przegladsportowy.onet.pl\" target=\"_blank\" rel=\"noopener noreferrer nofollow\" aria-label=\"Dodaj w Google\" title=\"Dodaj w Google\" class=\"ods-a-button ods-a-button__primary ods-a-button__default ods-a-button-l\">Dodaj w Google<\/a>Bunt wobec Gianniego Infantino<\/p>\n<p>Ben Jacobs z TalkSPORT informuje, \u017ce prezydent UEFA Aleksander Ceferin chce, by wszystkie federacje, kt\u00f3re wcze\u015bniej udzieli\u0142y pisemnego wsparcia Infantino, wycofa\u0142y swoje decyzje. Chodzi o ponad 40 g\u0142os\u00f3w. Dziennikarz Sky Sports Rob Harris dodaje, \u017ce p\u00f3\u0142nocnoameryka\u0144ska CONCACAF r\u00f3wnie\u017c d\u0105\u017cy do obalenia obecnego szefa FIFA. Zrzeszonych w niej jest 35 uprawnionych do g\u0142osowania kraj\u00f3w.<\/p>\n<p>18 marca 2027 r. federacje wybior\u0105 nowego prezydenta FIFA. W mediach pojawia si\u0119 kandydatura Dariusza Mioduskiego, kt\u00f3ry ma otrzyma\u0107 poparcie w\u0142a\u015bciciela PSG Nassera Al-Khelaifiego. Start rozwa\u017ca\u0107 ma r\u00f3wnie\u017c szef CONCACAF Victor Montagliani.<\/p>\n","protected":false},"excerpt":{"rendered":"Po fali niezadowolenia i sprzeciwu z najr\u00f3\u017cniejszych organ\u00f3w, Gianni Infantino w o\u015bwiadczeniu wycofa\u0142 si\u0119 z pomys\u0142u sprzeda\u017cy udzia\u0142\u00f3w&hellip;\n","protected":false},"author":2,"featured_media":595744,"comment_status":"","ping_status":"","sticky":false,"template":"","format":"standard","meta":{"footnotes":"","_share_on_mastodon":"0"},"categories":[52122],"tags":[61195,117725,1285,5633,48,46,948,6010,752,42,38,40,39,41,47,3098],"class_list":["post-595743","post","type-post","status-publish","format-standard","has-post-thumbnail","category-pko-bank-polski","tag-bottomfeed_styl","tag-concacaf","tag-fifa","tag-gianni_infantino","tag-nat_styl","tag-omp","tag-pilka_nozna","tag-pko-bank-polski","tag-pko-bp","tag-pl","tag-poland","tag-polish","tag-polska","tag-polski","tag-screening_general","tag-uefa"],"share_on_mastodon":{"url":"https:\/\/pubeurope.com\/@pl\/117024621637989908","error":""},"_links":{"self":[{"href":"https:\/\/www.europesays.com\/pl\/wp-json\/wp\/v2\/posts\/595743","targetHints":{"allow":["GET"]}}],"collection":[{"href":"https:\/\/www.europesays.com\/pl\/wp-json\/wp\/v2\/posts"}],"about":[{"href":"https:\/\/www.europesays.com\/pl\/wp-json\/wp\/v2\/types\/post"}],"author":[{"embeddable":true,"href":"https:\/\/www.europesays.com\/pl\/wp-json\/wp\/v2\/users\/2"}],"replies":[{"embeddable":true,"href":"https:\/\/www.europesays.com\/pl\/wp-json\/wp\/v2\/comments?post=595743"}],"version-history":[{"count":0,"href":"https:\/\/www.europesays.com\/pl\/wp-json\/wp\/v2\/posts\/595743\/revisions"}],"wp:featuredmedia":[{"embeddable":true,"href":"https:\/\/www.europesays.com\/pl\/wp-json\/wp\/v2\/media\/595744"}],"wp:attachment":[{"href":"https:\/\/www.europesays.com\/pl\/wp-json\/wp\/v2\/media?parent=595743"}],"wp:term":[{"taxonomy":"category","embeddable":true,"href":"https:\/\/www.europesays.com\/pl\/wp-json\/wp\/v2\/categories?post=595743"},{"taxonomy":"post_tag","embeddable":true,"href":"https:\/\/www.europesays.com\/pl\/wp-json\/wp\/v2\/tags?post=595743"}],"curies":[{"name":"wp","href":"https:\/\/api.w.org\/{rel}","templated":true}]}}