{"id":596031,"date":"2026-08-02T10:22:13","date_gmt":"2026-08-02T10:22:13","guid":{"rendered":"https:\/\/www.europesays.com\/pl\/596031\/"},"modified":"2026-08-02T10:22:13","modified_gmt":"2026-08-02T10:22:13","slug":"samochod-wpadl-do-rzeki-w-lublinie-jedna-osoba-trafila-do-szpitala-lublin112-wiadomosci-z-lublina-i-regionu-wazne-informacje-z-kraju","status":"publish","type":"post","link":"https:\/\/www.europesays.com\/pl\/596031\/","title":{"rendered":"Samoch\u00f3d wpad\u0142 do rzeki w Lublinie. Jedna osoba trafi\u0142a do szpitala : Lublin112 \u2013 Wiadomo\u015bci z Lublina i regionu. Wa\u017cne informacje z kraju"},"content":{"rendered":"<p>Do gro\u017anego zdarzenia dosz\u0142o dzi\u015b rano na odcinku Alei Solidarno\u015bci pomi\u0119dzy ul. Doln\u0105 3 Maja i ul. Wodopojn\u0105. Na miejscu interweniowa\u0142y zespo\u0142y ratownictwa medycznego, stra\u017c po\u017carna oraz policja.<\/p>\n<p>Jak wynika ze wst\u0119pnych ustale\u0144 funkcjonariuszy, do zdarzenia przyczyni\u0142a si\u0119 kobieta kieruj\u0105ca pojazdem marki Renault. Podczas wykonywania manewru zmiany pasa ruchu nie upewni\u0142a si\u0119, czy mo\u017ce go bezpiecznie przeprowadzi\u0107.<\/p>\n<p>Kierowca Volkswagena, widz\u0105c zje\u017cd\u017caj\u0105cy wprost na niego samoch\u00f3d, pr\u00f3bowa\u0142 unikn\u0105\u0107 zderzenia i gwa\u0142townie skr\u0119ci\u0142 w prawo. W wyniku tego manewru straci\u0142 panowanie nad pojazdem. Samoch\u00f3d wypad\u0142 z drogi, staranowa\u0142 barier\u0119 ochronn\u0105 na mo\u015bcie, a nast\u0119pnie wpad\u0142 do rzeki.<\/p>\n<p>Volkswagenem podr\u00f3\u017cowa\u0142y dwie osoby oraz pies. Jedna z poszkodowanych os\u00f3b zosta\u0142a przetransportowana do szpitala. Policjanci prowadz\u0105 czynno\u015bci maj\u0105ce na celu dok\u0142adne wyja\u015bnienie okoliczno\u015bci zdarzenia. W miejscu dzia\u0142a\u0144 s\u0142u\u017cb wyst\u0119puj\u0105 niewielkie utrudnienia. Zablokowany zosta\u0142 prawy pas jezdni, jednak przejazd alej\u0105 Solidarno\u015bci pozostaje mo\u017cliwy.<\/p>\n<p>    Galeria zdj\u0119\u0107<\/p>\n<p>                                    <img decoding=\"async\" class=\"gallery-item\" src=\"https:\/\/www.europesays.com\/pl\/wp-content\/uploads\/2026\/08\/medium-3ceb8e87-05b9-48ec-be7f-3cd995a8a232.jpg\" loading=\"lazy\" width=\"2048\" height=\"1536\"\/><\/p>\n<p>            Zdj\u0119cie 1 z 15<\/p>\n<p>                                    <img decoding=\"async\" class=\"gallery-item\" src=\"https:\/\/www.europesays.com\/pl\/wp-content\/uploads\/2026\/08\/medium-b7880133-b48c-43a4-82e8-baf7c740df2b.jpg\" loading=\"lazy\" width=\"2048\" height=\"1536\"\/><\/p>\n<p>            Zdj\u0119cie 2 z 15<\/p>\n<p>                                    <img decoding=\"async\" class=\"gallery-item\" src=\"https:\/\/www.europesays.com\/pl\/wp-content\/uploads\/2026\/08\/medium-1bbad34d-3f93-4172-9730-3f60a3ad327e.jpg\" loading=\"lazy\" width=\"2048\" height=\"1536\"\/><\/p>\n<p>            Zdj\u0119cie 3 z 15<\/p>\n<p>                                    <img decoding=\"async\" class=\"gallery-item\" src=\"https:\/\/www.europesays.com\/pl\/wp-content\/uploads\/2026\/08\/medium-15561434-c537-4385-a9c8-a4e02eec69a9.jpg\" loading=\"lazy\" width=\"2048\" height=\"1536\"\/><\/p>\n<p>            Zdj\u0119cie 4 z 15<\/p>\n<p>                                    <img decoding=\"async\" class=\"gallery-item\" src=\"https:\/\/www.europesays.com\/pl\/wp-content\/uploads\/2026\/08\/medium-770fb45d-e53f-4f6f-83ee-17a0e72956dd.jpg\" loading=\"lazy\" width=\"2048\" height=\"1536\"\/><\/p>\n<p>            Zdj\u0119cie 5 z 15<\/p>\n","protected":false},"excerpt":{"rendered":"Do gro\u017anego zdarzenia dosz\u0142o dzi\u015b rano na odcinku Alei Solidarno\u015bci pomi\u0119dzy ul. Doln\u0105 3 Maja i ul. Wodopojn\u0105.&hellip;\n","protected":false},"author":2,"featured_media":596032,"comment_status":"","ping_status":"","sticky":false,"template":"","format":"standard","meta":{"footnotes":"","_share_on_mastodon":"0"},"categories":[51612],"tags":[117803,1081,42,38,414,40,39,41,3074,117804,7891,3079,79222],"class_list":["post-596031","post","type-post","status-publish","format-standard","has-post-thumbnail","category-lublin","tag-aleja-solidarnosci","tag-lublin","tag-pl","tag-poland","tag-policja","tag-polish","tag-polska","tag-polski","tag-renault","tag-samochod-w-rzece","tag-straz-pozarna","tag-volkswagen","tag-wypadek-drogowy"],"share_on_mastodon":{"url":"https:\/\/pubeurope.com\/@pl\/117025424312913454","error":""},"_links":{"self":[{"href":"https:\/\/www.europesays.com\/pl\/wp-json\/wp\/v2\/posts\/596031","targetHints":{"allow":["GET"]}}],"collection":[{"href":"https:\/\/www.europesays.com\/pl\/wp-json\/wp\/v2\/posts"}],"about":[{"href":"https:\/\/www.europesays.com\/pl\/wp-json\/wp\/v2\/types\/post"}],"author":[{"embeddable":true,"href":"https:\/\/www.europesays.com\/pl\/wp-json\/wp\/v2\/users\/2"}],"replies":[{"embeddable":true,"href":"https:\/\/www.europesays.com\/pl\/wp-json\/wp\/v2\/comments?post=596031"}],"version-history":[{"count":0,"href":"https:\/\/www.europesays.com\/pl\/wp-json\/wp\/v2\/posts\/596031\/revisions"}],"wp:featuredmedia":[{"embeddable":true,"href":"https:\/\/www.europesays.com\/pl\/wp-json\/wp\/v2\/media\/596032"}],"wp:attachment":[{"href":"https:\/\/www.europesays.com\/pl\/wp-json\/wp\/v2\/media?parent=596031"}],"wp:term":[{"taxonomy":"category","embeddable":true,"href":"https:\/\/www.europesays.com\/pl\/wp-json\/wp\/v2\/categories?post=596031"},{"taxonomy":"post_tag","embeddable":true,"href":"https:\/\/www.europesays.com\/pl\/wp-json\/wp\/v2\/tags?post=596031"}],"curies":[{"name":"wp","href":"https:\/\/api.w.org\/{rel}","templated":true}]}}