{"id":596319,"date":"2026-08-02T13:41:04","date_gmt":"2026-08-02T13:41:04","guid":{"rendered":"https:\/\/www.europesays.com\/pl\/596319\/"},"modified":"2026-08-02T13:41:04","modified_gmt":"2026-08-02T13:41:04","slug":"poruszenie-wokol-cristiano-ronaldo-i-georginy-huczy-od-plotek-na-temat-slubu","status":"publish","type":"post","link":"https:\/\/www.europesays.com\/pl\/596319\/","title":{"rendered":"Poruszenie wok\u00f3\u0142 Cristiano Ronaldo i Georginy. Huczy od plotek na temat \u015blubu"},"content":{"rendered":"<p>Cristiano Ronaldo od 2016 r. jest zwi\u0105zany z Georgin\u0105 Rodriguez. Para wychowuje razem pi\u0119cioro dzieci. WAG jest biologiczn\u0105 mam\u0105 dw\u00f3ch dziewczynek \u2014 Alany Martiny i Belli Esmeraldy. Cristiano Ronaldo Junior oraz bli\u017aniaki Eva i Mateo mieli przyj\u015b\u0107 na \u015bwiat dzi\u0119ki surogatce, cho\u0107 pi\u0142karz nigdy nie potwierdzi\u0142 tych rewelacji.<\/p>\n<p>Dalszy ci\u0105g artyku\u0142u pod materia\u0142em wideoW 2025 r. CR7 postanowi\u0142 zrobi\u0107 kolejny krok w zwi\u0105zku i o\u015bwiadczy\u0142 si\u0119 ukochanej. &#8222;Tak, chc\u0119. W tym i w ka\u017cdym moim \u017cyciu&#8221; \u2014 <a href=\"https:\/\/przegladsportowy.onet.pl\/ofsajd\/cristiano-ronaldo-w-koncu-sie-oswiadczyl-wpis-georginy-rodriguez-rozpalil-internet\/9xkz2h6\" id=\"dcd27aef-3925-4fa5-b4fd-123ebf916d0c\" rel=\"nofollow noopener\" target=\"_blank\">pisa\u0142a Georgina Rodriguez na Instagramie<\/a>, chwal\u0105c si\u0119 spektakularnym pier\u015bcionkiem zar\u0119czynowym, kt\u00f3ry kosztowa\u0142 fortun\u0119.<a href=\"https:\/\/przegladsportowy.onet.pl\/\" title=\"Strona g\u0142\u00f3wna serwisu\" aria-label=\"Strona g\u0142\u00f3wna serwisu\" data-astro-prefetch=\"tap\" class=\"ods-a-logo-main-desktop\" rel=\"nofollow noopener\" target=\"_blank\"><img src=\"https:\/\/cdn.przegladsportowy.onet.pl\/img\/Logo_desktop_Onet.svg\" class=\"ods-a-logo-main-desktop__image\" alt=\"Logo\" width=\"107\" height=\"60\" fetchpriority=\"high\" decoding=\"sync\" style=\"height:60px\"\/><\/a><\/p>\n<p class=\"ods-m-google-article__text\">Czytaj nas cz\u0119\u015bciej w Google<\/p>\n<p><a href=\"https:\/\/google.com\/preferences\/source?q=przegladsportowy.onet.pl\" target=\"_blank\" rel=\"noopener noreferrer nofollow\" aria-label=\"Dodaj w Google\" title=\"Dodaj w Google\" class=\"ods-a-button ods-a-button__primary ods-a-button__default ods-a-button-l\">Dodaj w Google<\/a><\/p>\n<p>Tu\u017c po tym, jak ukochana Cristiano Ronaldo og\u0142osi\u0142a zar\u0119czyny, zaroi\u0142o si\u0119 od spekulacji na temat \u015blubu. Sam pi\u0142karz mia\u0142 powiedzie\u0107 w zesz\u0142ym roku, \u017ce uroczysto\u015b\u0107 odb\u0119dzie si\u0119 po mistrzostwach \u015bwiata.<\/p>\n<p>W ostatnim czasie w mediach zaroi\u0142o si\u0119 od najr\u00f3\u017cniejszych doniesie\u0144, kt\u00f3re potem okaza\u0142y si\u0119 plotkami wyssanymi z palca. Wystarczy wspomnie\u0107, \u017ce kilka dni temu w jednym z program\u00f3w telewizyjnych pokazano rzekome zaproszenie na \u015blub pary na 1 sierpnia w Quinta da Regaleira w Sintrze, co szybko rozprzestrzeni\u0142o si\u0119 w sieci. <a href=\"https:\/\/przegladsportowy.onet.pl\/ofsajd\/glosno-na-temat-ronaldo-i-georginy-prawda-kryjaca-sie-za-plotka-o-ich-slubie\/gb9rg1j\" id=\"102de701-b9c0-4c22-a55f-0201987aaccd\" rel=\"nofollow noopener\" target=\"_blank\">Zaproszenie okaza\u0142o si\u0119 fa\u0142szywe<\/a>. Plotki dementowa\u0142 m.in. hiszpa\u0144ski tygodnik &#8222;Hola!&#8221;.Plotki na temat \u015blubu Cristiano Ronaldo i Georginy Rodriguez nie ustaj\u0105. Oto najnowsze doniesienia<\/p>\n<p>Teraz poruszenie wywo\u0142a\u0142 artyku\u0142 &#8222;The Sun&#8221;, wed\u0142ug kt\u00f3rego \u015blub pary mia\u0142by si\u0119 odby\u0107 w sobot\u0119 8 sierpnia w katedrze Funchal na Maderze, czyli rodzinnej wyspie pi\u0142karza.<\/p>\n<p>&#8222;\u015aluby rozpoczynaj\u0105 si\u0119 tam zgodnie z planem o godzinie 15:00. M\u00f3wi si\u0119, \u017ce 41-letnia gwiazda Portugalii Ronaldo [&#8230;] i 32-letnia modelka Georgina zarezerwowali na przyj\u0119cie pobliski pi\u0119ciogwiazdkowy hotel Savoy Palace&#8221; \u2014 pisze &#8222;The Sun&#8221;, a dalej cytuje \u017ar\u00f3d\u0142o, kt\u00f3re mia\u0142o powiedzie\u0107: &#8222;Go\u015bcie hotelu zostali poinformowani, \u017ce dwa pi\u0119tra, a tak\u017ce kilka bar\u00f3w, b\u0119d\u0105 wy\u0142\u0105czone z u\u017cytku w pi\u0105tek i sobot\u0119&#8221;.<\/p>\n<p>Artyku\u0142 &#8222;The Sun&#8221; przyku\u0142 uwag\u0119 nie tylko brytyjskich portali, ale te\u017c m.in. niemieckich. &#8222;Bild&#8221; przypomina, \u017ce ju\u017c w listopadzie ub.r. portugalski &#8222;Jornal da Madeira&#8221; twierdzi\u0142, \u017ce CR7 postanowi\u0142 wzi\u0105\u0107 \u015blub w swojej ojczy\u017anie.<\/p>\n<p>Sami zainteresowani nie skomentowali doniesie\u0144 na temat rzekomego terminu \u015blubu, a wi\u0119c by\u0107 mo\u017ce s\u0105 to jedynie kolejne plotki.<\/p>\n","protected":false},"excerpt":{"rendered":"Cristiano Ronaldo od 2016 r. jest zwi\u0105zany z Georgin\u0105 Rodriguez. Para wychowuje razem pi\u0119cioro dzieci. WAG jest biologiczn\u0105&hellip;\n","protected":false},"author":2,"featured_media":596320,"comment_status":"","ping_status":"","sticky":false,"template":"","format":"standard","meta":{"footnotes":"","_share_on_mastodon":"0"},"categories":[52122],"tags":[61195,3286,3287,48,129,46,948,6010,752,42,38,40,39,41,47,11971,130],"class_list":["post-596319","post","type-post","status-publish","format-standard","has-post-thumbnail","category-pko-bank-polski","tag-bottomfeed_styl","tag-cristiano_ronaldo","tag-georgina_rodriguez","tag-nat_styl","tag-ofsajd","tag-omp","tag-pilka_nozna","tag-pko-bank-polski","tag-pko-bp","tag-pl","tag-poland","tag-polish","tag-polska","tag-polski","tag-screening_general","tag-wags","tag-wiadomosci_sportowe"],"share_on_mastodon":{"url":"https:\/\/pubeurope.com\/@pl\/117026206400865049","error":""},"_links":{"self":[{"href":"https:\/\/www.europesays.com\/pl\/wp-json\/wp\/v2\/posts\/596319","targetHints":{"allow":["GET"]}}],"collection":[{"href":"https:\/\/www.europesays.com\/pl\/wp-json\/wp\/v2\/posts"}],"about":[{"href":"https:\/\/www.europesays.com\/pl\/wp-json\/wp\/v2\/types\/post"}],"author":[{"embeddable":true,"href":"https:\/\/www.europesays.com\/pl\/wp-json\/wp\/v2\/users\/2"}],"replies":[{"embeddable":true,"href":"https:\/\/www.europesays.com\/pl\/wp-json\/wp\/v2\/comments?post=596319"}],"version-history":[{"count":0,"href":"https:\/\/www.europesays.com\/pl\/wp-json\/wp\/v2\/posts\/596319\/revisions"}],"wp:featuredmedia":[{"embeddable":true,"href":"https:\/\/www.europesays.com\/pl\/wp-json\/wp\/v2\/media\/596320"}],"wp:attachment":[{"href":"https:\/\/www.europesays.com\/pl\/wp-json\/wp\/v2\/media?parent=596319"}],"wp:term":[{"taxonomy":"category","embeddable":true,"href":"https:\/\/www.europesays.com\/pl\/wp-json\/wp\/v2\/categories?post=596319"},{"taxonomy":"post_tag","embeddable":true,"href":"https:\/\/www.europesays.com\/pl\/wp-json\/wp\/v2\/tags?post=596319"}],"curies":[{"name":"wp","href":"https:\/\/api.w.org\/{rel}","templated":true}]}}