{"id":596731,"date":"2026-08-02T18:11:32","date_gmt":"2026-08-02T18:11:32","guid":{"rendered":"https:\/\/www.europesays.com\/pl\/596731\/"},"modified":"2026-08-02T18:11:32","modified_gmt":"2026-08-02T18:11:32","slug":"wiadomo-ile-osob-mieszka-w-lodzi-gus-ujawnil-nowe-dane-wiadomosci-lodz","status":"publish","type":"post","link":"https:\/\/www.europesays.com\/pl\/596731\/","title":{"rendered":"Wiadomo, ile os\u00f3b mieszka w \u0141odzi. GUS ujawni\u0142 nowe dane &#8211; Wiadomo\u015bci \u0141\u00f3d\u017a"},"content":{"rendered":"<p><img decoding=\"async\" data-not-lazy=\"\" alt=\"Wiadomo, ile os\u00f3b mieszka w \u0141odzi. GUS ujawni\u0142 nowe dane - Zdj\u0119cie g\u0142\u00f3wne\" style=\"object-fit:cover;object-position:center;position:absolute;left:0;top:0;width:100%;height:100%;\" src=\"https:\/\/www.europesays.com\/pl\/wp-content\/uploads\/2026\/08\/2b39d387-a789-48b9-bf96-3c0887601c13.webp\"\/><\/p>\n<p>Autor: UM\u0141 | Opis: \u0141\u00f3d\u017a jest czwartym najwi\u0119kszym miastem w Polsce.<\/p>\n<p>Niemal 700 tysi\u0119cy mieszka\u0144c\u00f3w<\/p>\n<p>Wed\u0142ug najnowszych danych G\u0142\u00f3wnego Urz\u0119du Statystycznego z 1 lipca 2026 roku w \u0141odzi na co dzie\u0144 przebywa 698,6 tys. os\u00f3b. Jest to czwarty wynik w Polsce, a w por\u00f3wnaniu z poprzednim rokiem liczba ta wzros\u0142a o oko\u0142o 2,3 tysi\u0105ca os\u00f3b.<\/p>\n<p>G\u0142\u00f3wny Urz\u0105d Statystyczny swoje dane opar\u0142 po raz pierwszy na tzw. \u201e\u015bladach \u017cycia\u201d, czyli aktywno\u015bci w rejestrach publicznych, a nie na tradycyjnych meldunkach.<\/p>\n<p>&#8211; Zamiast danych meldunkowych wykorzystano informacje o aktywno\u015bci w rejestrach publicznych \u2013 m.in. ZUS, NFZ, systemie podatkowym czy edukacji. Dzi\u0119ki temu oszacowano liczb\u0119 os\u00f3b faktycznie przebywaj\u0105cych w Polsce na dzie\u0144 31 grudnia 2025 r.<\/p>\n<p>&#8211; informuje Urz\u0105d Miasta \u0141odzi.<\/p>\n<p>Niemal 700 tysi\u0119cy mieszka\u0144c\u00f3w plasuje \u0141\u00f3d\u017a na czwartym miejscu pod wzgl\u0119dem liczby ludno\u015bci w kraju. Przed naszym miastem s\u0105 Warszawa, Krak\u00f3w i Wroc\u0142aw, a wynik \u0141odzi jest o ponad 100 tysi\u0119cy wy\u017cszy ni\u017c Poznania.<\/p>\n<p>Liczba \u0141odzian wzrasta?<\/p>\n<p>W ubieg\u0142ym roku liczba os\u00f3b przebywaj\u0105cych w \u0141odzi by\u0142a mniejsza o oko\u0142o 2,3 tysi\u0105ca. Obecny wzrost wynika g\u0142\u00f3wnie z nap\u0142ywu cudzoziemc\u00f3w. W \u0141odzi przyby\u0142o oko\u0142o 7,7 tys. przybyszy z zagranicy, podczas gdy liczba obywateli Polski zmniejszy\u0142a si\u0119 o oko\u0142o 5,4 tysi\u0105ca.<\/p>\n<p>W \u0141odzi przebywa teraz oko\u0142o 72 tysi\u0119cy obcokrajowc\u00f3w, co stanowi nieco ponad 10% wszystkich mieszka\u0144c\u00f3w. Oko\u0142o 85% z nich znajduje si\u0119 w wieku produkcyjnym.<\/p>\n<p>&#8211; Warto podkre\u015bli\u0107, \u017ce s\u0105 to eksperymentalne dane GUS, kt\u00f3rych nie nale\u017cy por\u00f3wnywa\u0107 z oficjalnymi statystykami ludno\u015bci. Badanie wykorzystuje inn\u0105 metodologi\u0119 \u2013 zamiast miejsca zameldowania analizuje rzeczywist\u0105 obecno\u015b\u0107 os\u00f3b na podstawie ich aktywno\u015bci w publicznych rejestrach\u00a0<\/p>\n<p>&#8211; zaznacza Urz\u0105d Miasta \u0141odzi.<\/p>\n<p><img decoding=\"async\" data-not-lazy=\"\" alt=\"Patryk Kwieci\u0144ski - zdj\u0119cie autora\" class=\"rounded-circle article__author--image\" src=\"https:\/\/www.europesays.com\/pl\/wp-content\/uploads\/2026\/08\/1785694292_138_26cd91eb-fb2d-4709-a232-70da4f09a920.jpeg\"\/><a href=\"https:\/\/tulodz.pl\/autor\/mNccazDA3LJp5EvEQUIO\" rel=\"nofollow noopener\" target=\"_blank\">Patryk Kwieci\u0144ski<\/a><\/p>\n<p>Jestem studentem dziennikarstwa, do \u0141odzi przyjecha\u0142em z Kielc. W pracy dziennikarskiej skupiam si\u0119 przede wszystkim na cz\u0142owieku. Interesuj\u0105 mnie tematy zwi\u0105zane z transportem i infrastruktur\u0105. Prywatnie jestem mi\u0142o\u015bnikiem w\u0142oskiej pi\u0142ki no\u017cnej i serialu &#8222;Ranczo&#8221;.<br \/>\nKontakt: p.kwiecinski@tulodz.pl<\/p>\n","protected":false},"excerpt":{"rendered":"Autor: UM\u0141 | Opis: \u0141\u00f3d\u017a jest czwartym najwi\u0119kszym miastem w Polsce. Niemal 700 tysi\u0119cy mieszka\u0144c\u00f3w Wed\u0142ug najnowszych danych&hellip;\n","protected":false},"author":2,"featured_media":596732,"comment_status":"","ping_status":"","sticky":false,"template":"","format":"standard","meta":{"footnotes":"","_share_on_mastodon":"0"},"categories":[51608],"tags":[1704,3652,42,38,40,39,41],"class_list":["post-596731","post","type-post","status-publish","format-standard","has-post-thumbnail","category-lodz","tag-gus","tag-lodz","tag-pl","tag-poland","tag-polish","tag-polska","tag-polski"],"share_on_mastodon":{"url":"https:\/\/pubeurope.com\/@pl\/117027268065775612","error":""},"_links":{"self":[{"href":"https:\/\/www.europesays.com\/pl\/wp-json\/wp\/v2\/posts\/596731","targetHints":{"allow":["GET"]}}],"collection":[{"href":"https:\/\/www.europesays.com\/pl\/wp-json\/wp\/v2\/posts"}],"about":[{"href":"https:\/\/www.europesays.com\/pl\/wp-json\/wp\/v2\/types\/post"}],"author":[{"embeddable":true,"href":"https:\/\/www.europesays.com\/pl\/wp-json\/wp\/v2\/users\/2"}],"replies":[{"embeddable":true,"href":"https:\/\/www.europesays.com\/pl\/wp-json\/wp\/v2\/comments?post=596731"}],"version-history":[{"count":0,"href":"https:\/\/www.europesays.com\/pl\/wp-json\/wp\/v2\/posts\/596731\/revisions"}],"wp:featuredmedia":[{"embeddable":true,"href":"https:\/\/www.europesays.com\/pl\/wp-json\/wp\/v2\/media\/596732"}],"wp:attachment":[{"href":"https:\/\/www.europesays.com\/pl\/wp-json\/wp\/v2\/media?parent=596731"}],"wp:term":[{"taxonomy":"category","embeddable":true,"href":"https:\/\/www.europesays.com\/pl\/wp-json\/wp\/v2\/categories?post=596731"},{"taxonomy":"post_tag","embeddable":true,"href":"https:\/\/www.europesays.com\/pl\/wp-json\/wp\/v2\/tags?post=596731"}],"curies":[{"name":"wp","href":"https:\/\/api.w.org\/{rel}","templated":true}]}}