{"id":596743,"date":"2026-08-02T18:19:13","date_gmt":"2026-08-02T18:19:13","guid":{"rendered":"https:\/\/www.europesays.com\/pl\/596743\/"},"modified":"2026-08-02T18:19:13","modified_gmt":"2026-08-02T18:19:13","slug":"zaloba-w-rosji-nawet-putin-i-lukaszenko-go-pozegnali","status":"publish","type":"post","link":"https:\/\/www.europesays.com\/pl\/596743\/","title":{"rendered":"\u017ba\u0142oba w Rosji. Nawet Putin i \u0141ukaszenko go po\u017cegnali"},"content":{"rendered":"<p>Jedeszko mia\u0142 81 lat. To mistrz olimpijski z Monachium w 1972 r., mistrz \u015bwiata i Europy, a tak\u017ce zas\u0142u\u017cony trener reprezentacji ZSRR w koszyk\u00f3wce.<\/p>\n<p>Zapami\u0119tany jest ze &#8222;z\u0142otego&#8221; podania, kt\u00f3re przynios\u0142o reprezentacji ZSRR zwyci\u0119stwo w dramatycznym finale olimpijskim przeciwko USA w 1972 r.<\/p>\n<p><a href=\"https:\/\/przegladsportowy.onet.pl\/\" title=\"Strona g\u0142\u00f3wna serwisu\" aria-label=\"Strona g\u0142\u00f3wna serwisu\" data-astro-prefetch=\"tap\" class=\"ods-a-logo-main-desktop\" rel=\"nofollow noopener\" target=\"_blank\"><img src=\"https:\/\/cdn.przegladsportowy.onet.pl\/img\/Logo_desktop_Onet.svg\" class=\"ods-a-logo-main-desktop__image\" alt=\"Logo\" width=\"107\" height=\"60\" fetchpriority=\"high\" decoding=\"sync\" style=\"height:60px\"\/><\/a><\/p>\n<p class=\"ods-m-google-article__text\">Czytaj nas cz\u0119\u015bciej w Google<\/p>\n<p><a href=\"https:\/\/google.com\/preferences\/source?q=przegladsportowy.onet.pl\" target=\"_blank\" rel=\"noopener noreferrer nofollow\" aria-label=\"Dodaj w Google\" title=\"Dodaj w Google\" class=\"ods-a-button ods-a-button__primary ods-a-button__default ods-a-button-l\">Dodaj w Google<\/a><\/p>\n<p>Jedeszko wspomina\u0142 p\u00f3\u017aniej, \u017ce to podanie analizowano przez ponad 50 lat, a on sam nauczy\u0142 si\u0119 wykorzystywa\u0107 ten moment do promowania koszyk\u00f3wki.<\/p>\n<p>Prezydent Rosji W\u0142adimir Putin oraz prezydent Bia\u0142orusi Aleksander \u0141ukaszenko z\u0142o\u017cyli kondolencje rodzinie Jedeszki, podkre\u015blaj\u0105c jego wk\u0142ad w rozw\u00f3j sportu. Prezydent Bia\u0142orusi doda\u0142, \u017ce jego &#8222;z\u0142ote&#8221; podanie jest przyk\u0142adem najwy\u017cszych umiej\u0119tno\u015bci i ch\u0119ci do wygrywania.<\/p>\n<p>Szef Rosyjskiej Federacji Koszyk\u00f3wki, Andriej Kirilenko, nazwa\u0142 go swoim mentorem i przyjacielem, a prezes CSKA, Andriej Watutin, wspomnia\u0142, \u017ce Jedeszko by\u0142 wyj\u0105tkowym cz\u0142owiekiem o wielkim sercu i poczuciu humoru.<\/p>\n<p>Po zako\u0144czeniu kariery zawodniczej Jedeszko po\u015bwi\u0119ci\u0142 si\u0119 pracy trenerskiej, zdobywaj\u0105c kolejne tytu\u0142y i promuj\u0105c sport w\u015br\u00f3d m\u0142odzie\u017cy. Wspomina\u0142, \u017ce jego sukcesy by\u0142y wynikiem niez\u0142omnej woli walki, kt\u00f3r\u0105 kszta\u0142towa\u0142y trudne czasy powojennego dzieci\u0144stwa. \u2014 Zdoby\u0142em wszystkie mo\u017cliwe tytu\u0142y sportowe, \u017cycie si\u0119 uda\u0142o \u2014 m\u00f3wi\u0142 w jednym z wywiad\u00f3w.<\/p>\n","protected":false},"excerpt":{"rendered":"Jedeszko mia\u0142 81 lat. To mistrz olimpijski z Monachium w 1972 r., mistrz \u015bwiata i Europy, a tak\u017ce&hellip;\n","protected":false},"author":2,"featured_media":596744,"comment_status":"","ping_status":"","sticky":false,"template":"","format":"standard","meta":{"footnotes":"","_share_on_mastodon":"0"},"categories":[24],"tags":[986,61195,28928,6123,48,46,42,38,40,39,41,47,127,126,408],"class_list":["post-596743","post","type-post","status-publish","format-standard","has-post-thumbnail","category-sport","tag-aleksander_lukaszenko","tag-bottomfeed_styl","tag-esportmania","tag-inne","tag-nat_styl","tag-omp","tag-pl","tag-poland","tag-polish","tag-polska","tag-polski","tag-screening_general","tag-sport","tag-sports","tag-wladimir_putin"],"share_on_mastodon":{"url":"https:\/\/pubeurope.com\/@pl\/117027299427665357","error":""},"_links":{"self":[{"href":"https:\/\/www.europesays.com\/pl\/wp-json\/wp\/v2\/posts\/596743","targetHints":{"allow":["GET"]}}],"collection":[{"href":"https:\/\/www.europesays.com\/pl\/wp-json\/wp\/v2\/posts"}],"about":[{"href":"https:\/\/www.europesays.com\/pl\/wp-json\/wp\/v2\/types\/post"}],"author":[{"embeddable":true,"href":"https:\/\/www.europesays.com\/pl\/wp-json\/wp\/v2\/users\/2"}],"replies":[{"embeddable":true,"href":"https:\/\/www.europesays.com\/pl\/wp-json\/wp\/v2\/comments?post=596743"}],"version-history":[{"count":0,"href":"https:\/\/www.europesays.com\/pl\/wp-json\/wp\/v2\/posts\/596743\/revisions"}],"wp:featuredmedia":[{"embeddable":true,"href":"https:\/\/www.europesays.com\/pl\/wp-json\/wp\/v2\/media\/596744"}],"wp:attachment":[{"href":"https:\/\/www.europesays.com\/pl\/wp-json\/wp\/v2\/media?parent=596743"}],"wp:term":[{"taxonomy":"category","embeddable":true,"href":"https:\/\/www.europesays.com\/pl\/wp-json\/wp\/v2\/categories?post=596743"},{"taxonomy":"post_tag","embeddable":true,"href":"https:\/\/www.europesays.com\/pl\/wp-json\/wp\/v2\/tags?post=596743"}],"curies":[{"name":"wp","href":"https:\/\/api.w.org\/{rel}","templated":true}]}}