{"id":597571,"date":"2026-08-03T06:15:12","date_gmt":"2026-08-03T06:15:12","guid":{"rendered":"https:\/\/www.europesays.com\/pl\/597571\/"},"modified":"2026-08-03T06:15:12","modified_gmt":"2026-08-03T06:15:12","slug":"lapy-inwestuja-miliony-w-infrastrukture-sportowa-wideo","status":"publish","type":"post","link":"https:\/\/www.europesays.com\/pl\/597571\/","title":{"rendered":"\u0141apy inwestuj\u0105 miliony w infrastruktur\u0119 sportow\u0105 (WIDEO)"},"content":{"rendered":"<p class=\"news__lead\">Mieszka\u0144cy \u0141ap od dziesi\u0119cioleci czekaj\u0105 na pe\u0142nowymiarowy obiekt sportowy z prawdziwego zdarzenia. Przy Szkole Podstawowej nr 2 wystartowa\u0142a d\u0142ugo oczekiwana inwestycja. Rozpocz\u0119to budow\u0119 tzw. \u0142\u0105cznika \u2013 nowoczesnego obiektu o powierzchni blisko 700 metr\u00f3w kwadratowych, kt\u00f3ry w przysz\u0142o\u015bci spoi istniej\u0105cy budynek szkolny z planowan\u0105 hal\u0105 widowiskowo-sportow\u0105<\/p>\n<p>                                                                                                                                                                                                                                                                                    <a name=\"topic_0\">Dwa miliony z bud\u017cetu na stan surowy<\/a>  <\/p>\n<p>Pierwszy etap prac realizowany jest w ca\u0142o\u015bci ze \u015brodk\u00f3w w\u0142asnych gminy \u0141apy. Dotychczas na stan surowy nowego budynku przeznaczono blisko 2,4 miliona z\u0142otych. Powstaj\u0105ca przestrze\u0144 ma pe\u0142ni\u0107 r\u00f3\u017cnorodne funkcje \u2013 znajd\u0105 si\u0119 w niej m.in. sale edukacyjne, biblioteka z czytelni\u0105, szatnie, magazyn sprz\u0119tu oraz sala kameralno-widowiskowa, z kt\u00f3rej skorzysta m.in. lokalny dom kultury.<\/p>\n<p>  <a name=\"topic_1\">Plan na pozyskanie funduszy zewn\u0119trznych<\/a>  <\/p>\n<p>Jak zapowiada burmistrz \u0141ap, Krzysztof Go\u0142aszewski, w\u0142adze samorz\u0105dowe w kolejnym roku b\u0119d\u0105 ubiega\u0107 si\u0119 o dofinansowanie na wyko\u0144czenie \u0142\u0105cznika z Bia\u0142ostockiego Obszaru Funkcjonalnego. B\u0119dzie to wst\u0119p do g\u0142\u00f3wnego zadania \u2013 budowy pe\u0142nowymiarowej hali sportowej z widowni\u0105 na 250 miejsc siedz\u0105cych, kt\u00f3rej szacunkowy koszt ma wynie\u015b\u0107 oko\u0142o 18 milion\u00f3w z\u0142otych. Gmina planuje pozyska\u0107 te \u015brodki z Ministerstwa Sportu oraz Urz\u0119du Marsza\u0142kowskiego.<\/p>\n<p>  <a name=\"topic_2\">Finisz budowy \u0142\u0105cznika za kilkana\u015bcie miesi\u0119cy<\/a>  <\/p>\n<p>Zgodnie z przyj\u0119tym harmonogramem budynek \u0142\u0105cznika ma zosta\u0107 oddany do u\u017cytku w ci\u0105gu 20 miesi\u0119cy. Po jego uko\u0144czeniu samorz\u0105d skupi swoje dzia\u0142ania na sprawnym pozyskaniu dotacji, kt\u00f3re pozwol\u0105 jak najszybciej rozpocz\u0105\u0107 w\u0142a\u015bciwy etap budowy hali, zaspokajaj\u0105c tym samym wieloletnie potrzeby lokalnej spo\u0142eczno\u015bci i uczni\u00f3w.<\/p>\n<p>Co s\u0105dzicie o planach budowy nowej hali sportowej w \u0141apach? Czy to inwestycja, na kt\u00f3r\u0105 czekali\u015bcie? Zapraszamy do dyskusji w komentarzach!<\/p>\n<p>Przemys\u0142aw Sarosiek<\/p>\n<p>                                                                                                                                                                                                        ]]><\/p>\n","protected":false},"excerpt":{"rendered":"Mieszka\u0144cy \u0141ap od dziesi\u0119cioleci czekaj\u0105 na pe\u0142nowymiarowy obiekt sportowy z prawdziwego zdarzenia. Przy Szkole Podstawowej nr 2 wystartowa\u0142a&hellip;\n","protected":false},"author":2,"featured_media":597572,"comment_status":"","ping_status":"","sticky":false,"template":"","format":"standard","meta":{"footnotes":"","_share_on_mastodon":"0"},"categories":[51614],"tags":[2151,109702,52540,10139,112333,118051,261,42,38,40,39,41,55452,58652],"class_list":["post-597571","post","type-post","status-publish","format-standard","has-post-thumbnail","category-bialystok","tag-bialystok","tag-bialostocki-obszar-funkcjonalny","tag-dom-kultury","tag-dotacja","tag-hala-widowiskowo-sportowa","tag-krzysztof-golaszewski","tag-kultura","tag-pl","tag-poland","tag-polish","tag-polska","tag-polski","tag-przemyslaw-sarosiek","tag-sala-gimnastyczna"],"share_on_mastodon":{"url":"https:\/\/pubeurope.com\/@pl\/117030114272167563","error":""},"_links":{"self":[{"href":"https:\/\/www.europesays.com\/pl\/wp-json\/wp\/v2\/posts\/597571","targetHints":{"allow":["GET"]}}],"collection":[{"href":"https:\/\/www.europesays.com\/pl\/wp-json\/wp\/v2\/posts"}],"about":[{"href":"https:\/\/www.europesays.com\/pl\/wp-json\/wp\/v2\/types\/post"}],"author":[{"embeddable":true,"href":"https:\/\/www.europesays.com\/pl\/wp-json\/wp\/v2\/users\/2"}],"replies":[{"embeddable":true,"href":"https:\/\/www.europesays.com\/pl\/wp-json\/wp\/v2\/comments?post=597571"}],"version-history":[{"count":0,"href":"https:\/\/www.europesays.com\/pl\/wp-json\/wp\/v2\/posts\/597571\/revisions"}],"wp:featuredmedia":[{"embeddable":true,"href":"https:\/\/www.europesays.com\/pl\/wp-json\/wp\/v2\/media\/597572"}],"wp:attachment":[{"href":"https:\/\/www.europesays.com\/pl\/wp-json\/wp\/v2\/media?parent=597571"}],"wp:term":[{"taxonomy":"category","embeddable":true,"href":"https:\/\/www.europesays.com\/pl\/wp-json\/wp\/v2\/categories?post=597571"},{"taxonomy":"post_tag","embeddable":true,"href":"https:\/\/www.europesays.com\/pl\/wp-json\/wp\/v2\/tags?post=597571"}],"curies":[{"name":"wp","href":"https:\/\/api.w.org\/{rel}","templated":true}]}}