{"id":598026,"date":"2026-08-03T11:15:18","date_gmt":"2026-08-03T11:15:18","guid":{"rendered":"https:\/\/www.europesays.com\/pl\/598026\/"},"modified":"2026-08-03T11:15:18","modified_gmt":"2026-08-03T11:15:18","slug":"gdzie-zabraknie-pradu-sprawdz-planowane-wylaczenia-aktualnosci-wiadomosci-bialystok-online-portal-miejski-bialystok-bialystok","status":"publish","type":"post","link":"https:\/\/www.europesays.com\/pl\/598026\/","title":{"rendered":"Gdzie zabraknie pr\u0105du? Sprawd\u017a planowane wy\u0142\u0105czenia, Aktualno\u015bci, Wiadomo\u015bci Bia\u0142ystok Online Portal Miejski Bia\u0142ystok (Bialystok)"},"content":{"rendered":"\n<p>            <img decoding=\"async\" class=\"art-figimg\" src=\"https:\/\/www.europesays.com\/pl\/wp-content\/uploads\/2026\/08\/150236-e.jpg\" width=\"375\" height=\"250\" alt=\"Gdzie zabraknie pr\u0105du? Sprawd\u017a planowane wy\u0142\u0105czenia\" loading=\"lazy\" fetchpriority=\"high\"\/><br \/>\n            Fot: Pixabay<\/p>\n<p class=\"art-lid\">W pierwszym tygodniu sierpnia mieszka\u0144cy kilkunastu miejscowo\u015bci i ulic w regionie musz\u0105 liczy\u0107 si\u0119 z czasowymi przerwami w dostawie energii elektrycznej. Wy\u0142\u0105czenia zaplanowano od 3 do 7 sierpnia.<\/p>\n<p class=\"art-cont\">Najd\u0142u\u017csze prace zaplanowano w poniedzia\u0142ek (3 sierpnia). W godzinach od 8:00 do 14:00 pr\u0105du nie b\u0119dzie w P\u0142once-Koz\u0142ach (numery od 1 do 13 i 15A oraz przepompownia). Tego samego dnia, od 9:00 do 14:00, wy\u0142\u0105czenia obejm\u0105 tak\u017ce mieszka\u0144c\u00f3w ul. Spacerowej w Nowodworcach.<\/p>\n<p>We wtorek (4 sierpnia) przerwy w dostawie energii zaplanowano w P\u0142once Ko\u015bcielnej (numery od 30 do 64, ko\u015bci\u00f3\u0142, plebania i przepompownia) oraz w Barszczewie, gdzie prace obejm\u0105 ul. Mi\u0119tow\u0105 oraz cz\u0119\u015b\u0107 ul. Makowej.<\/p>\n<p>W \u015brod\u0119 (5 sierpnia) wy\u0142\u0105czenia b\u0119d\u0105 prowadzone w kilku lokalizacjach. Obejm\u0105 ul. Le\u015bna Polana 35 w Bia\u0142ymstoku, hydroforni\u0119 i przepompowni\u0119 w P\u0142once-Strumiance, wybrane adresy w Izbiszczach oraz posesje przy ul. P\u0142onka Ko\u015bcielna 113 i 116 wraz z przyleg\u0142\u0105 dzia\u0142k\u0105.<\/p>\n<p>Na czwartek (6 sierpnia) zaplanowano prace w Markowszczy\u017anie i Nieckach, Starych Bajkach oraz w Letnikach.<\/p>\n<p>Ostatnie wy\u0142\u0105czenia w tym tygodniu odb\u0119d\u0105 si\u0119 w pi\u0105tek (7 sierpnia). Prace b\u0119d\u0105 prowadzone w Niewodnicy Koryckiej oraz w Zalesianach.<\/p>\n<p>Szczeg\u00f3\u0142owy wykaz adres\u00f3w oraz godziny planowanych wy\u0142\u0105cze\u0144 opublikowa\u0142 operator sieci energetycznej. Mieszka\u0144cy mog\u0105 tak\u017ce uzyska\u0107 informacje w odpowiednich posterunkach energetycznych.<\/p>\n<p class=\"art-autimg\">\n<p>                            <img decoding=\"async\" class=\"art-autimgi\" src=\"https:\/\/www.europesays.com\/pl\/wp-content\/uploads\/2026\/08\/1785755717_775_avatar_1x.jpg\" alt=\"Katarzyna Kozio\u0142\" width=\"64\" height=\"64\" loading=\"lazy\"\/><\/p>\n<p class=\"art-autname\">Katarzyna Kozio\u0142<\/p>\n<p>24@bialystokonline.pl<\/p>\n<p>Przeczytaj tak\u017ce<\/p>\n<p>&#13;<br \/>\n&#13;<br \/>\n&#13;<br \/>\n<img loading=\"lazy\" decoding=\"async\" src=\"https:\/\/www.europesays.com\/pl\/wp-content\/uploads\/2026\/08\/1785755718_790_adlog.gif\" width=\"0\" height=\"0\" alt=\"\" style=\"width: 0px; height: 0px;\"\/><\/p>\n<p>Popularne dzisiaj<\/p>\n","protected":false},"excerpt":{"rendered":"Fot: Pixabay W pierwszym tygodniu sierpnia mieszka\u0144cy kilkunastu miejscowo\u015bci i ulic w regionie musz\u0105 liczy\u0107 si\u0119 z czasowymi&hellip;\n","protected":false},"author":2,"featured_media":598027,"comment_status":"","ping_status":"","sticky":false,"template":"","format":"standard","meta":{"footnotes":"","_share_on_mastodon":"0"},"categories":[51614],"tags":[2151,51731,113,51730,3754,51738,51735,4041,118144,1096,1089,399,17334,51736,2921,3840,51734,8736,1232,120,7116,17265,19285,2607,42,5083,38,40,39,41,6309,1756,2626,118146,8815,38950,123,800,4278,1323,51737,118145,2879,253],"class_list":["post-598026","post","type-post","status-publish","format-standard","has-post-thumbnail","category-bialystok","tag-bialystok","tag-bialystokonline","tag-biznes","tag-bstok","tag-dom","tag-drobne","tag-firm","tag-firmy","tag-gdzie-zabraknie-pradu-sprawdz-planowane-wylaczenia","tag-hotele","tag-imprezy","tag-informacje","tag-katalog","tag-kina","tag-koncert","tag-lokale","tag-miejski","tag-mieszkanie","tag-motoryzacja","tag-nauka","tag-ogloszenia","tag-on-line","tag-online","tag-pge","tag-pl","tag-podlasie","tag-poland","tag-polish","tag-polska","tag-polski","tag-portal","tag-praca","tag-prad","tag-przerwa-w-dostawieaktualnosci","tag-repertuar","tag-rozklad","tag-rozrywka","tag-teatr","tag-turystyka","tag-uroda","tag-urzedy","tag-wylaczenia","tag-zakupy","tag-zdrowie"],"share_on_mastodon":{"url":"","error":"Validation failed: Text character limit of 500 exceeded"},"_links":{"self":[{"href":"https:\/\/www.europesays.com\/pl\/wp-json\/wp\/v2\/posts\/598026","targetHints":{"allow":["GET"]}}],"collection":[{"href":"https:\/\/www.europesays.com\/pl\/wp-json\/wp\/v2\/posts"}],"about":[{"href":"https:\/\/www.europesays.com\/pl\/wp-json\/wp\/v2\/types\/post"}],"author":[{"embeddable":true,"href":"https:\/\/www.europesays.com\/pl\/wp-json\/wp\/v2\/users\/2"}],"replies":[{"embeddable":true,"href":"https:\/\/www.europesays.com\/pl\/wp-json\/wp\/v2\/comments?post=598026"}],"version-history":[{"count":0,"href":"https:\/\/www.europesays.com\/pl\/wp-json\/wp\/v2\/posts\/598026\/revisions"}],"wp:featuredmedia":[{"embeddable":true,"href":"https:\/\/www.europesays.com\/pl\/wp-json\/wp\/v2\/media\/598027"}],"wp:attachment":[{"href":"https:\/\/www.europesays.com\/pl\/wp-json\/wp\/v2\/media?parent=598026"}],"wp:term":[{"taxonomy":"category","embeddable":true,"href":"https:\/\/www.europesays.com\/pl\/wp-json\/wp\/v2\/categories?post=598026"},{"taxonomy":"post_tag","embeddable":true,"href":"https:\/\/www.europesays.com\/pl\/wp-json\/wp\/v2\/tags?post=598026"}],"curies":[{"name":"wp","href":"https:\/\/api.w.org\/{rel}","templated":true}]}}