{"id":598330,"date":"2026-08-03T14:05:20","date_gmt":"2026-08-03T14:05:20","guid":{"rendered":"https:\/\/www.europesays.com\/pl\/598330\/"},"modified":"2026-08-03T14:05:20","modified_gmt":"2026-08-03T14:05:20","slug":"splonela-lodka-dym-bylo-widac-na-s8","status":"publish","type":"post","link":"https:\/\/www.europesays.com\/pl\/598330\/","title":{"rendered":"Sp\u0142on\u0119\u0142a \u0142\u00f3dka. Dym by\u0142o wida\u0107 na S8"},"content":{"rendered":"<p>Zwarcie instalacji elektrycznej by\u0142o prawdopodobnie przyczyna po\u017caru \u0142odzi motorowej na ul. Miodowej. \u0141\u00f3d\u017a zrobiona by\u0142a z tworzywa sztucznego.<br \/>Dym by\u0142o wida\u0107 z trasy szybkiego ruchu S8.<\/p>\n<p>Do po\u017caru dosz\u0142o 1 sierpnia. O godz. 9.16 stra\u017cacy dostali wezwanie na ul Miodow\u0105. Na miejsce pojechali stra\u017cacy z OSP Pabianice i KPSP Pabianice.<\/p>\n<p>Na miejscu zastali rozwini\u0119ty po\u017car. Musieli pracowa\u0107 w aparatach ochrony dr\u00f3g oddechowych ze wzgl\u0119du na zadymienie. \u0141odzi nie uda\u0142o si\u0119 uratowa\u0107.<br \/>Po\u017car ugaszono jednym pr\u0105dem wody i rozebrano \u0142\u00f3dk\u0119. Straty wst\u0119pnie oszacowano na 120 tysi\u0119cy z\u0142.<\/p>\n","protected":false},"excerpt":{"rendered":"Zwarcie instalacji elektrycznej by\u0142o prawdopodobnie przyczyna po\u017caru \u0142odzi motorowej na ul. Miodowej. \u0141\u00f3d\u017a zrobiona by\u0142a z tworzywa sztucznego.Dym&hellip;\n","protected":false},"author":2,"featured_media":598331,"comment_status":"","ping_status":"","sticky":false,"template":"","format":"standard","meta":{"footnotes":"","_share_on_mastodon":"0"},"categories":[51608],"tags":[55598,3652,118209,42,38,40,39,41,2148],"class_list":["post-598330","post","type-post","status-publish","format-standard","has-post-thumbnail","category-lodz","tag-lodka","tag-lodz","tag-miodowa","tag-pl","tag-poland","tag-polish","tag-polska","tag-polski","tag-pozar"],"share_on_mastodon":{"url":"https:\/\/pubeurope.com\/@pl\/117031962413804230","error":""},"_links":{"self":[{"href":"https:\/\/www.europesays.com\/pl\/wp-json\/wp\/v2\/posts\/598330","targetHints":{"allow":["GET"]}}],"collection":[{"href":"https:\/\/www.europesays.com\/pl\/wp-json\/wp\/v2\/posts"}],"about":[{"href":"https:\/\/www.europesays.com\/pl\/wp-json\/wp\/v2\/types\/post"}],"author":[{"embeddable":true,"href":"https:\/\/www.europesays.com\/pl\/wp-json\/wp\/v2\/users\/2"}],"replies":[{"embeddable":true,"href":"https:\/\/www.europesays.com\/pl\/wp-json\/wp\/v2\/comments?post=598330"}],"version-history":[{"count":0,"href":"https:\/\/www.europesays.com\/pl\/wp-json\/wp\/v2\/posts\/598330\/revisions"}],"wp:featuredmedia":[{"embeddable":true,"href":"https:\/\/www.europesays.com\/pl\/wp-json\/wp\/v2\/media\/598331"}],"wp:attachment":[{"href":"https:\/\/www.europesays.com\/pl\/wp-json\/wp\/v2\/media?parent=598330"}],"wp:term":[{"taxonomy":"category","embeddable":true,"href":"https:\/\/www.europesays.com\/pl\/wp-json\/wp\/v2\/categories?post=598330"},{"taxonomy":"post_tag","embeddable":true,"href":"https:\/\/www.europesays.com\/pl\/wp-json\/wp\/v2\/tags?post=598330"}],"curies":[{"name":"wp","href":"https:\/\/api.w.org\/{rel}","templated":true}]}}