{"id":598977,"date":"2026-08-03T21:12:07","date_gmt":"2026-08-03T21:12:07","guid":{"rendered":"https:\/\/www.europesays.com\/pl\/598977\/"},"modified":"2026-08-03T21:12:07","modified_gmt":"2026-08-03T21:12:07","slug":"rosja-atak-ukrainskiego-drona-na-cywilow-w-archipo-osipowce","status":"publish","type":"post","link":"https:\/\/www.europesays.com\/pl\/598977\/","title":{"rendered":"Rosja: Atak ukrai\u0144skiego drona na cywil\u00f3w w Archipo-Osipowce"},"content":{"rendered":"\n<p>&#13;<br \/>\nW wyniku ataku si\u0142 zbrojnych Ukrainy ofiar\u0105 padli cywile. Rzecz dzia\u0142a si\u0119 w\u00a0miejscowo\u015bci Archipo-Osipowka w\u00a0Kraju Krasnodarskim w\u00a0po\u0142udniowo-zachodniej cz\u0119\u015bci Rosji, nad Morzem Czarnym i\u00a0Morzem Azowskim. Na\u00a0razie zdecydowana wi\u0119kszo\u015b\u0107 zachodnioeuropejskich medi\u00f3w nie\u00a0informuje o\u00a0tej sprawie. Napisa\u0142 o\u00a0niej brytyjski BBC News. &#13;\n<\/p>\n<p> Archipo-Osipowka. Dron uderzy\u0142 w\u00a0cywil\u00f3w <\/p>\n<p>&#13;<br \/>\n<a href=\"https:\/\/dorzeczy.pl\/opinie\/924202\/zabici-rosyjscy-cywile-ostre-slowa-zacharowej-o-nato-i-ue.html\" rel=\"nofollow noopener\" target=\"_blank\">Moskwa twierdzi<\/a>, \u017ce\u00a0by\u0142 to\u00a0celowy atak wojsk kijowskich na\u00a0cywil\u00f3w, ukrai\u0144skie media twierdz\u0105 natomiast, \u017ce\u00a0dron mia\u0142 inny cel, ale\u00a0zosta\u0142 zestrzelony przez rosyjsk\u0105 obron\u0119 przeciwpowietrzn\u0105 akurat nad zat\u0142oczon\u0105 pla\u017c\u0105. Donoszono, \u017ce\u00a0m\u00f3g\u0142 on by\u0107 wymierzony w\u00a0rosyjsk\u0105 baz\u0119 morsk\u0105 oddalon\u0105 o\u00a0oko\u0142o 40 kilometr\u00f3w od\u00a0miejsca zdarzenia. &#13;\n<\/p>\n<p>&#13;<br \/>\nStrona ukrai\u0144ska na\u00a0razie nie\u00a0skomentowa\u0142a sprawy. Administracja Federacji Rosyjskiej wskaza\u0142a, \u017ce\u00a0w\u00a0wyniku ukrai\u0144skiego ataku ukrai\u0144skiego zgin\u0119\u0142o siedem os\u00f3b, a\u00a040 zosta\u0142o rannych. Trzy z\u00a0ofiar \u015bmiertelnych to\u00a0dzieci. &#13;\n<\/p>\n<p>Rosyjsko-ukrai\u0144ska proxy war <\/p>\n<p>&#13;<br \/>\nWojna na\u00a0Ukrainie trwa ju\u017c 1622 dni. Mimo olbrzymiej ilo\u015bci ofiar w\u00a0ludziach po\u00a0obu stronach, od\u00a0d\u0142ugiego czasu jest to\u00a0w\u00a0du\u017cej mierze jest wojna dron\u00f3w i\u00a0innych \u015brodk\u00f3w napadu powietrznego. Rosjanie i\u00a0Ukrai\u0144cy uderzaj\u0105 na\u00a0cele wojskowe i\u00a0infrastruktur\u0119 zwi\u0105zan\u0105 z\u00a0prowadzeniem wojny. Kiedy rakieta czy\u00a0dron uderzy w\u00a0cywil\u00f3w, walcz\u0105cy nie\u00a0przyznaj\u0105 si\u0119 do\u00a0tego. &#13;\n<\/p>\n<p>&#13;<br \/>\nUkrain\u0119 finansuj\u0105 i\u00a0wspomagaj\u0105 sprz\u0119towo i\u00a0finansowo USA i\u00a0pa\u0144stwa europejskie. Pr\u00f3by doprowadzenia do\u00a0zako\u0144czenia wojny podj\u0119te przez prezydenta Donalda Trumpa, jak na\u00a0razie, zako\u0144czy\u0142y si\u0119 niepowodzeniem. Federacja Rosyjska jest natomiast wspomagana przez Chiny, cho\u0107 zakres pomocy nie\u00a0jest znany. Pekin wielokrotnie podkre\u015bla\u0142 te\u017c, \u017ce\u00a0zajmuje jasne stanowisko \u2013\u00a0konflikt musi zosta\u0107 zako\u0144czony z\u00a0poszanowaniem obaw i\u00a0argument\u00f3w obu walcz\u0105cych stron. &#13;\n<\/p>\n<p>&#13;<br \/>\n   Czytaj te\u017c:<br \/><a href=\"https:\/\/dorzeczy.pl\/swiat\/924262\/zelenski-pouczyl-ambasadorow-maja-dzialac-roznymi-metodami.html\" rel=\"follow nofollow noopener\" data-schema=\"DORZECZY\" data-image=\"https:\/\/img.dorzeczy.pl\/_thumb\/31\/66\/c23f1297ab4bca9ba44c1a919a59.jpeg\" target=\"_blank\">Ze\u0142enski pouczy\u0142 ambasador\u00f3w. R\u00f3\u017cnymi metodami za\u0142atwia\u0107 bro\u0144 i\u00a0pieni\u0105dze<\/a>   Czytaj te\u017c:<br \/><a href=\"https:\/\/dorzeczy.pl\/opinie\/924274\/ukraincy-w-polskiej-obronie-cywilnej-ekspert-nie-ma-watpliwosci.html\" rel=\"follow nofollow noopener\" data-schema=\"DORZECZY\" data-image=\"https:\/\/img.dorzeczy.pl\/_thumb\/7a\/6d\/0a030e90f56e0ab1b7f6e4ccbf29.jpeg\" target=\"_blank\">Ukrai\u0144cy w\u00a0polskiej obronie cywilnej? Ekspert nie\u00a0ma\u00a0w\u0105tpliwo\u015bci<\/a>&#13;<\/p>\n","protected":false},"excerpt":{"rendered":"&#13; W wyniku ataku si\u0142 zbrojnych Ukrainy ofiar\u0105 padli cywile. Rzecz dzia\u0142a si\u0119 w\u00a0miejscowo\u015bci Archipo-Osipowka w\u00a0Kraju Krasnodarskim w\u00a0po\u0142udniowo-zachodniej&hellip;\n","protected":false},"author":2,"featured_media":598978,"comment_status":"","ping_status":"","sticky":false,"template":"","format":"standard","meta":{"footnotes":"","_share_on_mastodon":"0"},"categories":[14],"tags":[118344,33820,32,33,6570,98,743,27,34,35,28,31,25,103,40,41,87,80,29,30,415,26,82,83,84],"class_list":["post-598977","post","type-post","status-publish","format-standard","has-post-thumbnail","category-swiat","tag-archipo-osipowka","tag-bezzalogowiec","tag-breaking-news","tag-breakingnews","tag-do-rzeczy","tag-dorzeczy","tag-dron","tag-headlines","tag-latest-news","tag-latestnews","tag-naglowki","tag-najwazniejsze-artykuly","tag-news","tag-obserwator-mediow","tag-polish","tag-polski","tag-rosja","tag-swiat","tag-top-stories","tag-topstories","tag-ukraina","tag-wiadomosci","tag-world","tag-world-news","tag-worldnews"],"share_on_mastodon":{"url":"https:\/\/pubeurope.com\/@pl\/117033641189329003","error":""},"_links":{"self":[{"href":"https:\/\/www.europesays.com\/pl\/wp-json\/wp\/v2\/posts\/598977","targetHints":{"allow":["GET"]}}],"collection":[{"href":"https:\/\/www.europesays.com\/pl\/wp-json\/wp\/v2\/posts"}],"about":[{"href":"https:\/\/www.europesays.com\/pl\/wp-json\/wp\/v2\/types\/post"}],"author":[{"embeddable":true,"href":"https:\/\/www.europesays.com\/pl\/wp-json\/wp\/v2\/users\/2"}],"replies":[{"embeddable":true,"href":"https:\/\/www.europesays.com\/pl\/wp-json\/wp\/v2\/comments?post=598977"}],"version-history":[{"count":0,"href":"https:\/\/www.europesays.com\/pl\/wp-json\/wp\/v2\/posts\/598977\/revisions"}],"wp:featuredmedia":[{"embeddable":true,"href":"https:\/\/www.europesays.com\/pl\/wp-json\/wp\/v2\/media\/598978"}],"wp:attachment":[{"href":"https:\/\/www.europesays.com\/pl\/wp-json\/wp\/v2\/media?parent=598977"}],"wp:term":[{"taxonomy":"category","embeddable":true,"href":"https:\/\/www.europesays.com\/pl\/wp-json\/wp\/v2\/categories?post=598977"},{"taxonomy":"post_tag","embeddable":true,"href":"https:\/\/www.europesays.com\/pl\/wp-json\/wp\/v2\/tags?post=598977"}],"curies":[{"name":"wp","href":"https:\/\/api.w.org\/{rel}","templated":true}]}}