{"id":599009,"date":"2026-08-03T21:37:10","date_gmt":"2026-08-03T21:37:10","guid":{"rendered":"https:\/\/www.europesays.com\/pl\/599009\/"},"modified":"2026-08-03T21:37:10","modified_gmt":"2026-08-03T21:37:10","slug":"nagla-smierc-wschodzacej-gwiazdy-nie-zyje-natasha-ward","status":"publish","type":"post","link":"https:\/\/www.europesays.com\/pl\/599009\/","title":{"rendered":"Nag\u0142a \u015bmier\u0107 wschodz\u0105cej gwiazdy. Nie \u017cyje Natasha Ward"},"content":{"rendered":"\n<p class=\"contentpart contentpart--default contentpart--text\" data-position=\"0\">O \u015bmierci Natashy Ward poinformowali wsp\u00f3lnie NSW Athletics (g\u0142\u00f3wna organizacja sportowa zarz\u0105dzaj\u0105ca lekkoatletyk\u0105 w australijskim stanie Nowa Po\u0142udniowa Walia przy. red)\u00a0oraz klub Sutherland District Athletics. Jak przekaza\u0142 &#8222;The Sun&#8221;, 21-letnia Australijka zmar\u0142a w czwartek. Nie wiadomo, jaka by\u0142a przyczyna \u015bmierci.<\/p>\n<p class=\"contentpart contentpart--default contentpart--text\" data-position=\"1\">W oficjalnym komunikacie podkre\u015blono zar\u00f3wno sportowe osi\u0105gni\u0119cia zawodniczki, jak i jej rol\u0119 w lokalnej spo\u0142eczno\u015bci<\/p>\n<p>  <img decoding=\"async\" src=\"https:\/\/v.wpimg.pl\/X3dwLnN2d1IFFTpdYUl6R0ZNbgcnEHQREVV2TGEGbUtRT2MdOlZ2RBQUKABgQjQcDRotCStBd1IAAWMeIlM7VgwYIAorQAdEFFk_GCkQJQ\" alt=\"\" width=\"45\" height=\"58\" loading=\"lazy\"\/>  <\/p>\n<p class=\"contentpart contentpart--default contentpart--text\" data-position=\"2\">ZOBACZ WIDEO: PZM dostrzeg\u0142 problem. To koniec milionowych zarobk\u00f3w Polak\u00f3w?<\/p>\n<p class=\"contentpart contentpart--default contentpart--text\" data-position=\"4\">&#8222;Z ogromnym smutkiem informujemy spo\u0142eczno\u015b\u0107 lekkoatletyczn\u0105 Nowej Po\u0142udniowej Walii i ca\u0142ej Australii o \u015bmierci naszej ukochanej zawodniczki Natashy Ward. By\u0142a cenion\u0105 biegaczk\u0105 \u015bredniodystansow\u0105. Ju\u017c jako juniorka zdobywa\u0142a medale mistrzostw szk\u00f3\u0142 Nowej Po\u0142udniowej Walii na dystansie 1500 metr\u00f3w. P\u00f3\u017aniej odnosi\u0142a sukcesy r\u00f3wnie\u017c w rywalizacji seniorek \u2013 w 2023 roku wywalczy\u0142a medal UniSport Nationals na 1500 metr\u00f3w, a w kwietniu tego roku zdoby\u0142a br\u0105z na 800 metr\u00f3w&#8221; &#8211; opublikowa\u0142\u00a0Sutherland District Athletics Club.<\/p>\n<p class=\"contentpart contentpart--default contentpart--text\" data-position=\"5\">W\u0142adze klubu zwr\u00f3ci\u0142y uwag\u0119, \u017ce Ward by\u0142a wyj\u0105tkowo cenion\u0105 osob\u0105 tak\u017ce poza stadionem.&#8221;Poza sukcesami sportowymi Natasha by\u0142a niezwykle lubian\u0105 cz\u0142onkini\u0105 naszej spo\u0142eczno\u015bci. Jej \u017cyczliwo\u015b\u0107 i rado\u015b\u0107 pozostawi\u0142y trwa\u0142y \u015blad w australijskiej lekkoatletyce. Zawsze inspirowa\u0142a partner\u00f3w treningowych swoj\u0105 determinacj\u0105 i ch\u0119tnie pomaga\u0142a dru\u017cynie, gdy by\u0142a taka potrzeba. Nasze my\u015bli s\u0105 z jej rodzin\u0105, przyjaci\u00f3\u0142mi i wszystkimi, kt\u00f3rzy mieli szcz\u0119\u015bcie j\u0105 pozna\u0107&#8221; \u2013 dodano.<\/p>\n<p>  <img decoding=\"async\" src=\"https:\/\/v.wpimg.pl\/X3dwLnN2d1IFFTpdYUl6R0ZNbgcnEHQREVV2TGEGbUtRT2MdOlZ2RBQUKABgQjQcDRotCStBd1IAAWMeIlM7VgwYIAorQAdEFFk_GCkQJQ\" alt=\"\" width=\"45\" height=\"58\" loading=\"lazy\"\/>  <\/p>\n<p class=\"contentpart contentpart--default contentpart--text\" data-position=\"6\">Ward startowa\u0142a m.in. w mistrzostwach Australii w 2024 roku, rywalizuj\u0105c z czo\u0142owymi zawodniczkami kraju, w tym Morgan Mitchell i Claudi\u0105 Hollingsworth.<\/p>\n<p class=\"contentpart contentpart--default contentpart--text\" data-position=\"7\">Jej \u015bmier\u0107 poruszy\u0142a \u015brodowisko lekkoatletyczne. Biegacz Nathan Breen napisa\u0142: &#8222;To druzgoc\u0105ca wiadomo\u015b\u0107. My\u015blami i modlitw\u0105 jestem z rodzin\u0105 i przyjaci\u00f3\u0142mi Natashy&#8221;.<\/p>\n<p class=\"contentpart contentpart--default contentpart--text\" data-position=\"8\">W mediach spo\u0142eczno\u015bciowych pojawi\u0142o si\u0119 tak\u017ce wiele wspomnie\u0144 os\u00f3b, kt\u00f3re podkre\u015bla\u0142y jej serdeczno\u015b\u0107 i gotowo\u015b\u0107 do pomocy. Zaledwie kilka tygodni wcze\u015bniej australijska lekkoatletyka prze\u017cy\u0142a inn\u0105 tragedi\u0119 \u2013 w wieku 25 lat zmar\u0142a sprinterka Jemma Stapleton.<\/p>\n","protected":false},"excerpt":{"rendered":"O \u015bmierci Natashy Ward poinformowali wsp\u00f3lnie NSW Athletics (g\u0142\u00f3wna organizacja sportowa zarz\u0105dzaj\u0105ca lekkoatletyk\u0105 w australijskim stanie Nowa Po\u0142udniowa&hellip;\n","protected":false},"author":2,"featured_media":599010,"comment_status":"","ping_status":"","sticky":false,"template":"","format":"standard","meta":{"footnotes":"","_share_on_mastodon":"0"},"categories":[24],"tags":[995,522,42,38,40,39,41,127,126],"class_list":["post-599009","post","type-post","status-publish","format-standard","has-post-thumbnail","category-sport","tag-australia","tag-lekkoatletyka","tag-pl","tag-poland","tag-polish","tag-polska","tag-polski","tag-sport","tag-sports"],"share_on_mastodon":{"url":"https:\/\/pubeurope.com\/@pl\/117033739863445611","error":""},"_links":{"self":[{"href":"https:\/\/www.europesays.com\/pl\/wp-json\/wp\/v2\/posts\/599009","targetHints":{"allow":["GET"]}}],"collection":[{"href":"https:\/\/www.europesays.com\/pl\/wp-json\/wp\/v2\/posts"}],"about":[{"href":"https:\/\/www.europesays.com\/pl\/wp-json\/wp\/v2\/types\/post"}],"author":[{"embeddable":true,"href":"https:\/\/www.europesays.com\/pl\/wp-json\/wp\/v2\/users\/2"}],"replies":[{"embeddable":true,"href":"https:\/\/www.europesays.com\/pl\/wp-json\/wp\/v2\/comments?post=599009"}],"version-history":[{"count":0,"href":"https:\/\/www.europesays.com\/pl\/wp-json\/wp\/v2\/posts\/599009\/revisions"}],"wp:featuredmedia":[{"embeddable":true,"href":"https:\/\/www.europesays.com\/pl\/wp-json\/wp\/v2\/media\/599010"}],"wp:attachment":[{"href":"https:\/\/www.europesays.com\/pl\/wp-json\/wp\/v2\/media?parent=599009"}],"wp:term":[{"taxonomy":"category","embeddable":true,"href":"https:\/\/www.europesays.com\/pl\/wp-json\/wp\/v2\/categories?post=599009"},{"taxonomy":"post_tag","embeddable":true,"href":"https:\/\/www.europesays.com\/pl\/wp-json\/wp\/v2\/tags?post=599009"}],"curies":[{"name":"wp","href":"https:\/\/api.w.org\/{rel}","templated":true}]}}