{"id":599111,"date":"2026-08-03T22:56:27","date_gmt":"2026-08-03T22:56:27","guid":{"rendered":"https:\/\/www.europesays.com\/pl\/599111\/"},"modified":"2026-08-03T22:56:27","modified_gmt":"2026-08-03T22:56:27","slug":"policjant-pod-wplywem-alkoholu-uderzyl-radiowozem-w-budynek-komendy-grozi-mu-wydalenie-ze-sluzby","status":"publish","type":"post","link":"https:\/\/www.europesays.com\/pl\/599111\/","title":{"rendered":"Policjant pod wp\u0142ywem alkoholu uderzy\u0142 radiowozem w budynek komendy. Grozi mu wydalenie ze s\u0142u\u017cby"},"content":{"rendered":"<p>Do zdarzenia dosz\u0142o w miniony weekend na terenie Komendy Miejskiej Policji w Che\u0142mie. Funkcjonariusz Wydzia\u0142u Patrolowo-Interwencyjnego wykonywa\u0142 manewr cofania radiowozem, kiedy uderzy\u0142 w \u015bcian\u0119 budynku komendy.<\/p>\n<p>Przeprowadzone na miejscu badanie alkomatem potwierdzi\u0142o, \u017ce 52-latek by\u0142 nietrze\u017awy. Urz\u0105dzenie wskaza\u0142o 0,6 promila alkoholu w jego organizmie. Od funkcjonariusza pobrano r\u00f3wnie\u017c krew, kt\u00f3ra zostanie poddana dalszym badaniom.<\/p>\n<p>Policjant zosta\u0142 zawieszony<\/p>\n<p>O sprawie niezw\u0142ocznie powiadomiono prokuratora, Biuro Spraw Wewn\u0119trznych Policji oraz Wydzia\u0142 Kontroli Komendy Wojew\u00f3dzkiej Policji w Lublinie. Wobec mundurowego prowadzone s\u0105 post\u0119powania karne i dyscyplinarne.<\/p>\n<p>Komendant Miejski Policji w Che\u0142mie zdecydowa\u0142 o zawieszeniu funkcjonariusza oraz rozpocz\u0105\u0142 procedur\u0119 zmierzaj\u0105c\u0105 do wydalenia go ze s\u0142u\u017cby.<\/p>\n<p>\u2013 Reakcja komendanta jednostki w tym przypadku by\u0142a natychmiastowa i zdecydowana. Funkcjonariusz zosta\u0142 zawieszony \u2013 przekaza\u0142a nadkomisarz Ewa Czy\u017c z Komendy Miejskiej Policji w Che\u0142mie.<\/p>\n<p>Policja zapowiada stanowcze konsekwencje<\/p>\n<p>Che\u0142mska policja podkre\u015bla, \u017ce naruszanie prawa przez funkcjonariuszy spotyka si\u0119 ze zdecydowan\u0105 reakcj\u0105 prze\u0142o\u017conych.<\/p>\n<p>\u2013 Podkre\u015blamy, \u017ce wobec ka\u017cdego policjanta, kt\u00f3ry narusza prawo lub zasady etyki zawodowej, wyci\u0105gane b\u0119d\u0105 natychmiastowe i stanowcze konsekwencje \u2013 zaznaczy\u0142a nadkomisarz Ewa Czy\u017c.<\/p>\n<p>Okoliczno\u015bci zdarzenia oraz odpowiedzialno\u015b\u0107 52-letniego funkcjonariusza zostan\u0105 ustalone w ramach prowadzonych post\u0119powa\u0144.<\/p>\n<p>\u00a0<\/p>\n<p>\u0179r\u00f3d\u0142o: Policja Che\u0142m<\/p>\n","protected":false},"excerpt":{"rendered":"Do zdarzenia dosz\u0142o w miniony weekend na terenie Komendy Miejskiej Policji w Che\u0142mie. Funkcjonariusz Wydzia\u0142u Patrolowo-Interwencyjnego wykonywa\u0142 manewr&hellip;\n","protected":false},"author":2,"featured_media":599112,"comment_status":"","ping_status":"","sticky":false,"template":"","format":"standard","meta":{"footnotes":"","_share_on_mastodon":"0"},"categories":[51612],"tags":[6549,118363,3431,1081,118364,42,38,9017,40,39,41,25564,8434,118365],"class_list":["post-599111","post","type-post","status-publish","format-standard","has-post-thumbnail","category-lublin","tag-chelm","tag-kmp-chelm","tag-kolizja","tag-lublin","tag-nietrzezwy-funkcjonariusz","tag-pl","tag-poland","tag-policjant","tag-polish","tag-polska","tag-polski","tag-postepowanie-dyscyplinarne","tag-radiowoz","tag-wydalenie-ze-sluzby"],"share_on_mastodon":{"url":"https:\/\/pubeurope.com\/@pl\/117034050224461563","error":""},"_links":{"self":[{"href":"https:\/\/www.europesays.com\/pl\/wp-json\/wp\/v2\/posts\/599111","targetHints":{"allow":["GET"]}}],"collection":[{"href":"https:\/\/www.europesays.com\/pl\/wp-json\/wp\/v2\/posts"}],"about":[{"href":"https:\/\/www.europesays.com\/pl\/wp-json\/wp\/v2\/types\/post"}],"author":[{"embeddable":true,"href":"https:\/\/www.europesays.com\/pl\/wp-json\/wp\/v2\/users\/2"}],"replies":[{"embeddable":true,"href":"https:\/\/www.europesays.com\/pl\/wp-json\/wp\/v2\/comments?post=599111"}],"version-history":[{"count":0,"href":"https:\/\/www.europesays.com\/pl\/wp-json\/wp\/v2\/posts\/599111\/revisions"}],"wp:featuredmedia":[{"embeddable":true,"href":"https:\/\/www.europesays.com\/pl\/wp-json\/wp\/v2\/media\/599112"}],"wp:attachment":[{"href":"https:\/\/www.europesays.com\/pl\/wp-json\/wp\/v2\/media?parent=599111"}],"wp:term":[{"taxonomy":"category","embeddable":true,"href":"https:\/\/www.europesays.com\/pl\/wp-json\/wp\/v2\/categories?post=599111"},{"taxonomy":"post_tag","embeddable":true,"href":"https:\/\/www.europesays.com\/pl\/wp-json\/wp\/v2\/tags?post=599111"}],"curies":[{"name":"wp","href":"https:\/\/api.w.org\/{rel}","templated":true}]}}