{"id":59916,"date":"2025-10-21T03:48:09","date_gmt":"2025-10-21T03:48:09","guid":{"rendered":"https:\/\/www.europesays.com\/pl\/59916\/"},"modified":"2025-10-21T03:48:09","modified_gmt":"2025-10-21T03:48:09","slug":"mezczyzna-smiertelnie-pogryziony-przez-psy-nowe-doniesienia-o-wlascicielu-zwierzat","status":"publish","type":"post","link":"https:\/\/www.europesays.com\/pl\/59916\/","title":{"rendered":"M\u0119\u017cczyzna \u015bmiertelnie pogryziony przez psy. Nowe doniesienia o w\u0142a\u015bcicielu zwierz\u0105t"},"content":{"rendered":"<ul class=\"UnorderedList_container__nmfSl\">\n<li class=\"UnorderedList_listElement__Py7xi\" data-id=\"ai-summary-link\">Du\u017co czytania, a ma\u0142o czasu? Sprawd\u017a\u00a0skr\u00f3t\u00a0artyku\u0142u<\/li>\n<\/ul>\n<p class=\"Paragraph_desktopParagraph__U31Gm\">W\u0105tek innych poszkodowanych przez zwierz\u0119ta os\u00f3b poruszy\u0142 TVN w materiale &#8222;Uwagi!&#8221;. Okaza\u0142o si\u0119, \u017ce w\u0142a\u015bcicielem ps\u00f3w, owczark\u00f3w, jest by\u0142y funkcjonariusz policji, kt\u00f3ry prowadzi strzelnic\u0119. Jedna z poszkodowanych opowiedzia\u0142a o sytuacji z 2022 r.<\/p>\n<p class=\"Paragraph_desktopParagraph__U31Gm\">\u2014 Sz\u0142y\u015bmy drog\u0105 ko\u0142o strzelnicy. Nagle ch\u0142opak mojej c\u00f3rki zacz\u0105\u0142 krzycze\u0107, \u017ce biegn\u0105 na nas psy. Najpierw cztery psy powali\u0142y naszego psa. Moja c\u00f3rka zacz\u0119\u0142a krzycze\u0107, psy rzuci\u0142y si\u0119 na ni\u0105. Przewr\u00f3ci\u0142y j\u0105. Z\u0142apa\u0142am za ga\u0142\u0105\u017a i zacz\u0119\u0142am broni\u0107 c\u00f3rki, wtedy jeden z ps\u00f3w rzuci\u0142 si\u0119 na mnie. Powali\u0142 mnie i mnie ugryz\u0142. Na wa\u0142ach [pobliskiej strzelnicy \u2014 red.] stan\u0105\u0142 w\u0142a\u015bciciel ps\u00f3w. Krzycza\u0142am do niego, aby je zabra\u0142. Ale on sta\u0142 i patrzy\u0142, nie zawo\u0142a\u0142 tych ps\u00f3w. Nagle zza wa\u0142\u00f3w wyskoczy\u0142y dwie osoby, prawdopodobnie, kt\u00f3re by\u0142y na strzelnicy i to one odwo\u0142a\u0142y je i zabra\u0142y. Dwa razy dzwoni\u0142am na 112 i przez cztery godziny nikt nie przyjecha\u0142 \u2014 m\u00f3wi\u0142a.<\/p>\n<ul class=\"OchatFollowUps_wrapper__1ry7X\">\n<li class=\"OchatFollowUps_item__Dhyly OchatFollowUps_itemDesktop__R6aBv\">Jakie rany odni\u00f3s\u0142 m\u0119\u017cczyzna podczas ataku ps\u00f3w?<\/li>\n<li class=\"OchatFollowUps_item__Dhyly OchatFollowUps_itemDesktop__R6aBv\">Co si\u0119 sta\u0142o z psami po ataku?<\/li>\n<li class=\"OchatFollowUps_item__Dhyly OchatFollowUps_itemDesktop__R6aBv\">Jakie by\u0142y wcze\u015bniejsze incydenty z udzia\u0142em tych ps\u00f3w?<\/li>\n<li class=\"OchatFollowUps_item__Dhyly OchatFollowUps_itemDesktop__R6aBv\">Jakie kroki podj\u0119\u0142a policja w tej sprawie?<\/li>\n<\/ul>\n<p class=\"Paragraph_desktopParagraph__U31Gm\">Cho\u0107 kobieta i jej c\u00f3rka odnios\u0142y obra\u017cenia, to policja mia\u0142a wyst\u0105pi\u0107 z wnioskiem o wykroczenie i w\u0142a\u015bciciel zwierz\u0105t zasta\u0142 ukarany mandatem w wysoko\u015bci 600 z\u0142.<\/p>\n<p>M\u0119\u017cczyzna \u015bmiertelnie pogryziony przez psy. Te same mia\u0142y odgry\u017a\u0107 innemu uszy <\/p>\n<p class=\"Paragraph_desktopParagraph__U31Gm\">Inny przypadek opisa\u0142a &#8222;Gazeta Lubuska&#8221;, do kt\u00f3rej odezwa\u0142 si\u0119 m\u0119\u017cczyzna, z kt\u00f3rego relacji wynika, \u017ce te same psy zaatakowa\u0142y r\u00f3wnie\u017c jego. Jak twierdzi, <a href=\"https:\/\/wiadomosci.onet.pl\/lubuskie\/mezczyzna-smiertelnie-pogryziony-przez-psy-pojawil-sie-kolejny-poszkodowany\/v7g6ezz\" id=\"393ed21e-1b3d-4197-999a-acdd28d00b44\" rel=\"nofollow noopener\" target=\"_blank\">zwierz\u0119ta odgryz\u0142y mu uszy.<\/a><\/p>\n<p class=\"Paragraph_desktopParagraph__U31Gm\">\u2014 Sko\u0144czy\u0142o si\u0119 to tak, \u017ce syn by\u0142 oczerniany, \u017ce wtargn\u0105\u0142 na teren prywatnej posesji. A pan by\u0142y policjant nigdy nie us\u0142ysza\u0142 zarzut\u00f3w \u2014 opisa\u0142 w TVN syn poszkodowanego.<\/p>\n<p class=\"Paragraph_desktopParagraph__U31Gm\">W\u0142a\u015bciciel strzelnicy z\u0142o\u017cy\u0142 zeznania, z kt\u00f3rych wynika\u0142o, \u017ce poszkodowany mia\u0142 rzekomo w\u0142ama\u0107 si\u0119 na teren jego posesji. Post\u0119powanie zosta\u0142o umorzone, a owczarki po kr\u00f3tkim pobycie w schronisku wr\u00f3ci\u0142y do w\u0142a\u015bciciela.<\/p>\n<p class=\"Paragraph_desktopParagraph__U31Gm\">\u2014 W 2024 r. trafi\u0142y do nas z ranami postrza\u0142owymi i kutymi. \u015awiadczy to o tym, \u017ce gdy dosz\u0142o do pogryzienia, nie mogli nad nimi zapanowa\u0107, nawet sam w\u0142a\u015bciciel, kt\u00f3ry by\u0142 na miejscu. Mo\u017ce strzela\u0142, \u017ceby si\u0119 uspokoi\u0142y \u2014 m\u00f3wi Dominika Gr\u0119zicka, pracownica schroniska dla zwierz\u0105t w Zielonej G\u00f3rze.<\/p>\n<p class=\"Paragraph_desktopParagraph__U31Gm\">\u2014 Schronisko w 2024 r. nie chcia\u0142o wyda\u0107 tych ps\u00f3w. Natomiast z uwagi, \u017ce pan korzysta\u0142 z pomocy policji, kt\u00f3ra przyjecha\u0142a z nim na miejsce, to wyegzekwowali na pracownikach ich oddanie w\u0142a\u015bcicielowi \u2014 m\u00f3wi Krzysztof Rukoj\u0107, dyrektor schroniska dla zwierz\u0105t w Zielonej G\u00f3rze.<\/p>\n<p class=\"Paragraph_desktopParagraph__U31Gm\">Kilkana\u015bcie dni temu dosz\u0142o do tragedii \u2014 pochodz\u0105cy z Pu\u0142aw (woj. lubelskie) 46-latek, pracuj\u0105cy jako kierowca ci\u0119\u017car\u00f3wki, zatrzyma\u0142 si\u0119 12 pa\u017adziernika na MOP-ie Racula przy trasie S3 w Zielonej G\u00f3rze na przepisow\u0105 przerw\u0119. Korzystaj\u0105c z wolnego czasu wybra\u0142 si\u0119 do pobliskiego lasu na grzyby. Tam zosta\u0142 zaatakowany przez trzy du\u017ce psy.<\/p>\n<p class=\"Paragraph_desktopParagraph__U31Gm\">Z ustale\u0144 \u015bledczych wynika, \u017ce zwierz\u0119ta wydosta\u0142y si\u0119 poza teren ogrodzenia strzelnicy i zaatakowa\u0142y przechodz\u0105cego w pobli\u017cu 46-latka. Ten dozna\u0142 co najmniej 53 ran szarpanych i gryzionych. Pomimo podj\u0119tych dzia\u0142a\u0144 ratunkowych i operacji po niespe\u0142na trzech dobach m\u0119\u017cczyzna zmar\u0142 w wyniku odniesionych obra\u017ce\u0144.<\/p>\n<p class=\"Paragraph_desktopParagraph__U31Gm\">Prokurator zleci\u0142 bieg\u0142ym specjalistyczne badania maj\u0105ce na celu ustalenie stanu fizycznego i psychicznego zwierz\u0105t oraz warunk\u00f3w, w jakich by\u0142y utrzymywane. Psy zosta\u0142y umieszczone w domu tymczasowym.<\/p>\n","protected":false},"excerpt":{"rendered":"Du\u017co czytania, a ma\u0142o czasu? Sprawd\u017a\u00a0skr\u00f3t\u00a0artyku\u0142u W\u0105tek innych poszkodowanych przez zwierz\u0119ta os\u00f3b poruszy\u0142 TVN w materiale &#8222;Uwagi!&#8221;. Okaza\u0142o&hellip;\n","protected":false},"author":2,"featured_media":59917,"comment_status":"","ping_status":"","sticky":false,"template":"","format":"standard","meta":{"footnotes":""},"categories":[5],"tags":[32,33,36,37,27,34,35,28,31,53,25,52,68,51,55,42,38,251,40,39,41,47,29,30,1113,65,50,26,13717],"class_list":{"0":"post-59916","1":"post","2":"type-post","3":"status-publish","4":"format-standard","5":"has-post-thumbnail","7":"category-naglowki","8":"tag-breaking-news","9":"tag-breakingnews","10":"tag-featured-news","11":"tag-featurednews","12":"tag-headlines","13":"tag-latest-news","14":"tag-latestnews","15":"tag-naglowki","16":"tag-najwazniejsze-artykuly","17":"tag-new_header","18":"tag-news","19":"tag-onet3","20":"tag-onet3d","21":"tag-onet3d_2i","22":"tag-phx","23":"tag-pl","24":"tag-poland","25":"tag-policja_policjanci_policjant_policjantka_policjantki","26":"tag-polish","27":"tag-polska","28":"tag-polski","29":"tag-screening_general","30":"tag-top-stories","31":"tag-topstories","32":"tag-tvn_tvn24_tvn7_telewizja","33":"tag-update_me","34":"tag-v2021","35":"tag-wiadomosci","36":"tag-zielona_gora"},"share_on_mastodon":{"url":"","error":""},"_links":{"self":[{"href":"https:\/\/www.europesays.com\/pl\/wp-json\/wp\/v2\/posts\/59916","targetHints":{"allow":["GET"]}}],"collection":[{"href":"https:\/\/www.europesays.com\/pl\/wp-json\/wp\/v2\/posts"}],"about":[{"href":"https:\/\/www.europesays.com\/pl\/wp-json\/wp\/v2\/types\/post"}],"author":[{"embeddable":true,"href":"https:\/\/www.europesays.com\/pl\/wp-json\/wp\/v2\/users\/2"}],"replies":[{"embeddable":true,"href":"https:\/\/www.europesays.com\/pl\/wp-json\/wp\/v2\/comments?post=59916"}],"version-history":[{"count":0,"href":"https:\/\/www.europesays.com\/pl\/wp-json\/wp\/v2\/posts\/59916\/revisions"}],"wp:featuredmedia":[{"embeddable":true,"href":"https:\/\/www.europesays.com\/pl\/wp-json\/wp\/v2\/media\/59917"}],"wp:attachment":[{"href":"https:\/\/www.europesays.com\/pl\/wp-json\/wp\/v2\/media?parent=59916"}],"wp:term":[{"taxonomy":"category","embeddable":true,"href":"https:\/\/www.europesays.com\/pl\/wp-json\/wp\/v2\/categories?post=59916"},{"taxonomy":"post_tag","embeddable":true,"href":"https:\/\/www.europesays.com\/pl\/wp-json\/wp\/v2\/tags?post=59916"}],"curies":[{"name":"wp","href":"https:\/\/api.w.org\/{rel}","templated":true}]}}