{"id":599223,"date":"2026-08-04T00:11:16","date_gmt":"2026-08-04T00:11:16","guid":{"rendered":"https:\/\/www.europesays.com\/pl\/599223\/"},"modified":"2026-08-04T00:11:16","modified_gmt":"2026-08-04T00:11:16","slug":"ambasador-ukrainy-w-usa-wraca-do-kijowa-to-decyzja-wolodymyra-zelenskiego","status":"publish","type":"post","link":"https:\/\/www.europesays.com\/pl\/599223\/","title":{"rendered":"Ambasador Ukrainy w USA wraca do Kijowa. To decyzja Wo\u0142odymyra Ze\u0142enskiego"},"content":{"rendered":"<p>Stefaniszyna urodzi\u0142a si\u0119 w 1985 r. W 2008 r. uko\u0144czy\u0142a Wydzia\u0142 Prawa Mi\u0119dzynarodowego w Instytucie Stosunk\u00f3w Mi\u0119dzynarodowych Narodowego Uniwersytetu Kijowskiego im. Tarasa Szewczenki, zdobywaj\u0105c kwalifikacje prawnika mi\u0119dzynarodowego i t\u0142umacza j\u0119zyka angielskiego, a w 2016 r. uzyska\u0142a tytu\u0142 specjalisty w dziedzinie finans\u00f3w i kredyt\u00f3w na Odeskim Narodowym Uniwersytecie Ekonomicznym.<\/p>\n<p>Dalszy ci\u0105g artyku\u0142u pod materia\u0142em wideo<\/p>\n<p>Od marca do grudnia 2017 r. pracowa\u0142a jako dyrektorka Biura Rz\u0105dowego ds. Integracji Europejskiej i Euroatlantyckiej przy sekretariacie Gabinetu Ministr\u00f3w. Od grudnia 2017 r. do wrze\u015bnia 2019 r. kierowa\u0142a rz\u0105dowym Biurem ds. Koordynacji Integracji Europejskiej i Euroatlantyckiej.<\/p>\n<p><a href=\"https:\/\/www.onet.pl\/\" title=\"Strona G\u0142\u00f3wna\" aria-label=\"Strona G\u0142\u00f3wna\" data-astro-prefetch=\"tap\" class=\"ods-a-logo-main-desktop\" rel=\"nofollow noopener\" target=\"_blank\"><img src=\"https:\/\/cdn.wiadomosci.onet.pl\/img\/Logo_desktop_Onet.svg\" class=\"ods-a-logo-main-desktop__image\" alt=\"Logo\" width=\"107\" height=\"60\" fetchpriority=\"high\" decoding=\"sync\" style=\"height:60px\"\/><\/a><\/p>\n<p class=\"ods-m-google-article__text\">Czytaj nas cz\u0119\u015bciej w Google<\/p>\n<p><a href=\"https:\/\/google.com\/preferences\/source?q=wiadomosci.onet.pl\" target=\"_blank\" rel=\"noopener noreferrer nofollow\" aria-label=\"Dodaj w Google\" title=\"Dodaj w Google\" class=\"ods-a-button ods-a-button__primary ods-a-button__default ods-a-button-l\">Dodaj w Google<\/a>Kolejn\u0105 ambasadork\u0105 w USA mo\u017ce zosta\u0107 by\u0142a premierka<\/p>\n<p>W czerwcu 2020 r. zosta\u0142a mianowana wicepremierk\u0105 ds. integracji europejskiej i euroatlantyckiej Ukrainy, a we wrze\u015bniu 2024 r. obj\u0119\u0142a tek\u0119 ministra sprawiedliwo\u015bci Ukrainy. Pe\u0142ni\u0142a t\u0119 funkcj\u0119 do 15 lipca 2025 r. Ambasadork\u0105 Ukrainy w USA zosta\u0142a w sierpniu 2025 r.<\/p>\n<p>Ukrai\u0144cy komentuj\u0105 ataki na Wildberries. &#8222;Jasne, \u017ce to przesada, ale w\u0142adze w ko\u0144cu nas pos\u0142ucha\u0142y&#8221;<img class=\"ods-a-photo ods-a-photo--background\" src=\"https:\/\/www.europesays.com\/pl\/wp-content\/uploads\/2026\/08\/Apvk9lBaHR0cHM6Ly9vY2RuLmV1L3B1bHNjbXMvTURBXy9kMTg0ZDc0NWVmMDNjNjEwYzE0NGNhMWU1NjM1NjMzMy5wbmeRlQLNA.jpeg\" height=\"253\" width=\"450\" alt=\"Ukrai\u0144skie drony uderzy\u0142y w centrum Wildberries\" loading=\"lazy\" fetchpriority=\"low\" decoding=\"async\"\/><\/p>\n<p>Wcze\u015bniej Ze\u0142enski informowa\u0142, \u017ce zaproponowa\u0142 stanowisko nowej, g\u0142\u00f3wnej przedstawicielki dyplomatycznej Kijowa w Stanach Zjednoczonych by\u0142ej premier Julii Swyrydenko. Administracja Ze\u0142enskiego poinformowa\u0142a w poniedzia\u0142ek wieczorem, \u017ce tego dnia nie zostanie og\u0142oszone nazwisko nowego ambasadora Ukrainy w USA.<\/p>\n","protected":false},"excerpt":{"rendered":"Stefaniszyna urodzi\u0142a si\u0119 w 1985 r. W 2008 r. uko\u0144czy\u0142a Wydzia\u0142 Prawa Mi\u0119dzynarodowego w Instytucie Stosunk\u00f3w Mi\u0119dzynarodowych Narodowego&hellip;\n","protected":false},"author":2,"featured_media":599224,"comment_status":"","ping_status":"","sticky":false,"template":"","format":"standard","meta":{"footnotes":"","_share_on_mastodon":"0"},"categories":[14],"tags":[61195,32,33,1898,27,76,34,35,28,31,48,25,46,40,41,47,80,29,30,415,26,309,82,83,84],"class_list":["post-599223","post","type-post","status-publish","format-standard","has-post-thumbnail","category-swiat","tag-bottomfeed_styl","tag-breaking-news","tag-breakingnews","tag-dyplomacja","tag-headlines","tag-inwazja_rosji_na_ukraine","tag-latest-news","tag-latestnews","tag-naglowki","tag-najwazniejsze-artykuly","tag-nat_styl","tag-news","tag-omp","tag-polish","tag-polski","tag-screening_general","tag-swiat","tag-top-stories","tag-topstories","tag-ukraina","tag-wiadomosci","tag-wolodymyr_zelenski","tag-world","tag-world-news","tag-worldnews"],"share_on_mastodon":{"url":"https:\/\/pubeurope.com\/@pl\/117034345053866065","error":""},"_links":{"self":[{"href":"https:\/\/www.europesays.com\/pl\/wp-json\/wp\/v2\/posts\/599223","targetHints":{"allow":["GET"]}}],"collection":[{"href":"https:\/\/www.europesays.com\/pl\/wp-json\/wp\/v2\/posts"}],"about":[{"href":"https:\/\/www.europesays.com\/pl\/wp-json\/wp\/v2\/types\/post"}],"author":[{"embeddable":true,"href":"https:\/\/www.europesays.com\/pl\/wp-json\/wp\/v2\/users\/2"}],"replies":[{"embeddable":true,"href":"https:\/\/www.europesays.com\/pl\/wp-json\/wp\/v2\/comments?post=599223"}],"version-history":[{"count":0,"href":"https:\/\/www.europesays.com\/pl\/wp-json\/wp\/v2\/posts\/599223\/revisions"}],"wp:featuredmedia":[{"embeddable":true,"href":"https:\/\/www.europesays.com\/pl\/wp-json\/wp\/v2\/media\/599224"}],"wp:attachment":[{"href":"https:\/\/www.europesays.com\/pl\/wp-json\/wp\/v2\/media?parent=599223"}],"wp:term":[{"taxonomy":"category","embeddable":true,"href":"https:\/\/www.europesays.com\/pl\/wp-json\/wp\/v2\/categories?post=599223"},{"taxonomy":"post_tag","embeddable":true,"href":"https:\/\/www.europesays.com\/pl\/wp-json\/wp\/v2\/tags?post=599223"}],"curies":[{"name":"wp","href":"https:\/\/api.w.org\/{rel}","templated":true}]}}