{"id":599327,"date":"2026-08-04T01:40:14","date_gmt":"2026-08-04T01:40:14","guid":{"rendered":"https:\/\/www.europesays.com\/pl\/599327\/"},"modified":"2026-08-04T01:40:14","modified_gmt":"2026-08-04T01:40:14","slug":"pomaranczowy-iphone-17-pro-teraz-w-nizszej-cenie-promka-dlugo-nie-potrwa","status":"publish","type":"post","link":"https:\/\/www.europesays.com\/pl\/599327\/","title":{"rendered":"Pomara\u0144czowy iPhone 17 Pro teraz w ni\u017cszej cenie. Promka d\u0142ugo nie potrwa"},"content":{"rendered":"<p style=\"text-align:justify\">iPhone\u2019a 17 Pro chyba nie trzeba nikomu przedstawia\u0107. Warto jednak wiedzie\u0107, \u017ce ubieg\u0142oroczny flagowiec od Apple doczeka\u0142 si\u0119 w\u0142a\u015bnie promocji. W sieci mo\u017cna go znale\u017a\u0107 za 5299 z\u0142 (<a href=\"https:\/\/bit.ly\/4xfegbd\" rel=\"nofollow noopener\" target=\"_blank\">sprawd\u017a w x-kom<\/a>). Dok\u0142adniej m\u00f3wi\u0105c chodzi o pomara\u0144czow\u0105 wersj\u0119 kolorystyczn\u0105 z 256 GB pami\u0119ci wbudowanej. Ni\u017csz\u0105 cen\u0119 mo\u017cna uzyska\u0107 korzystaj\u0105c z kodu podanego na stronie produktu w sklepie. Zgodnie z opisem ma on dzia\u0142a\u0107 do 16 sierpnia lub do wcze\u015bniejszego wyczerpania limit\u00f3w.<\/p>\n<p><img decoding=\"async\" alt=\"iPhone 17 Pro\" class=\"image\" src=\"https:\/\/www.europesays.com\/pl\/wp-content\/uploads\/2026\/08\/kopia_kopia_\u2013_kopia_\u2013_kopia_\u2013_kopia_\u2013_post_fb_ig_(12)_462fa4d332.jpg\" width=\"\"\/><\/p>\n<p>iPhone 17 Pro<\/p>\n<p style=\"text-align:justify\">iPhone\u2019a 17 Pro wyposa\u017cono w 6,3-calowy ekran OLED Super Retina XDR z technologi\u0105 ProMotion, kt\u00f3ra w praktyce oznacza cz\u0119stotliwo\u015b\u0107 od\u015bwie\u017cania na poziomie 120 Hz. Sercem tego urz\u0105dzenia jest procesor A19 Pro, a za jako\u015b\u0107 zdj\u0119\u0107 odpowiadaj\u0105 przede wszystkim trzy tylne aparaty z rozdzielczo\u015bci\u0105 48 MP ka\u017cdy. Z przodu znajduje si\u0119 z kolei obiektyw 18 MP. Poza tym smartfon oferuje m.in. \u0142adowanie z moc\u0105 do 40 W, znany ju\u017c system autoryzacji Face ID czy mo\u017cliwo\u015b\u0107 \u0142adowania bezprzewodowego. Pe\u0142n\u0105 recenzj\u0119 smartfona mo\u017cecie <a href=\"https:\/\/ithardware.pl\/testyirecenzje\/zrobimy_z_niego_androida_nikt_nie_zauwazy_testuje_iphone_a_17_pro_max-45967.html\" rel=\"nofollow noopener\" target=\"_blank\">przeczyta\u0107 na naszym portalu<\/a>\u00a0(akurat tutaj wi\u0119kszego wariantu z dopiskiem &#8222;Pro Max&#8221;.<\/p>\n<p class=\"m-0\">Spodoba\u0142o Ci si\u0119? Podziel si\u0119 ze znajomymi!<\/p>\n","protected":false},"excerpt":{"rendered":"iPhone\u2019a 17 Pro chyba nie trzeba nikomu przedstawia\u0107. Warto jednak wiedzie\u0107, \u017ce ubieg\u0142oroczny flagowiec od Apple doczeka\u0142 si\u0119&hellip;\n","protected":false},"author":2,"featured_media":599328,"comment_status":"","ping_status":"","sticky":false,"template":"","format":"standard","meta":{"footnotes":"","_share_on_mastodon":"0"},"categories":[20],"tags":[489,6203,120,118,119,42,38,40,39,41,862,116,114,115,121,117],"class_list":["post-599327","post","type-post","status-publish","format-standard","has-post-thumbnail","category-nauka-i-technika","tag-apple","tag-iphone","tag-nauka","tag-nauka-i-technika","tag-naukatechnika","tag-pl","tag-poland","tag-polish","tag-polska","tag-polski","tag-promocje","tag-science","tag-science-and-technology","tag-sciencetechnology","tag-technika","tag-technology"],"share_on_mastodon":{"url":"https:\/\/pubeurope.com\/@pl\/117034695215825215","error":""},"_links":{"self":[{"href":"https:\/\/www.europesays.com\/pl\/wp-json\/wp\/v2\/posts\/599327","targetHints":{"allow":["GET"]}}],"collection":[{"href":"https:\/\/www.europesays.com\/pl\/wp-json\/wp\/v2\/posts"}],"about":[{"href":"https:\/\/www.europesays.com\/pl\/wp-json\/wp\/v2\/types\/post"}],"author":[{"embeddable":true,"href":"https:\/\/www.europesays.com\/pl\/wp-json\/wp\/v2\/users\/2"}],"replies":[{"embeddable":true,"href":"https:\/\/www.europesays.com\/pl\/wp-json\/wp\/v2\/comments?post=599327"}],"version-history":[{"count":0,"href":"https:\/\/www.europesays.com\/pl\/wp-json\/wp\/v2\/posts\/599327\/revisions"}],"wp:featuredmedia":[{"embeddable":true,"href":"https:\/\/www.europesays.com\/pl\/wp-json\/wp\/v2\/media\/599328"}],"wp:attachment":[{"href":"https:\/\/www.europesays.com\/pl\/wp-json\/wp\/v2\/media?parent=599327"}],"wp:term":[{"taxonomy":"category","embeddable":true,"href":"https:\/\/www.europesays.com\/pl\/wp-json\/wp\/v2\/categories?post=599327"},{"taxonomy":"post_tag","embeddable":true,"href":"https:\/\/www.europesays.com\/pl\/wp-json\/wp\/v2\/tags?post=599327"}],"curies":[{"name":"wp","href":"https:\/\/api.w.org\/{rel}","templated":true}]}}