{"id":599451,"date":"2026-08-04T03:31:13","date_gmt":"2026-08-04T03:31:13","guid":{"rendered":"https:\/\/www.europesays.com\/pl\/599451\/"},"modified":"2026-08-04T03:31:13","modified_gmt":"2026-08-04T03:31:13","slug":"polska-na-progu-kulminacji-wielkiego-upalu-zacznie-sie-juz-dzis-pogoda","status":"publish","type":"post","link":"https:\/\/www.europesays.com\/pl\/599451\/","title":{"rendered":"Polska na progu kulminacji wielkiego upa\u0142u. Zacznie si\u0119 ju\u017c dzi\u015b [POGODA]"},"content":{"rendered":"<p>Poranek na wschodzie i p\u00f3\u0142nocnym wschodzie miejscami wita nas chmurami, przelotnymi opadami deszczu i burzami. W innych regionach jest pogodnie i ciep\u0142o, z temperatur\u0105 oscyluj\u0105c\u0105 mi\u0119dzy 15 a 20 st. C.<\/p>\n<p class=\"ods-o-frame-in-text__paragraph\">Ten raport podsumowuje, jak nasilaj\u0105ce si\u0119 ekstremalne zjawiska pogodowe prze\u0142o\u017c\u0105 si\u0119 na polsk\u0105 energetyk\u0119, transport, szpitale, szko\u0142y, ceny i codzienne \u017cycie Polek i Polak\u00f3w. <a href=\"https:\/\/wiadomosci.onet.pl\/kraj\/test-upalow\/99rn01w?utm_source=livebar&amp;utm_campaign=newsy_sg\" id=\"93317136-f65a-4b59-ac5e-b07beec92deb\" rel=\"nofollow noopener\" target=\"_blank\">CZYTAJ TUTAJ<\/a><\/p>\n<p><img class=\"ods-a-photo ods-a-photo--background\" src=\"https:\/\/www.europesays.com\/pl\/wp-content\/uploads\/2026\/08\/wAfk9lBaHR0cHM6Ly9vY2RuLmV1L3B1bHNjbXMvTURBXy83OGJlZjA2MjMzN2Q5MzI0NGY1YjM2NzU0ZmJkZTNhNi5wbmeRlQLNA.jpeg\" height=\"253\" width=\"450\" alt=\"Test Upa\u0142\u00f3w\" loading=\"lazy\" fetchpriority=\"low\" decoding=\"async\"\/>Upa\u0142 b\u0119dzie si\u0119 dzi\u015b stawa\u0142 coraz gro\u017aniejszy. Temperatura zacznie przekracza\u0107 35 st. C<a href=\"https:\/\/www.onet.pl\/\" title=\"Strona G\u0142\u00f3wna\" aria-label=\"Strona G\u0142\u00f3wna\" data-astro-prefetch=\"tap\" class=\"ods-a-logo-main-desktop\" rel=\"nofollow noopener\" target=\"_blank\"><img src=\"https:\/\/cdn.wiadomosci.onet.pl\/img\/Logo_desktop_Onet.svg\" class=\"ods-a-logo-main-desktop__image\" alt=\"Logo\" width=\"107\" height=\"60\" fetchpriority=\"high\" decoding=\"sync\" style=\"height:60px\"\/><\/a><\/p>\n<p class=\"ods-m-google-article__text\">Czytaj nas cz\u0119\u015bciej w Google<\/p>\n<p><a href=\"https:\/\/google.com\/preferences\/source?q=wiadomosci.onet.pl\" target=\"_blank\" rel=\"noopener noreferrer nofollow\" aria-label=\"Dodaj w Google\" title=\"Dodaj w Google\" class=\"ods-a-button ods-a-button__primary ods-a-button__default ods-a-button-l\">Dodaj w Google<\/a>Kolejne godziny na przewa\u017caj\u0105cym obszarze kraju zapowiadaj\u0105 si\u0119 <a href=\"https:\/\/wiadomosci.onet.pl\/slonce-gwiazda\" id=\"321ecad7-55e1-464b-bfd6-1f251e9442f3\" rel=\"nofollow noopener\" target=\"_blank\">s\u0142onecznie<\/a> i sucho. Do po\u0142udnia zanikaj\u0105ce deszcze i burze niewykluczone s\u0105 jeszcze na wschodzie. Natomiast w drugiej cz\u0119\u015bci dnia popada\u0107 oraz zagrzmie\u0107 mo\u017ce dla odmiany lokalnie na zachodzie i po\u0142udniu. Zjawisk zapowiadamy jednak niewiele, cho\u0107 w czasie ich trwania musimy uwa\u017ca\u0107 na opady gradu, ulewny deszcz i silny, porywisty wiatr.<img class=\"ods-a-photo ods-a-photo--background\" src=\"https:\/\/www.europesays.com\/pl\/wp-content\/uploads\/2026\/08\/Ymyk9lBaHR0cHM6Ly9vY2RuLmV1L3B1bHNjbXMvTURBXy85MzE1M2NiZWJlZjgzNzIxYzhkMzlkOTNmOTI3Y2E3NC5wbmeRkwXNB.jpeg\" height=\"800\" width=\"651\" alt=\"Temperatura na po\u0142udniowym wschodzie we wtorek przekroczy 35 st. C. Tylko miejscami zagrzmi i popada\" loading=\"lazy\" fetchpriority=\"auto\" decoding=\"auto\"\/><\/p>\n<p>Onet<\/p>\n<p>Temperatura na po\u0142udniowym wschodzie we wtorek przekroczy 35 st. C. Tylko miejscami zagrzmi i popada<\/p>\n<p>Temperatura b\u0119dzie dzi\u015b bardzo wysoka. Maksymalnie odnotujemy od 26 st. C na Suwalszczy\u017anie i w rejonie Zatoki Gda\u0144skiej, 30 st. C na Kujawach, 33 st. C w centrum do nawet 37 st. C na Podkarpaciu (p\u00f3\u0142noc i zach\u00f3d regionu) oraz na wschodzie Ma\u0142opolski.<\/p>\n<p>Dalszy ci\u0105g artyku\u0142u pod materia\u0142em wideoWiatr s\u0142aby i umiarkowany, z kierunk\u00f3w zr\u00f3\u017cnicowanych, ale z przewag\u0105 wschodnich i po\u0142udniowych. W ca\u0142ej Polsce b\u0119dzie nam dzi\u015b bardzo ciep\u0142o albo gor\u0105co. Poza kra\u0144cami p\u00f3\u0142nocnymi, gdzie unikniemy m\u0119cz\u0105cego upa\u0142u, przez wysokie temperatury <a href=\"https:\/\/wiadomosci.onet.pl\/pogoda\" id=\"ff4a7d73-08a0-4fd2-96cc-83f46830549b\" rel=\"nofollow noopener\" target=\"_blank\">pogoda<\/a> zacznie \u017ale wp\u0142ywa\u0107 na nasze samopoczucie.Tropikalna noc w du\u017cej cz\u0119\u015bci kraju. M\u0119cz\u0105ca pogoda nie b\u0119dzie mia\u0142a zamiaru ust\u0119powa\u0107W nocy na przewa\u017caj\u0105cym obszarze kraju b\u0119dzie pogodnie, z zachmurzeniem ma\u0142ym i umiarkowanym. O woj. lubuskie i zachodniopomorskie mog\u0105 jednak zahaczy\u0107 <a href=\"https:\/\/wiadomosci.onet.pl\/burze\" id=\"f28109ea-b32f-43b2-953f-34a5372d999a\" rel=\"nofollow noopener\" target=\"_blank\">burze<\/a>, jakie du\u017co liczniej powinny przechodzi\u0107 nad Niemcami. W czasie ich trwania przewidujemy ulewny deszcz do 20-30 mm, porywy wiatru do 80 km na godz., a punktowo nawet grad.<img class=\"ods-a-photo ods-a-photo--background\" src=\"https:\/\/www.europesays.com\/pl\/wp-content\/uploads\/2026\/08\/5eDk9lBaHR0cHM6Ly9vY2RuLmV1L3B1bHNjbXMvTURBXy8wYTg2ZDAxMTk4NjE5YzA0N2YyYjZmNWEyNWExYjIwZi5wbmeRkwXNB.jpeg\" height=\"800\" width=\"651\" alt=\"Noc b\u0119dzie bardzo ciep\u0142a i na og\u00f3\u0142 pogodna. Miejscami odnotujemy ok. 22 st. C\" loading=\"lazy\" fetchpriority=\"auto\" decoding=\"auto\"\/><\/p>\n<p>Onet<\/p>\n<p>Noc b\u0119dzie bardzo ciep\u0142a i na og\u00f3\u0142 pogodna. Miejscami odnotujemy ok. 22 st. C<\/p>\n<p>Temperatura minimalna wyniesie od 15 st. C na Suwalszczy\u017anie, 19-21 st. C w wi\u0119kszo\u015bci kraju do 22 st. C miejscami na G\u00f3rnym \u015al\u0105sku, Podkarpaciu i wschodzie Ma\u0142opolski. Wiatr s\u0142aby i umiarkowany, z kierunk\u00f3w wschodnich oraz po\u0142udniowych.<\/p>\n","protected":false},"excerpt":{"rendered":"Poranek na wschodzie i p\u00f3\u0142nocnym wschodzie miejscami wita nas chmurami, przelotnymi opadami deszczu i burzami. W innych regionach&hellip;\n","protected":false},"author":2,"featured_media":599452,"comment_status":"","ping_status":"","sticky":false,"template":"","format":"standard","meta":{"footnotes":"","_share_on_mastodon":"0"},"categories":[12],"tags":[61195,14276,1715,48,46,42,78,38,40,39,41,47,1984,1714],"class_list":["post-599451","post","type-post","status-publish","format-standard","has-post-thumbnail","category-polska","tag-bottomfeed_styl","tag-burze","tag-lato","tag-nat_styl","tag-omp","tag-pl","tag-pogoda","tag-poland","tag-polish","tag-polska","tag-polski","tag-screening_general","tag-slonce","tag-upal"],"share_on_mastodon":{"url":"https:\/\/pubeurope.com\/@pl\/117035132799667608","error":""},"_links":{"self":[{"href":"https:\/\/www.europesays.com\/pl\/wp-json\/wp\/v2\/posts\/599451","targetHints":{"allow":["GET"]}}],"collection":[{"href":"https:\/\/www.europesays.com\/pl\/wp-json\/wp\/v2\/posts"}],"about":[{"href":"https:\/\/www.europesays.com\/pl\/wp-json\/wp\/v2\/types\/post"}],"author":[{"embeddable":true,"href":"https:\/\/www.europesays.com\/pl\/wp-json\/wp\/v2\/users\/2"}],"replies":[{"embeddable":true,"href":"https:\/\/www.europesays.com\/pl\/wp-json\/wp\/v2\/comments?post=599451"}],"version-history":[{"count":0,"href":"https:\/\/www.europesays.com\/pl\/wp-json\/wp\/v2\/posts\/599451\/revisions"}],"wp:featuredmedia":[{"embeddable":true,"href":"https:\/\/www.europesays.com\/pl\/wp-json\/wp\/v2\/media\/599452"}],"wp:attachment":[{"href":"https:\/\/www.europesays.com\/pl\/wp-json\/wp\/v2\/media?parent=599451"}],"wp:term":[{"taxonomy":"category","embeddable":true,"href":"https:\/\/www.europesays.com\/pl\/wp-json\/wp\/v2\/categories?post=599451"},{"taxonomy":"post_tag","embeddable":true,"href":"https:\/\/www.europesays.com\/pl\/wp-json\/wp\/v2\/tags?post=599451"}],"curies":[{"name":"wp","href":"https:\/\/api.w.org\/{rel}","templated":true}]}}