{"id":599617,"date":"2026-08-04T05:35:11","date_gmt":"2026-08-04T05:35:11","guid":{"rendered":"https:\/\/www.europesays.com\/pl\/599617\/"},"modified":"2026-08-04T05:35:11","modified_gmt":"2026-08-04T05:35:11","slug":"chwalinska-wraca-do-touru-wiadomo-o-ktorej-mecz","status":"publish","type":"post","link":"https:\/\/www.europesays.com\/pl\/599617\/","title":{"rendered":"Chwali\u0144ska wraca do touru. Wiadomo, o kt\u00f3rej mecz"},"content":{"rendered":"\n<p class=\"contentpart contentpart--default contentpart--text\" data-position=\"0\">Na ten dzie\u0144 kibice\u00a0<a href=\"https:\/\/sportowefakty.wp.pl\/tenis\/maja-chwalinska\" rel=\"nofollow noopener\" target=\"_blank\">Mai Chwali\u0144skiej<\/a>\u00a0czekali od Wimbledonu 2026. Polska tenisistka powraca do kobiecego touru po wyleczeniu kontuzji kostki. W Toronto zosta\u0142a rozstawiona z 18. numerem i otrzyma\u0142a na pocz\u0105tek wolny los. Jej pierwsz\u0105 przeciwniczk\u0105 b\u0119dzie Australijka\u00a0<a href=\"https:\/\/sportowefakty.wp.pl\/tenis\/talia-gibson\" rel=\"nofollow noopener\" target=\"_blank\">Talia Gibson<\/a>.<\/p>\n<p class=\"contentpart contentpart--default contentpart--text\" data-position=\"1\">Organizatorzy National Bank Open 2026 przekazali, \u017ce Chwali\u0144ska i Gibson zagraj\u0105 ze sob\u0105 we wtorek (4 sierpnia). Ich pojedynek zaplanowano na korcie numer 1 jako drugi w kolejno\u015bci od godz. 18:30 czasu polskiego.<\/p>\n<p>  <img decoding=\"async\" src=\"https:\/\/v.wpimg.pl\/X3dwLnN2d1IFFTpdYUl6R0ZNbgcnEHQREVV2TGEGbUtRT2MdOlZ2RBQUKABgQjQcDRotCStBd1IAAWMeIlM7VgwYIAorQAdEFFk_GCkQJQ\" alt=\"\" width=\"45\" height=\"58\" loading=\"lazy\"\/>  <\/p>\n<p class=\"contentpart contentpart--default contentpart--text\" data-position=\"2\">ZOBACZ WIDEO: &#8222;Do Polski przyjad\u0105 gwiazdy&#8221;. Szykuje si\u0119 wa\u017cny turniej w Warszawie<\/p>\n<p class=\"contentpart contentpart--default contentpart--text\" data-position=\"4\">Zanim nasza reprezentantka przyst\u0105pi do gry, odb\u0119dzie si\u0119 mecz II rundy z udzia\u0142em Kolumbijki\u00a0<a href=\"https:\/\/sportowefakty.wp.pl\/tenis\/maria-camila-osorio-serrano\" rel=\"nofollow noopener\" target=\"_blank\">Camili Osorio<\/a>\u00a0i Rosjanki\u00a0<a href=\"https:\/\/sportowefakty.wp.pl\/tenis\/jekaterina-aleksandrowa\" rel=\"nofollow noopener\" target=\"_blank\">Jekateriny Aleksandrowej<\/a>. Po jego zako\u0144czeniu, oko\u0142o godz. 20:00, na obiekt ten wyjd\u0105 Polka i Australijka.<\/p>\n<p class=\"contentpart contentpart--default contentpart--text\" data-position=\"5\">Chwali\u0144ska i Gibson nie gra\u0142y jeszcze ze sob\u0105 na zawodowych kortach. Polka jest obecnie 22. rakiet\u0105 \u015bwiata. Australijka plasuje si\u0119 na 74. pozycji. W pierwszej fazie kanadyjskich zawod\u00f3w skorzysta\u0142a na problemach zdrowotnych W\u0142oszki Elisabetty Cocciaretto.<\/p>\n<p class=\"contentpart contentpart--default contentpart--text\" data-position=\"6\">Transmisja z meczu Chwali\u0144ska &#8211; Gibson b\u0119dzie dost\u0119pna w Canal+ Sport 2 oraz serwisie Canal+ Online. <a href=\"https:\/\/sportowefakty.wp.pl\/tenis\/relacja-na-zywo\/181200\/maja-chwalinska-talia-gibson-live\" rel=\"nofollow noopener\" target=\"_blank\">Portal WP SportoweFakty przeprowadzi relacj\u0119 tekstow\u0105 na \u017cywo z tego wydarzenia<\/a>.<\/p>\n","protected":false},"excerpt":{"rendered":"Na ten dzie\u0144 kibice\u00a0Mai Chwali\u0144skiej\u00a0czekali od Wimbledonu 2026. Polska tenisistka powraca do kobiecego touru po wyleczeniu kontuzji kostki.&hellip;\n","protected":false},"author":2,"featured_media":599618,"comment_status":"","ping_status":"","sticky":false,"template":"","format":"standard","meta":{"footnotes":"","_share_on_mastodon":"0"},"categories":[24],"tags":[995,193,3878,42,38,40,39,41,755,127,126,48788,156,30551,157,117060],"class_list":["post-599617","post","type-post","status-publish","format-standard","has-post-thumbnail","category-sport","tag-australia","tag-kanada","tag-maja-chwalinska","tag-pl","tag-poland","tag-polish","tag-polska","tag-polski","tag-polski-tenis","tag-sport","tag-sports","tag-talia-gibson","tag-tenis","tag-toronto","tag-wta","tag-wta-toronto"],"share_on_mastodon":{"url":"https:\/\/pubeurope.com\/@pl\/117035619333066627","error":""},"_links":{"self":[{"href":"https:\/\/www.europesays.com\/pl\/wp-json\/wp\/v2\/posts\/599617","targetHints":{"allow":["GET"]}}],"collection":[{"href":"https:\/\/www.europesays.com\/pl\/wp-json\/wp\/v2\/posts"}],"about":[{"href":"https:\/\/www.europesays.com\/pl\/wp-json\/wp\/v2\/types\/post"}],"author":[{"embeddable":true,"href":"https:\/\/www.europesays.com\/pl\/wp-json\/wp\/v2\/users\/2"}],"replies":[{"embeddable":true,"href":"https:\/\/www.europesays.com\/pl\/wp-json\/wp\/v2\/comments?post=599617"}],"version-history":[{"count":0,"href":"https:\/\/www.europesays.com\/pl\/wp-json\/wp\/v2\/posts\/599617\/revisions"}],"wp:featuredmedia":[{"embeddable":true,"href":"https:\/\/www.europesays.com\/pl\/wp-json\/wp\/v2\/media\/599618"}],"wp:attachment":[{"href":"https:\/\/www.europesays.com\/pl\/wp-json\/wp\/v2\/media?parent=599617"}],"wp:term":[{"taxonomy":"category","embeddable":true,"href":"https:\/\/www.europesays.com\/pl\/wp-json\/wp\/v2\/categories?post=599617"},{"taxonomy":"post_tag","embeddable":true,"href":"https:\/\/www.europesays.com\/pl\/wp-json\/wp\/v2\/tags?post=599617"}],"curies":[{"name":"wp","href":"https:\/\/api.w.org\/{rel}","templated":true}]}}