{"id":600759,"date":"2026-08-04T17:18:18","date_gmt":"2026-08-04T17:18:18","guid":{"rendered":"https:\/\/www.europesays.com\/pl\/600759\/"},"modified":"2026-08-04T17:18:18","modified_gmt":"2026-08-04T17:18:18","slug":"remont-na-ul-lipowej-kierowcy-musza-liczyc-sie-z-utrudnieniami-aktualnosci-wiadomosci-bialystok-online-portal-miejski-bialystok-bialystok","status":"publish","type":"post","link":"https:\/\/www.europesays.com\/pl\/600759\/","title":{"rendered":"Remont na ul. Lipowej. Kierowcy musz\u0105 liczy\u0107 si\u0119 z utrudnieniami, Aktualno\u015bci, Wiadomo\u015bci Bia\u0142ystok Online Portal Miejski Bia\u0142ystok (Bialystok)"},"content":{"rendered":"\n<p>            <img decoding=\"async\" class=\"art-figimg\" src=\"https:\/\/www.europesays.com\/pl\/wp-content\/uploads\/2026\/08\/150248-e.jpg\" width=\"375\" height=\"250\" alt=\"Remont na ul. Lipowej. Kierowcy musz\u0105 liczy\u0107 si\u0119 z utrudnieniami\" loading=\"lazy\" fetchpriority=\"high\"\/><br \/>\n            Fot: Pixabay<\/p>\n<p class=\"art-lid\">Od 5 do 14 sierpnia na ul. Lipowej w Bia\u0142ymstoku b\u0119d\u0105 prowadzone remonty nawierzchni z kostki kamiennej. W czasie prac kierowcy napotkaj\u0105 miejscowe zaw\u0119\u017cenia jezdni.<\/p>\n<p class=\"art-cont\">Utrudnienia obejm\u0105 dwa odcinki ulicy. Roboty b\u0119d\u0105 prowadzone w rejonie skrzy\u017cowania z ul. Cz\u0119stochowsk\u0105 i Grochow\u0105 oraz w pobli\u017cu przystanku komunikacji miejskiej Lipowa\/Nowy \u015awiat (nr 210).<\/p>\n<p>W czasie remontu ruch b\u0119dzie odbywa\u0142 si\u0119 z miejscowymi zaw\u0119\u017ceniami jezdni. Kierowcy powinni zachowa\u0107 szczeg\u00f3ln\u0105 ostro\u017cno\u015b\u0107 i stosowa\u0107 si\u0119 do tymczasowego oznakowania.<\/p>\n<p>Miasto zastrzega, \u017ce w przypadku niesprzyjaj\u0105cych warunk\u00f3w atmosferycznych termin prowadzenia prac mo\u017ce ulec zmianie.<br \/>&#13;\n<\/p>\n<p class=\"art-autimg\">\n<p>                            <img decoding=\"async\" class=\"art-autimgi\" src=\"https:\/\/www.europesays.com\/pl\/wp-content\/uploads\/2026\/08\/1785863898_169_avatar_1x.jpg\" alt=\"Katarzyna Kozio\u0142\" width=\"64\" height=\"64\" loading=\"lazy\"\/><\/p>\n<p class=\"art-autname\">Katarzyna Kozio\u0142<\/p>\n<p>24@bialystokonline.pl<\/p>\n<p>Przeczytaj tak\u017ce<\/p>\n<p>&#13;<br \/>\n&#13;<br \/>\n&#13;<br \/>\n<img loading=\"lazy\" decoding=\"async\" src=\"https:\/\/www.europesays.com\/pl\/wp-content\/uploads\/2026\/08\/1785863898_673_adlog.gif\" width=\"0\" height=\"0\" alt=\"\" style=\"width: 0px; height: 0px;\"\/><\/p>\n<p>Popularne dzisiaj<\/p>\n","protected":false},"excerpt":{"rendered":"Fot: Pixabay Od 5 do 14 sierpnia na ul. Lipowej w Bia\u0142ymstoku b\u0119d\u0105 prowadzone remonty nawierzchni z kostki&hellip;\n","protected":false},"author":2,"featured_media":600760,"comment_status":"","ping_status":"","sticky":false,"template":"","format":"standard","meta":{"footnotes":"","_share_on_mastodon":"0"},"categories":[51614],"tags":[2151,51731,113,51730,3754,51738,51735,4041,1096,1089,399,17334,51736,2921,118694,64137,3840,51734,8736,1232,120,118695,7116,17265,19285,42,5083,38,40,39,41,6309,1756,3813,118693,8815,38950,123,800,4278,1323,51737,8990,2879,253],"class_list":["post-600759","post","type-post","status-publish","format-standard","has-post-thumbnail","category-bialystok","tag-bialystok","tag-bialystokonline","tag-biznes","tag-bstok","tag-dom","tag-drobne","tag-firm","tag-firmy","tag-hotele","tag-imprezy","tag-informacje","tag-katalog","tag-kina","tag-koncert","tag-kostka-kamienna","tag-lipowa","tag-lokale","tag-miejski","tag-mieszkanie","tag-motoryzacja","tag-nauka","tag-nawierzchniaaktualnosci","tag-ogloszenia","tag-on-line","tag-online","tag-pl","tag-podlasie","tag-poland","tag-polish","tag-polska","tag-polski","tag-portal","tag-praca","tag-remont","tag-remont-na-ul-lipowej-kierowcy-musza-liczyc-sie-z-utrudnieniami","tag-repertuar","tag-rozklad","tag-rozrywka","tag-teatr","tag-turystyka","tag-uroda","tag-urzedy","tag-utrudnienia","tag-zakupy","tag-zdrowie"],"share_on_mastodon":{"url":"","error":"Validation failed: Text character limit of 500 exceeded"},"_links":{"self":[{"href":"https:\/\/www.europesays.com\/pl\/wp-json\/wp\/v2\/posts\/600759","targetHints":{"allow":["GET"]}}],"collection":[{"href":"https:\/\/www.europesays.com\/pl\/wp-json\/wp\/v2\/posts"}],"about":[{"href":"https:\/\/www.europesays.com\/pl\/wp-json\/wp\/v2\/types\/post"}],"author":[{"embeddable":true,"href":"https:\/\/www.europesays.com\/pl\/wp-json\/wp\/v2\/users\/2"}],"replies":[{"embeddable":true,"href":"https:\/\/www.europesays.com\/pl\/wp-json\/wp\/v2\/comments?post=600759"}],"version-history":[{"count":0,"href":"https:\/\/www.europesays.com\/pl\/wp-json\/wp\/v2\/posts\/600759\/revisions"}],"wp:featuredmedia":[{"embeddable":true,"href":"https:\/\/www.europesays.com\/pl\/wp-json\/wp\/v2\/media\/600760"}],"wp:attachment":[{"href":"https:\/\/www.europesays.com\/pl\/wp-json\/wp\/v2\/media?parent=600759"}],"wp:term":[{"taxonomy":"category","embeddable":true,"href":"https:\/\/www.europesays.com\/pl\/wp-json\/wp\/v2\/categories?post=600759"},{"taxonomy":"post_tag","embeddable":true,"href":"https:\/\/www.europesays.com\/pl\/wp-json\/wp\/v2\/tags?post=600759"}],"curies":[{"name":"wp","href":"https:\/\/api.w.org\/{rel}","templated":true}]}}