{"id":601071,"date":"2026-08-04T20:11:10","date_gmt":"2026-08-04T20:11:10","guid":{"rendered":"https:\/\/www.europesays.com\/pl\/601071\/"},"modified":"2026-08-04T20:11:10","modified_gmt":"2026-08-04T20:11:10","slug":"wisla-krakow-wypozyczyla-pomocnika-pieterko-nizej","status":"publish","type":"post","link":"https:\/\/www.europesays.com\/pl\/601071\/","title":{"rendered":"Wis\u0142a Krak\u00f3w wypo\u017cyczy\u0142a pomocnika &#8222;pi\u0119terko ni\u017cej&#8221;"},"content":{"rendered":"<p>Wis\u0142a Krak\u00f3w w ostatnim czasie szuka\u0142a odpowiedniego miejsca, gdzie do\u015bwiadczenie m\u00f3g\u0142by zdobywa\u0107 Wiktor Staszak. Utalentowany pomocnik aktualnie nie m\u00f3g\u0142by liczy\u0107 na regularne wyst\u0119py w trykocie &#8222;Bia\u0142ej Gwiazdy&#8221;, w zwi\u0105zku z czym naturalnym krokiem wydawa\u0142o si\u0119 jego wypo\u017cyczenie. Te dosz\u0142o do skutku, a 4 sierpnia 19-latek zosta\u0142 oficjalnie zaprezentowany jako nowy zawodnik Chrobrego G\u0142og\u00f3w. W pierwszoligowej dru\u017cynie sp\u0119dzi sezon 2026\/2027.<\/p>\n<p>Chrobry os\u0142abiony<\/p>\n<p>Chrobry G\u0142og\u00f3w to zesp\u00f3\u0142, kt\u00f3ry w poprzednim sezonie by\u0142 jedn\u0105 z najwi\u0119kszych niespodzianek w Betclic 1. Lidze. Podopieczni trenera \u0141ukasza Becelli najpierw zagwarantowali sobie udzia\u0142 w bara\u017cach poprzez zaj\u0119cie czwartego miejsca w\u015br\u00f3d pierwszoligowej stawki. W p\u00f3\u0142finale play-off\u00f3w pokonali przed w\u0142asn\u0105 publiczno\u015bci\u0105 \u0141KS \u0141\u00f3d\u017a, lecz w finale polegli w meczu z Wieczyst\u0105 Krak\u00f3w.<\/p>\n<p>Po tak udanej kampanii nic wi\u0119c dziwnego, \u017ce klub latem opu\u015bcili kluczowi zawodnicy. Z G\u0142ogowa odszed\u0142 m.in. <a href=\"https:\/\/igol.pl\/gks-katowice-transfery\/\" rel=\"nofollow noopener\" target=\"_blank\">Szymon Bartlewicz<\/a> (GKS Katowice), Myroslav Mazur (Mied\u017a Legnica), Dawid Arndt (Arka Gdynia) czy Szymon Lewkot (Arka Gdynia). W ramach letniego okienka transferowego klub poczyni\u0142 ju\u017c odpowiednie kroki, by zape\u0142ni\u0107 luki po odej\u015bciach.<\/p>\n<p>Wis\u0142a Krak\u00f3w tymczasowo oddaje pomocnika<\/p>\n<p>Chrobry G\u0142og\u00f3w b\u0119dzie miejscem, gdzie w sezonie 2026\/2027 wyst\u0119powa\u0142 b\u0119dzie Wiktor Staszak. Wis\u0142a Krak\u00f3w po awansie do PKO BP Ekstraklasy nie zapewni\u0142aby mu odpowiedniej ilo\u015bci minut, kt\u00f3re s\u0105 kluczowe w rozwoju ka\u017cdego m\u0142odego zawodnika. 19-latek w dw\u00f3ch pierwszych meczach \u201eBia\u0142ej Gwiazdy\u201d po powrocie do elity nie pojawi\u0142 si\u0119 nawet na \u0142awce rezerwowych. Pomocnik formalnie zawodnikiem G\u0142ogowian b\u0119dzie do 30 czerwca 2027 roku.<\/p>\n<p dir=\"ltr\" lang=\"pl\">\u270d 19-letni Wiktor Staszak przenosi si\u0119 do Chrobrego G\u0142og\u00f3w. Utalentowany \u015brodkowy pomocnik zosta\u0142 wypo\u017cyczony z Wis\u0142y Krak\u00f3w do ko\u0144ca sezonu.<\/p>\n<p>\ud83d\udd17 <a href=\"https:\/\/t.co\/KyZ7TIcg9K\" rel=\"nofollow\">https:\/\/t.co\/KyZ7TIcg9K<\/a> <a href=\"https:\/\/t.co\/paGOHaBCnd\" rel=\"nofollow\">pic.twitter.com\/paGOHaBCnd<\/a><\/p>\n<p>\u2014 Chrobry G\u0142og\u00f3w (@ChrobryGlogowSA) <a href=\"https:\/\/x.com\/ChrobryGlogowSA\/status\/2084678248919605319?ref_src=twsrc%5Etfw\" rel=\"nofollow\">August 4, 2026<\/a><\/p>\n<p>Opr\u00f3cz \u201ePomara\u0144czowo-Czarnych\u201d utalentowanym Polakiem zainteresowanie wyjawia\u0142a m.in. Stal Mielec. W woj. podkarpackim szukaj\u0105 zawodnika, kt\u00f3ry m\u00f3g\u0142by wzmocni\u0107 rywalizacj\u0119 w \u015brodku pola.<\/p>\n<p>Bardzo wczesny debiut<\/p>\n<p>Wiktor Staszak to gracz, kt\u00f3ry seniorskiej pi\u0142ki na szczeblu centralnym \u201ezasmakowa\u0142\u201d bardzo wcze\u015bnie. Pomocnik ju\u017c w wieku 15 lat (sezon 2022\/2023) wybiega\u0142 na drugoligowe boiska, gdzie wyst\u0119powa\u0142 w trykocie KKS-u Kalisz. W kampanii 2024\/2025 sta\u0142 si\u0119 postaci\u0105 pierwszego zespo\u0142u, w\u00f3wczas szybko wzbudzi\u0142 zainteresowanie Wis\u0142y Krak\u00f3w, kt\u00f3ra zdecydowa\u0142a si\u0119 na jego pozyskanie. Ostatnie p\u00f3\u0142 roku sp\u0119dzi\u0142 natomiast na wypo\u017cyczeniu we w\u0142oskim Lecce, gdzie gra\u0142 w ekipie partycypuj\u0105cej w rozgrywkach Primavery.<\/p>\n<p>19-latek zdo\u0142a\u0142 jednak zadebiutowa\u0107 w pierwszym zespole Krakowian. W poprzednim sezonie rozegra\u0142 cztery spotkania \u2013 trzy w ramach Betclic 1. Ligi oraz jedno w Pucharze Polski. Opr\u00f3cz tego ma r\u00f3wnie\u017c kilkana\u015bcie wyst\u0119p\u00f3w w trzecioligowych rezerwach.<\/p>\n<p>Przeczytaj r\u00f3wnie\u017c:<\/p>\n<p>\u2013\u00a0<a href=\"https:\/\/igol.pl\/gornik-zabrze-wypozycza-a-motor-lublin-zyskuje-skrzydlowego\/\" rel=\"nofollow noopener\" target=\"_blank\">G\u00f3rnik Zabrze wypo\u017cycza, a Motor Lublin zyskuje skrzyd\u0142owego<\/a><\/p>\n<p>\u2013\u00a0<a href=\"https:\/\/igol.pl\/widzew-lodz-paulinho-boia\/\" rel=\"nofollow noopener\" target=\"_blank\">Widzew \u0141\u00f3d\u017a ma nowego atakuj\u0105cego. Kolejny skrzyd\u0142owy w talii Vukovicia<\/a><\/p>\n<p>\u2013\u00a0<a href=\"https:\/\/igol.pl\/lech-poznan-zostal-srogo-ukarany-przez-uefa\/\" rel=\"nofollow noopener\" target=\"_blank\">Lech Pozna\u0144 zosta\u0142 srogo ukarany przez UEFA.<\/a><\/p>\n<p>\u00a0<\/p>\n<p class=\"entry-tags\">\n                  <a href=\"https:\/\/igol.pl\/temat\/betclic-1-liga\/\" rel=\"nofollow noopener\" target=\"_blank\">Betclic 1. liga<\/a><br \/>\n                  <a href=\"https:\/\/igol.pl\/temat\/chrobry-glogow\/\" rel=\"nofollow noopener\" target=\"_blank\">Chrobry G\u0142og\u00f3w<\/a><br \/>\n                  <a href=\"https:\/\/igol.pl\/temat\/kks-kalisz\/\" rel=\"nofollow noopener\" target=\"_blank\">KKS Kalisz<\/a><br \/>\n                  <a href=\"https:\/\/igol.pl\/temat\/wiktor-staszak\/\" rel=\"nofollow noopener\" target=\"_blank\">wiktor staszak<\/a><br \/>\n                  <a href=\"https:\/\/igol.pl\/temat\/wisla-krakow\/\" rel=\"nofollow noopener\" target=\"_blank\">Wis\u0142a Krak\u00f3w<\/a>\n                <\/p>\n<p>      <script async src=\"https:\/\/platform.twitter.com\/widgets.js\" charset=\"utf-8\"><\/script><\/p>\n","protected":false},"excerpt":{"rendered":"Wis\u0142a Krak\u00f3w w ostatnim czasie szuka\u0142a odpowiedniego miejsca, gdzie do\u015bwiadczenie m\u00f3g\u0142by zdobywa\u0107 Wiktor Staszak. Utalentowany pomocnik aktualnie nie&hellip;\n","protected":false},"author":2,"featured_media":601072,"comment_status":"","ping_status":"","sticky":false,"template":"","format":"standard","meta":{"footnotes":"","_share_on_mastodon":"0"},"categories":[51606],"tags":[2193,9063,84639,1304,42,38,40,39,41,34924,5810],"class_list":["post-601071","post","type-post","status-publish","format-standard","has-post-thumbnail","category-krakow","tag-betclic-1-liga","tag-chrobry-glogow","tag-kks-kalisz","tag-krakow","tag-pl","tag-poland","tag-polish","tag-polska","tag-polski","tag-wiktor-staszak","tag-wisla-krakow"],"share_on_mastodon":{"url":"","error":""},"_links":{"self":[{"href":"https:\/\/www.europesays.com\/pl\/wp-json\/wp\/v2\/posts\/601071","targetHints":{"allow":["GET"]}}],"collection":[{"href":"https:\/\/www.europesays.com\/pl\/wp-json\/wp\/v2\/posts"}],"about":[{"href":"https:\/\/www.europesays.com\/pl\/wp-json\/wp\/v2\/types\/post"}],"author":[{"embeddable":true,"href":"https:\/\/www.europesays.com\/pl\/wp-json\/wp\/v2\/users\/2"}],"replies":[{"embeddable":true,"href":"https:\/\/www.europesays.com\/pl\/wp-json\/wp\/v2\/comments?post=601071"}],"version-history":[{"count":0,"href":"https:\/\/www.europesays.com\/pl\/wp-json\/wp\/v2\/posts\/601071\/revisions"}],"wp:featuredmedia":[{"embeddable":true,"href":"https:\/\/www.europesays.com\/pl\/wp-json\/wp\/v2\/media\/601072"}],"wp:attachment":[{"href":"https:\/\/www.europesays.com\/pl\/wp-json\/wp\/v2\/media?parent=601071"}],"wp:term":[{"taxonomy":"category","embeddable":true,"href":"https:\/\/www.europesays.com\/pl\/wp-json\/wp\/v2\/categories?post=601071"},{"taxonomy":"post_tag","embeddable":true,"href":"https:\/\/www.europesays.com\/pl\/wp-json\/wp\/v2\/tags?post=601071"}],"curies":[{"name":"wp","href":"https:\/\/api.w.org\/{rel}","templated":true}]}}