{"id":601589,"date":"2026-08-05T02:14:14","date_gmt":"2026-08-05T02:14:14","guid":{"rendered":"https:\/\/www.europesays.com\/pl\/601589\/"},"modified":"2026-08-05T02:14:14","modified_gmt":"2026-08-05T02:14:14","slug":"kluczowy-moment-dla-elona-muska-spacex-musi-ujawnic-straty","status":"publish","type":"post","link":"https:\/\/www.europesays.com\/pl\/601589\/","title":{"rendered":"Kluczowy moment dla Elona Muska. SpaceX musi ujawni\u0107 straty"},"content":{"rendered":"<p>Debiut gie\u0142dowy SpaceX uczyni\u0142 Elona Muska <a href=\"https:\/\/wiadomosci.onet.pl\/swiat\/bilion-dla-muska-to-dopiero-poczatek-lista-wygranych-jest-znacznie-dluzsza\/p2n0cys\" id=\"4922a782-d42e-43ff-9d30-7b5eee185aca\" rel=\"nofollow noopener\" target=\"_blank\">pierwszym bilionerem \u015bwiata<\/a>. Jednak od momentu osi\u0105gni\u0119cia rekordowego maksimum kurs akcji SpaceX spad\u0142 niemal o po\u0142ow\u0119.Dalszy ci\u0105g artyku\u0142u pod materia\u0142em wideo<\/p>\n<p>Musk musi wyja\u015bni\u0107, jak wygl\u0105da sytuacja finansowa jego koncernu. Analitycy spodziewaj\u0105 si\u0119 znacznej straty w drugim kwartale. W po\u0142\u0105czeniu ze strat\u0105 z pierwszych trzech miesi\u0119cy SpaceX prawdopodobnie straci\u0142o w pierwszym p\u00f3\u0142roczu ponad 5 mld dol. (18,65 mld z\u0142), czyli wi\u0119cej ni\u017c w ca\u0142ym ubieg\u0142ym roku.<\/p>\n<p><a href=\"https:\/\/www.onet.pl\/\" title=\"Strona G\u0142\u00f3wna\" aria-label=\"Strona G\u0142\u00f3wna\" data-astro-prefetch=\"tap\" class=\"ods-a-logo-main-desktop\" rel=\"nofollow noopener\" target=\"_blank\"><img src=\"https:\/\/cdn.wiadomosci.onet.pl\/img\/Logo_desktop_Onet.svg\" class=\"ods-a-logo-main-desktop__image\" alt=\"Logo\" width=\"107\" height=\"60\" fetchpriority=\"high\" decoding=\"sync\" style=\"height:60px\"\/><\/a><\/p>\n<p class=\"ods-m-google-article__text\">Czytaj nas cz\u0119\u015bciej w Google<\/p>\n<p><a href=\"https:\/\/google.com\/preferences\/source?q=wiadomosci.onet.pl\" target=\"_blank\" rel=\"noopener noreferrer nofollow\" aria-label=\"Dodaj w Google\" title=\"Dodaj w Google\" class=\"ods-a-button ods-a-button__primary ods-a-button__default ods-a-button-l\">Dodaj w Google<\/a>Elon Musk wraca i przewiduje, co wydarzy si\u0119 na \u015bwiecie. &#8222;Ludzie nie zdaj\u0105 sobie sprawy&#8221;<img class=\"ods-a-photo ods-a-photo--background\" src=\"https:\/\/www.europesays.com\/pl\/wp-content\/uploads\/2026\/08\/Sr5k9lBaHR0cHM6Ly9vY2RuLmV1L3B1bHNjbXMvTURBXy9iOThhZDBiNWY3ODVhMGY2MDIyZDdiMTBmYzc1MzQ2NC5wbmeRlQLNA.jpeg\" height=\"255\" width=\"450\" alt=\"Elon Musk\" loading=\"lazy\" fetchpriority=\"low\" decoding=\"async\"\/><\/p>\n<p>Zagro\u017cenie nie minie po og\u0142oszeniu wynik\u00f3w. W czwartek dla cz\u0119\u015bci wczesnych inwestor\u00f3w i pracownik\u00f3w ko\u0144czy si\u0119 okres blokady sprzeda\u017cy. W\u00f3wczas do obrotu trafi dodatkowo nawet 911,5 mln akcji o warto\u015bci ponad 100 mld dol. (ok. 373 mld z\u0142).<\/p>\n<p>Im wi\u0119cej akcji zostanie jednocze\u015bnie wystawionych na sprzeda\u017c, tym silniejszy mo\u017ce by\u0107 spadek ceny. Co prawda w\u0142a\u015bciciele nie musz\u0105 sprzedawa\u0107 akcji od razu. Jednak ju\u017c sama obawa przed du\u017c\u0105 fal\u0105 sprzeda\u017cy mo\u017ce wywrze\u0107 dalsz\u0105 presj\u0119 na kurs.<\/p>\n<p>Dla Muska chodzi zatem o co\u015b wi\u0119cej ni\u017c tylko strat\u0119 kwartaln\u0105. SpaceX jest nadal wyceniany na gie\u0142dzie na ok. 1,5 bln dol. (ok. 5,6 bln z\u0142), mimo \u017ce koncern nie mo\u017ce jak dot\u0105d wykaza\u0107 si\u0119 trwale rentown\u0105 dzia\u0142alno\u015bci\u0105. Firma Elona Muska musi pokaza\u0107, \u017ce ambitne wizje mog\u0105 przekszta\u0142ci\u0107 si\u0119 w zyski.<\/p>\n","protected":false},"excerpt":{"rendered":"Debiut gie\u0142dowy SpaceX uczyni\u0142 Elona Muska pierwszym bilionerem \u015bwiata. Jednak od momentu osi\u0105gni\u0119cia rekordowego maksimum kurs akcji SpaceX&hellip;\n","protected":false},"author":2,"featured_media":601590,"comment_status":"","ping_status":"","sticky":false,"template":"","format":"standard","meta":{"footnotes":"","_share_on_mastodon":"0"},"categories":[16],"tags":[113,61195,112,486,48,46,42,38,40,39,41,47,13702,80,71],"class_list":["post-601589","post","type-post","status-publish","format-standard","has-post-thumbnail","category-biznes","tag-biznes","tag-bottomfeed_styl","tag-business","tag-elon_musk","tag-nat_styl","tag-omp","tag-pl","tag-poland","tag-polish","tag-polska","tag-polski","tag-screening_general","tag-spacex","tag-swiat","tag-usa"],"share_on_mastodon":{"url":"https:\/\/pubeurope.com\/@pl\/117040491908212494","error":""},"_links":{"self":[{"href":"https:\/\/www.europesays.com\/pl\/wp-json\/wp\/v2\/posts\/601589","targetHints":{"allow":["GET"]}}],"collection":[{"href":"https:\/\/www.europesays.com\/pl\/wp-json\/wp\/v2\/posts"}],"about":[{"href":"https:\/\/www.europesays.com\/pl\/wp-json\/wp\/v2\/types\/post"}],"author":[{"embeddable":true,"href":"https:\/\/www.europesays.com\/pl\/wp-json\/wp\/v2\/users\/2"}],"replies":[{"embeddable":true,"href":"https:\/\/www.europesays.com\/pl\/wp-json\/wp\/v2\/comments?post=601589"}],"version-history":[{"count":0,"href":"https:\/\/www.europesays.com\/pl\/wp-json\/wp\/v2\/posts\/601589\/revisions"}],"wp:featuredmedia":[{"embeddable":true,"href":"https:\/\/www.europesays.com\/pl\/wp-json\/wp\/v2\/media\/601590"}],"wp:attachment":[{"href":"https:\/\/www.europesays.com\/pl\/wp-json\/wp\/v2\/media?parent=601589"}],"wp:term":[{"taxonomy":"category","embeddable":true,"href":"https:\/\/www.europesays.com\/pl\/wp-json\/wp\/v2\/categories?post=601589"},{"taxonomy":"post_tag","embeddable":true,"href":"https:\/\/www.europesays.com\/pl\/wp-json\/wp\/v2\/tags?post=601589"}],"curies":[{"name":"wp","href":"https:\/\/api.w.org\/{rel}","templated":true}]}}