{"id":602219,"date":"2026-08-05T09:46:08","date_gmt":"2026-08-05T09:46:08","guid":{"rendered":"https:\/\/www.europesays.com\/pl\/602219\/"},"modified":"2026-08-05T09:46:08","modified_gmt":"2026-08-05T09:46:08","slug":"ruch-donalda-tuska-w-sporze-o-nominacje-asesorskie-proba-zlamania-konstytucji","status":"publish","type":"post","link":"https:\/\/www.europesays.com\/pl\/602219\/","title":{"rendered":"Ruch Donalda Tuska w sporze o nominacje asesorskie. &#8222;Pr\u00f3ba z\u0142amania konstytucji&#8221;"},"content":{"rendered":"<p>Wi\u0119cej informacji wkr\u00f3tce. <\/p>\n<p>\u2014 Nie chodzi o presti\u017c. Sprawa mo\u017ce si\u0119 wydawa\u0107 skomplikowan\u0105 procedur\u0105 legalistyczn\u0105, a naprawd\u0119 dotyczy nie tylko tej grupy asesor\u00f3w, m\u0142odych ambitnych ludzi, kt\u00f3rzy sko\u0144czyli odpowiedni\u0105 szko\u0142\u0119 publiczn\u0105, aby sta\u0107 si\u0119 asesorami, a w przysz\u0142o\u015bci s\u0119dziami. Ta grupa 200 asesor\u00f3w, gdyby zosta\u0142a normalnie nominowana, mog\u0142aby rozpatrzy\u0107 miesi\u0119cznie 10\u201311 tys. spraw \u2014 m\u00f3wi\u0142 premier, dodaj\u0105c, \u017ce asesorzy tak\u017ce mog\u0105 orzeka\u0107.<\/p>\n<p><a href=\"https:\/\/www.onet.pl\/\" title=\"Strona G\u0142\u00f3wna\" aria-label=\"Strona G\u0142\u00f3wna\" data-astro-prefetch=\"tap\" class=\"ods-a-logo-main-desktop\" rel=\"nofollow noopener\" target=\"_blank\"><img src=\"https:\/\/cdn.wiadomosci.onet.pl\/img\/Logo_desktop_Onet.svg\" class=\"ods-a-logo-main-desktop__image\" alt=\"Logo\" width=\"107\" height=\"60\" fetchpriority=\"high\" decoding=\"sync\" style=\"height:60px\"\/><\/a><\/p>\n<p class=\"ods-m-google-article__text\">Czytaj nas cz\u0119\u015bciej w Google<\/p>\n<p><a href=\"https:\/\/google.com\/preferences\/source?q=wiadomosci.onet.pl\" target=\"_blank\" rel=\"noopener noreferrer nofollow\" aria-label=\"Dodaj w Google\" title=\"Dodaj w Google\" class=\"ods-a-button ods-a-button__primary ods-a-button__default ods-a-button-l\">Dodaj w Google<\/a><\/p>\n<p>\u2014 To orzekanie ma sens wtedy, kiedy jest legalne. Dramat tej sytuacji polega na tym, \u017ce dwie instytucje, kt\u00f3re s\u0105 odpowiedzialne za ochron\u0119 i respektowanie konstytucji, zawi\u0105za\u0142y co\u015b na kszta\u0142t politycznego spisku, by t\u0119 konstytucj\u0119 z\u0142ama\u0107 \u2014 kontynuowa\u0142.<\/p>\n<p>Ruch Donalda Tuska w sprawie nominacji asesorskich. &#8222;Nie chodzi o moj\u0105 satysfakcj\u0119&#8221;<\/p>\n<p>Dalej premier stwierdzi\u0142, \u017ce &#8222;Trybuna\u0142 Konstytucyjny w sk\u0142adzie nieprawid\u0142owym&#8221; i Bogdan \u015awi\u0119czkowski &#8222;postanowili odpowiedzie\u0107 pozytywnie na zam\u00f3wienie prezydenta Nawrockiego, stwierdzaj\u0105c, \u017ce tego typu dokumenty nie wymagaj\u0105 kontrasygnaty premiera&#8221;.<\/p>\n<p>\u2014 Nie chodzi o moj\u0105 satysfakcj\u0119. To w ko\u0144cu 200 podpis\u00f3w, troch\u0119 roboty. Chodzi o to, \u017ce je\u015bli kto\u015b uzna, \u017ce orzeczenie, kt\u00f3re wyda\u0142 asesor, kt\u00f3ry nie ma kontrasygnaty premiera, jest niewa\u017cne i mo\u017ce de facto uniemo\u017cliwi\u0107 podejmowanie jakichkolwiek dzia\u0142a\u0144 tej grupie asesor\u00f3w. Na szcz\u0119\u015bcie prezesi s\u0105d\u00f3w, do kt\u00f3rych dotar\u0142 wadliwy dokument bez kontrasygnaty, odes\u0142ali do KRS wszystkie dokumenty z intencj\u0105, aby trafi\u0142y na moje biurko, aby ta kontrasygnata na tych dokumentach si\u0119 znalaz\u0142a \u2014 przekaza\u0142 Tusk, zaznaczaj\u0105c, \u017ce wcze\u015bniej wszyscy prezydenci przesy\u0142ali premierowi te dokumenty do kontrasygnaty, jak wymaga tego konstytucja.<\/p>\n<p>&#8222;Kolejna pr\u00f3ba z\u0142amania konstytucji&#8221;<\/p>\n<p>\u2014 To jest kolejna pr\u00f3ba z\u0142amania konstytucji na rzecz zmiany ustroju bez zmiany konstytucji. Takie dzia\u0142ania by\u0142yby mo\u017cliwe, gdyby, jak chcia\u0142by prezydent Nawrocki, zmieniono konstytucj\u0119, ale na razie obowi\u0105zuje aktualna konstytucja. Bardzo to smutne, \u017ce w tym &#8222;spisku przeciwko konstytucji&#8221; uczestniczy i prezydent, i cz\u0142onkowie tzw. Trybuna\u0142u Konstytucyjnego \u2014 doda\u0142 szef rz\u0105du. Na koniec podkre\u015bli\u0142, \u017ce Polacy czekaj\u0105 na przyspieszenie spraw w s\u0105dach.<\/p>\n<p>\u2014 Nie znajduje s\u0142\u00f3w krytyki dla tej gierki politycznej, a w tle tak\u017ce do ewidentnego \u0142amania konstytucji \u2014 stwierdzi\u0142.<\/p>\n<p>To ruch Donalda Tuska w sprawie sporu o nominacje asesorskie. W ubieg\u0142ym tygodniu Karol Nawrocki wr\u0119czy\u0142 akty mianowania 211 asesorom s\u0105d\u00f3w rejonowych i 18 asesorom wojew\u00f3dzkich s\u0105d\u00f3w administracyjnych. <a href=\"https:\/\/wiadomosci.onet.pl\/kraj\/spor-o-podpis-donalda-tuska-krs-reaguje-po-decyzji-karola-nawrockiego\/et0jd9f\" id=\"1a7a45ad-93e9-4072-b65b-3be9d5077ffb\" rel=\"nofollow noopener\" target=\"_blank\">Krajowa Rada S\u0105downictwa przypomnia\u0142a jednak p\u00f3\u017aniej,<\/a> \u017ce zgodnie z konstytucj\u0105 akty urz\u0119dowe prezydenta niewymienione w katalogu jego prerogatyw wymagaj\u0105 kontrasygnaty premiera. KRS zaznaczy\u0142a, \u017ce akty mianowania asesor\u00f3w wr\u0119czone przez prezydenta nie zawieraj\u0105 takiej kontrasygnaty.<\/p>\n","protected":false},"excerpt":{"rendered":"Wi\u0119cej informacji wkr\u00f3tce. \u2014 Nie chodzi o presti\u017c. Sprawa mo\u017ce si\u0119 wydawa\u0107 skomplikowan\u0105 procedur\u0105 legalistyczn\u0105, a naprawd\u0119 dotyczy&hellip;\n","protected":false},"author":2,"featured_media":602220,"comment_status":"","ping_status":"","sticky":false,"template":"","format":"standard","meta":{"footnotes":"","_share_on_mastodon":"0"},"categories":[62713],"tags":[61195,1345,212,43,49,1381,48,46,47,4057],"class_list":["post-602219","post","type-post","status-publish","format-standard","has-post-thumbnail","category-donald-tusk","tag-bottomfeed_styl","tag-donald-tusk","tag-donald_tusk","tag-karol_nawrocki","tag-kraj","tag-krs","tag-nat_styl","tag-omp","tag-screening_general","tag-trybunal_konstytucyjny"],"share_on_mastodon":{"url":"https:\/\/pubeurope.com\/@pl\/117042268361033536","error":""},"_links":{"self":[{"href":"https:\/\/www.europesays.com\/pl\/wp-json\/wp\/v2\/posts\/602219","targetHints":{"allow":["GET"]}}],"collection":[{"href":"https:\/\/www.europesays.com\/pl\/wp-json\/wp\/v2\/posts"}],"about":[{"href":"https:\/\/www.europesays.com\/pl\/wp-json\/wp\/v2\/types\/post"}],"author":[{"embeddable":true,"href":"https:\/\/www.europesays.com\/pl\/wp-json\/wp\/v2\/users\/2"}],"replies":[{"embeddable":true,"href":"https:\/\/www.europesays.com\/pl\/wp-json\/wp\/v2\/comments?post=602219"}],"version-history":[{"count":0,"href":"https:\/\/www.europesays.com\/pl\/wp-json\/wp\/v2\/posts\/602219\/revisions"}],"wp:featuredmedia":[{"embeddable":true,"href":"https:\/\/www.europesays.com\/pl\/wp-json\/wp\/v2\/media\/602220"}],"wp:attachment":[{"href":"https:\/\/www.europesays.com\/pl\/wp-json\/wp\/v2\/media?parent=602219"}],"wp:term":[{"taxonomy":"category","embeddable":true,"href":"https:\/\/www.europesays.com\/pl\/wp-json\/wp\/v2\/categories?post=602219"},{"taxonomy":"post_tag","embeddable":true,"href":"https:\/\/www.europesays.com\/pl\/wp-json\/wp\/v2\/tags?post=602219"}],"curies":[{"name":"wp","href":"https:\/\/api.w.org\/{rel}","templated":true}]}}