{"id":602633,"date":"2026-08-05T13:52:13","date_gmt":"2026-08-05T13:52:13","guid":{"rendered":"https:\/\/www.europesays.com\/pl\/602633\/"},"modified":"2026-08-05T13:52:13","modified_gmt":"2026-08-05T13:52:13","slug":"rakieta-firmy-spacex-rozbila-sie-na-ksiezycu","status":"publish","type":"post","link":"https:\/\/www.europesays.com\/pl\/602633\/","title":{"rendered":"Rakieta firmy SpaceX rozbi\u0142a si\u0119 na Ksi\u0119\u017cycu"},"content":{"rendered":"<p>14-metrowy fragment rakiety SpaceX uderzy\u0142 w Ksi\u0119\u017cyc ok. godz. 8.45 rano, a wed\u0142ug wylicze\u0144 kolizja mia\u0142a nast\u0105pi\u0107 w pobli\u017cu krateru Einsteina, czyli w rejonie na granicy mi\u0119dzy widzialn\u0105 i zas\u0142oni\u0119t\u0105 cz\u0119\u015bci\u0105 Srebrnego Globu.<\/p>\n<p>Wsi spokojna, wsi weso\u0142a? Joanna i Pawe\u0142 &#8222;maj\u0105 wszystko opr\u00f3cz wody&#8221;<img class=\"ods-a-photo ods-a-photo--background\" src=\"https:\/\/www.europesays.com\/pl\/wp-content\/uploads\/2026\/08\/1785937933_365_Uq9k9lBaHR0cHM6Ly9vY2RuLmV1L3B1bHNjbXMvTURBXy85MjNmMmM5MTg0ZjQzMGVlNmFmOWJlODExZDM4OTZlNS5wbmeRlQLNA.jpeg\" height=\"253\" width=\"450\" alt=\"W M\u0119cinie Ma\u0142ej na po\u0142udniu Polski mieszka\u0144cy maj\u0105 problem z dost\u0119pem do wody\" loading=\"lazy\" fetchpriority=\"low\" decoding=\"async\"\/><\/p>\n<p>Zdarzenie wzbudza spore zainteresowanie naukowc\u00f3w, a tak\u017ce kosmicznych agencji pokroju NASA, ale na potwierdzenie uderzenia przyjdzie nam jeszcze troch\u0119 poczeka\u0107 \u2014 kolizji nie uda\u0142o si\u0119 bowiem zarejestrowa\u0107 z Ziemi. BBC poda\u0142o informacj\u0119 o uderzeniu na bazie wypowiedzi Rodrigo Palominosa, operatora teleskopu w Obserwatorium Paranal w Chile, kt\u00f3ry prawdopodobnie wykry\u0142 wyrzut ksi\u0119\u017cycowego py\u0142u w miejscu uderzenia fragmentu Falcona 9.<\/p>\n<p><a href=\"https:\/\/www.onet.pl\/\" title=\"Strona G\u0142\u00f3wna\" aria-label=\"Strona G\u0142\u00f3wna\" data-astro-prefetch=\"tap\" class=\"ods-a-logo-main-desktop\" rel=\"nofollow noopener\" target=\"_blank\"><img src=\"https:\/\/cdn.wiadomosci.onet.pl\/img\/Logo_desktop_Onet.svg\" class=\"ods-a-logo-main-desktop__image\" alt=\"Logo\" width=\"107\" height=\"60\" fetchpriority=\"high\" decoding=\"sync\" style=\"height:60px\"\/><\/a><\/p>\n<p class=\"ods-m-google-article__text\">Czytaj nas cz\u0119\u015bciej w Google<\/p>\n<p><a href=\"https:\/\/google.com\/preferences\/source?q=wiadomosci.onet.pl\" target=\"_blank\" rel=\"noopener noreferrer nofollow\" aria-label=\"Dodaj w Google\" title=\"Dodaj w Google\" class=\"ods-a-button ods-a-button__primary ods-a-button__default ods-a-button-l\">Dodaj w Google<\/a><\/p>\n<p>Komputerowa wizualizacja uderzenia:<\/p>\n<p>Analiza i obrobienie zdj\u0119\u0107 powierzchni Ksi\u0119\u017cyca w miejscu kolizji mo\u017ce zaj\u0105\u0107 nawet kilka tygodni, natomiast o wiele kr\u00f3cej trzeba b\u0119dzie poczeka\u0107 na inne interesuj\u0105ce kosmiczne zdarzenie \u2014 <a href=\"https:\/\/wiadomosci.onet.pl\/swiat\/polska-pograzy-sie-w-niezwyklym-polmroku-czekalismy-na-to-cwierc-wieku\/rqw0tlb\" id=\"42cf6153-c346-4e9d-8647-67a8f08ad38d\" rel=\"nofollow noopener\" target=\"_blank\">ju\u017c 12 sierpnia w Polsce nast\u0105pi przecie\u017c cz\u0119\u015bciowe za\u0107mienie S\u0142o\u0144ca<\/a>.<\/p>\n","protected":false},"excerpt":{"rendered":"14-metrowy fragment rakiety SpaceX uderzy\u0142 w Ksi\u0119\u017cyc ok. godz. 8.45 rano, a wed\u0142ug wylicze\u0144 kolizja mia\u0142a nast\u0105pi\u0107 w&hellip;\n","protected":false},"author":2,"featured_media":602634,"comment_status":"","ping_status":"","sticky":false,"template":"","format":"standard","meta":{"footnotes":"","_share_on_mastodon":"0"},"categories":[20],"tags":[61195,486,8625,48,120,118,119,56812,46,42,38,40,39,41,116,114,115,47,13702,80,121,117],"class_list":["post-602633","post","type-post","status-publish","format-standard","has-post-thumbnail","category-nauka-i-technika","tag-bottomfeed_styl","tag-elon_musk","tag-ksiezyc","tag-nat_styl","tag-nauka","tag-nauka-i-technika","tag-naukatechnika","tag-newbb_tst0","tag-omp","tag-pl","tag-poland","tag-polish","tag-polska","tag-polski","tag-science","tag-science-and-technology","tag-sciencetechnology","tag-screening_general","tag-spacex","tag-swiat","tag-technika","tag-technology"],"share_on_mastodon":{"url":"","error":""},"_links":{"self":[{"href":"https:\/\/www.europesays.com\/pl\/wp-json\/wp\/v2\/posts\/602633","targetHints":{"allow":["GET"]}}],"collection":[{"href":"https:\/\/www.europesays.com\/pl\/wp-json\/wp\/v2\/posts"}],"about":[{"href":"https:\/\/www.europesays.com\/pl\/wp-json\/wp\/v2\/types\/post"}],"author":[{"embeddable":true,"href":"https:\/\/www.europesays.com\/pl\/wp-json\/wp\/v2\/users\/2"}],"replies":[{"embeddable":true,"href":"https:\/\/www.europesays.com\/pl\/wp-json\/wp\/v2\/comments?post=602633"}],"version-history":[{"count":0,"href":"https:\/\/www.europesays.com\/pl\/wp-json\/wp\/v2\/posts\/602633\/revisions"}],"wp:featuredmedia":[{"embeddable":true,"href":"https:\/\/www.europesays.com\/pl\/wp-json\/wp\/v2\/media\/602634"}],"wp:attachment":[{"href":"https:\/\/www.europesays.com\/pl\/wp-json\/wp\/v2\/media?parent=602633"}],"wp:term":[{"taxonomy":"category","embeddable":true,"href":"https:\/\/www.europesays.com\/pl\/wp-json\/wp\/v2\/categories?post=602633"},{"taxonomy":"post_tag","embeddable":true,"href":"https:\/\/www.europesays.com\/pl\/wp-json\/wp\/v2\/tags?post=602633"}],"curies":[{"name":"wp","href":"https:\/\/api.w.org\/{rel}","templated":true}]}}