{"id":602948,"date":"2026-08-05T16:49:08","date_gmt":"2026-08-05T16:49:08","guid":{"rendered":"https:\/\/www.europesays.com\/pl\/602948\/"},"modified":"2026-08-05T16:49:08","modified_gmt":"2026-08-05T16:49:08","slug":"pozar-w-lubelskim-hotelu-ewakuowano-pracownikow-oraz-gosci-lublin112-wiadomosci-z-lublina-i-regionu-wazne-informacje-z-kraju","status":"publish","type":"post","link":"https:\/\/www.europesays.com\/pl\/602948\/","title":{"rendered":"Po\u017car w lubelskim hotelu. Ewakuowano pracownik\u00f3w oraz go\u015bci : Lublin112 \u2013 Wiadomo\u015bci z Lublina i regionu. Wa\u017cne informacje z kraju"},"content":{"rendered":"<p>Po\u017car w hotelu Pod Kasztanami przy ul. Kr\u0119\u017cnickiej w Lublinie zosta\u0142 zauwa\u017cony po po\u0142udniu w \u015brod\u0119, 5 sierpnia. Po godzinie 14 stra\u017c po\u017carna zosta\u0142a zaalarmowana, \u017ce na dw\u00f3ch kondygnacjach budynku pojawi\u0142o si\u0119 zadymienie.<\/p>\n<p>Jak wyja\u015bnia nam m\u0142. kpt. Bart\u0142omiej Pytka z Komendy Miejskiej Pa\u0144stwowej Stra\u017cy Po\u017carnej w Lublinie, w akcji ga\u015bniczej bra\u0142o udzia\u0142 6 zast\u0119p\u00f3w, \u0142\u0105cznie 20 stra\u017cak\u00f3w z JRG w Lublinie oraz z OSP z okolic miasta.<\/p>\n<p>Okaza\u0142o si\u0119, \u017ce w p\u0142omieniach stan\u0105\u0142 klimatyzator. Sytuacja zosta\u0142a szybko opanowana. Ze wzgl\u0119d\u00f3w bezpiecze\u0144stwa, a g\u0142\u00f3wnie z powodu zadymienia, ewakuowano z hotelu 7 os\u00f3b: trzech pracownik\u00f3w i czworo go\u015bci. Nikt nie wymaga\u0142 interwencji medycznej.<\/p>\n<p>Obecnie trwa ustalanie przyczyn pojawienia si\u0119 ognia.<\/p>\n","protected":false},"excerpt":{"rendered":"Po\u017car w hotelu Pod Kasztanami przy ul. Kr\u0119\u017cnickiej w Lublinie zosta\u0142 zauwa\u017cony po po\u0142udniu w \u015brod\u0119, 5 sierpnia.&hellip;\n","protected":false},"author":2,"featured_media":602949,"comment_status":"","ping_status":"","sticky":false,"template":"","format":"standard","meta":{"footnotes":"","_share_on_mastodon":"0"},"categories":[51612],"tags":[8275,119234,1081,42,38,40,39,41,2148],"class_list":["post-602948","post","type-post","status-publish","format-standard","has-post-thumbnail","category-lublin","tag-hotel","tag-kreznicka","tag-lublin","tag-pl","tag-poland","tag-polish","tag-polska","tag-polski","tag-pozar"],"share_on_mastodon":{"url":"","error":""},"_links":{"self":[{"href":"https:\/\/www.europesays.com\/pl\/wp-json\/wp\/v2\/posts\/602948","targetHints":{"allow":["GET"]}}],"collection":[{"href":"https:\/\/www.europesays.com\/pl\/wp-json\/wp\/v2\/posts"}],"about":[{"href":"https:\/\/www.europesays.com\/pl\/wp-json\/wp\/v2\/types\/post"}],"author":[{"embeddable":true,"href":"https:\/\/www.europesays.com\/pl\/wp-json\/wp\/v2\/users\/2"}],"replies":[{"embeddable":true,"href":"https:\/\/www.europesays.com\/pl\/wp-json\/wp\/v2\/comments?post=602948"}],"version-history":[{"count":0,"href":"https:\/\/www.europesays.com\/pl\/wp-json\/wp\/v2\/posts\/602948\/revisions"}],"wp:featuredmedia":[{"embeddable":true,"href":"https:\/\/www.europesays.com\/pl\/wp-json\/wp\/v2\/media\/602949"}],"wp:attachment":[{"href":"https:\/\/www.europesays.com\/pl\/wp-json\/wp\/v2\/media?parent=602948"}],"wp:term":[{"taxonomy":"category","embeddable":true,"href":"https:\/\/www.europesays.com\/pl\/wp-json\/wp\/v2\/categories?post=602948"},{"taxonomy":"post_tag","embeddable":true,"href":"https:\/\/www.europesays.com\/pl\/wp-json\/wp\/v2\/tags?post=602948"}],"curies":[{"name":"wp","href":"https:\/\/api.w.org\/{rel}","templated":true}]}}