{"id":603010,"date":"2026-08-05T17:24:32","date_gmt":"2026-08-05T17:24:32","guid":{"rendered":"https:\/\/www.europesays.com\/pl\/603010\/"},"modified":"2026-08-05T17:24:32","modified_gmt":"2026-08-05T17:24:32","slug":"ambasador-bez-panstwa-polsko-polska-wojna-niszczy-panstwo-2","status":"publish","type":"post","link":"https:\/\/www.europesays.com\/pl\/603010\/","title":{"rendered":"Ambasador bez pa\u0144stwa. Polsko-polska wojna niszczy pa\u0144stwo"},"content":{"rendered":"<p>1<\/p>\n<p>Pani Janke przez wiele lat by\u0142a dziennikark\u0105 i wydawc\u0105. Tworzy\u0142a m.in. prawicowy portal Salon24, a dzi\u015b jest wydawc\u0105 kana\u0142u swojego m\u0119\u017ca Igora Janke na YouTube<\/p>\n<p>2Pani ambasador przed wyjazdem do Brazylii <a href=\"https:\/\/wiadomosci.onet.pl\/kraj\/bogna-janke-odchodzi-z-kancelarii-prezydenta\/r8fx5rg\" rel=\"nofollow noopener\" target=\"_blank\">by\u0142a sekretarzem stanu w kancelarii prezydenta Andrzeja Dudy<\/a>, z kt\u00f3rej odesz\u0142a rok przed wyjazdem do Brazylii, na kt\u00f3r\u0105 to plac\u00f3wk\u0119 zosta\u0142a wys\u0142ana za zgod\u0105 \u00f3wczesnego ministra spraw zagranicznych Zbigniewa Raua, premiera Mateusza Morawieckiego oraz prezydenta Andrzeja Dudy3<\/p>\n<p>W 2021 r. Prawo i Sprawiedliwo\u015b\u0107 zmienia ustaw\u0119 o s\u0142u\u017cbie zagranicznej, dopuszczaj\u0105c polityczne nominacje na amabsador\u00f3w<\/p>\n<p>4<\/p>\n<p>Kiedy pani ambasador sk\u0142ada listy uwierzytelniaj\u0105ce w Brasilii, w Polsce rz\u0105dzi ju\u017c tzw. drugi rz\u0105d Mateusza Morawieckiego. Jest ju\u017c po wyborach do Sejmu. Dla wszystkich jest jasne, \u017ce drugi rz\u0105d Morawieckiego potrwa tylko dwa tygodnie i \u017ce w\u0142adz\u0119 po wyczerpaniu si\u0119 limit\u00f3w zapisanych w prawie przejmie rz\u0105d Donalda Tuska<\/p>\n<p>Z ludzkiego punktu widzenia \u017ale si\u0119 sta\u0142o, \u017ce MSZ w ten spos\u00f3b potraktowa\u0142 pani\u0105 ambasador. Wyrywanie kogo\u015b z pracy na drugim kontynencie i nakazywanie mu powrotu do domu z dnia na dzie\u0144 w sytuacji, gdy cz\u0142owiek ten nie dopu\u015bci\u0142 si\u0119 \u017cadnego dramatycznego nadu\u017cycia czy wr\u0119cz przest\u0119pstwa, jest po prostu nieludzkie. Zmuszanie osoby wys\u0142anej zgodnie z prawem jako przedstawiciel polskiego pa\u0144stwa do szukania mieszkania i wys\u0142uchiwania pr\u00f3\u015bb innych ambasador\u00f3w o przyj\u0119cie u nich schronienia jest upadlaniem polskiego pa\u0144stwa, a wi\u0119c nas wszystkich.<\/p>\n<p>MSZ nie musia\u0142 si\u0119 tak zachowywa\u0107 i m\u00f3g\u0142 da\u0107 czas pani ambasador na spakowanie rzeczy i przygotowanie si\u0119 do podr\u00f3\u017cy, zw\u0142aszcza je\u015bli sytuacja domowa tak\u0105 szybk\u0105 podr\u00f3\u017c uniemo\u017cliwia\u0142a. Nie wiem, co zyskuje polskie pa\u0144stwo, zabieraj\u0105c urz\u0119duj\u0105cemu ambasadorowi s\u0142u\u017cbowy samoch\u00f3d. To ma\u0142ostkowo\u015b\u0107 niegodna dyplomacji.<\/p>\n<p>Ale jest druga strona tej historii. Pani Janke domaga si\u0119, by w jej przypadku zachowane zosta\u0142o prawo. Wskazuje, \u017ce to prezydent j\u0105 powo\u0142a\u0142 i prezydent powinien j\u0105 odwo\u0142a\u0107. To samo prawo, kt\u00f3re chroni j\u0105 obecnie przed formalnym odwo\u0142aniem, daje jednak ministrowi spraw zagranicznych prawo do wezwania jej do kraju i wyznaczenia na jej miejsce dyplomaty ni\u017cszego rang\u0105, czyli owego charge d&#8217;affaires. To nie jest typowe dzia\u0142anie stabilnej demokracji, ale jest to jednak dzia\u0142anie legalne. Zgodnie z ustaw\u0105 o s\u0142u\u017cbie zagranicznej ka\u017cdy ambasador podlega s\u0142u\u017cbowo ministrowi spraw zagranicznych i co\u015b z tego stosunku s\u0142u\u017cbowego jednak wynika. Litera prawa zosta\u0142a zachowana.<\/p>\n<p>Pani Janke jednoznacznie zwi\u0105za\u0142a si\u0119 politycznie z jedn\u0105 stron\u0105 sporu politycznego w Polsce. Wyjecha\u0142a do Brazylii co prawda w momencie, gdy nie by\u0142o wiadomo, jak zako\u0144cz\u0105 si\u0119 wybory w Polsce, ale sk\u0142adaj\u0105c listy uwierzytelniaj\u0105ce, wiedzia\u0142a ju\u017c, \u017ce za chwil\u0119 to opozycja b\u0119dzie rz\u0105dzi\u0107 i to ona wska\u017ce ministra spraw zagranicznych.<\/p>\n<p>W praktyce ameryka\u0144skiej dyplomacji pani Janke by\u0142a typowym nominatem politycznym. Wywodzi\u0142a si\u0119 ze \u015brodowiska partii rz\u0105dz\u0105cej i powinno by\u0107 dla niej jasne, \u017ce nowy rz\u0105d nie b\u0119dzie chcia\u0142 z ni\u0105 wsp\u00f3\u0142pracowa\u0107. Nigdy nie by\u0142a zawodow\u0105 dyplomatk\u0105 i nigdy nie ukrywa\u0142a, jakie s\u0105 jej pogl\u0105dy polityczne.<\/p>\n<p>Warto te\u017c pami\u0119ta\u0107, \u017ce odwo\u0142ywanie ambasador\u00f3w, bo ich pogl\u0105dy polityczne nie podobaj\u0105 si\u0119 nowej w\u0142adzy, nie zacz\u0119\u0142o si\u0119 w Polsce w 2024 r. <a href=\"https:\/\/wiadomosci.onet.pl\/kraj\/schetyna-waszczykowski-powinien-wytlumaczyc-decyzje-o-odwolaniu-arabskiego\/dt291ev\" id=\"05b223f6-35d7-4d8f-9487-dc1db265d493\" rel=\"nofollow noopener\" target=\"_blank\">Witold Waszczykowski kilka dni po obj\u0119ciu teki szefa MSZ w 2015 r. odwo\u0142a\u0142 z plac\u00f3wki w Madrycie Tomasza Arabskiego<\/a>, bo Prawu i Sprawiedliwo\u015bci nie podoba\u0142y si\u0119 zachowania ambasadora w zwi\u0105zku z katastrof\u0105 smole\u0144sk\u0105. Minister Waszczykowski nie pozwoli\u0142 w og\u00f3le pojecha\u0107 do Kijowa ambasadorowi Marcinowi Wojciechowskiemu, kt\u00f3ry by\u0107 mo\u017ce podpad\u0142 mu tym, \u017ce przez wiele lat by\u0142 kiedy\u015b dziennikarzem &#8222;Gazety Wyborczej&#8221;. Oczywi\u015bcie min. Waszczykowskiemu by\u0142o \u0142atwiej, bo i on, i premier, i prezydent byli z jednej opcji politycznej, wi\u0119c o podpisy na dokumentach nie by\u0142o trudno.<\/p>\n<p>Czteroletnia kadencja, czyli zwyczajowy czas urz\u0119dowania ambasadora, sko\u0144czy si\u0119 pani Janke w przysz\u0142ym roku. Nie wiem, jak wyobra\u017ca\u0142a sobie, \u017ce b\u0119dzie nadal efektywnie pracowa\u0107 dla Polski przy tym poziomie konfliktu pomi\u0119dzy prezydentem a rz\u0105dem w Polsce. Po ludzku rozumiem jej rozczarowanie i rozgoryczenie, ale stanowisko ambasadorskie nie powinno by\u0107 traktowane jak przywilej.<\/p>\n<p>W USA wszyscy ambasadorowie, po zmianie partii politycznej w Bia\u0142ym Domu, sami podaj\u0105 si\u0119 do dymisji po to, by zostawi\u0107 woln\u0105 r\u0119k\u0119 nowej w\u0142adzy i nie komplikowa\u0107 pracy nowemu prezydentowi. To jest jakie\u015b rozwi\u0105zanie. Sam bardzo bym chcia\u0142, \u017ceby w Polsce panowa\u0142y praktyki dyplomacji takie jak w krajach skandynawskich, gdzie ambasadorami zostaj\u0105 praktycznie wy\u0142\u0105cznie zawodowi dyplomaci. W sytuacji naszego koszmarnego konfliktu politycznego ka\u017cdy ambasador mo\u017ce si\u0119 niespodziewanie znale\u017a\u0107 w podobnej do p. Janke sytuacji i wtedy chcia\u0142bym, \u017ceby ka\u017cda strona tego sporu podejmowa\u0142a decyzje, kieruj\u0105c si\u0119 wy\u0142\u0105cznie dobrem s\u0142u\u017cby dyplomatycznej.<\/p>\n","protected":false},"excerpt":{"rendered":"1 Pani Janke przez wiele lat by\u0142a dziennikark\u0105 i wydawc\u0105. Tworzy\u0142a m.in. prawicowy portal Salon24, a dzi\u015b jest&hellip;\n","protected":false},"author":2,"featured_media":603011,"comment_status":"","ping_status":"","sticky":false,"template":"","format":"standard","meta":{"footnotes":"","_share_on_mastodon":"0"},"categories":[12],"tags":[56,119232,61195,1898,1162,48,46,102,55,42,38,40,39,41,47],"class_list":["post-603010","post","type-post","status-publish","format-standard","has-post-thumbnail","category-polska","tag-article_premium","tag-bogna_janke","tag-bottomfeed_styl","tag-dyplomacja","tag-msz","tag-nat_styl","tag-omp","tag-opinie","tag-phx","tag-pl","tag-poland","tag-polish","tag-polska","tag-polski","tag-screening_general"],"share_on_mastodon":{"url":"https:\/\/pubeurope.com\/@pl\/117044069191754896","error":""},"_links":{"self":[{"href":"https:\/\/www.europesays.com\/pl\/wp-json\/wp\/v2\/posts\/603010","targetHints":{"allow":["GET"]}}],"collection":[{"href":"https:\/\/www.europesays.com\/pl\/wp-json\/wp\/v2\/posts"}],"about":[{"href":"https:\/\/www.europesays.com\/pl\/wp-json\/wp\/v2\/types\/post"}],"author":[{"embeddable":true,"href":"https:\/\/www.europesays.com\/pl\/wp-json\/wp\/v2\/users\/2"}],"replies":[{"embeddable":true,"href":"https:\/\/www.europesays.com\/pl\/wp-json\/wp\/v2\/comments?post=603010"}],"version-history":[{"count":0,"href":"https:\/\/www.europesays.com\/pl\/wp-json\/wp\/v2\/posts\/603010\/revisions"}],"wp:featuredmedia":[{"embeddable":true,"href":"https:\/\/www.europesays.com\/pl\/wp-json\/wp\/v2\/media\/603011"}],"wp:attachment":[{"href":"https:\/\/www.europesays.com\/pl\/wp-json\/wp\/v2\/media?parent=603010"}],"wp:term":[{"taxonomy":"category","embeddable":true,"href":"https:\/\/www.europesays.com\/pl\/wp-json\/wp\/v2\/categories?post=603010"},{"taxonomy":"post_tag","embeddable":true,"href":"https:\/\/www.europesays.com\/pl\/wp-json\/wp\/v2\/tags?post=603010"}],"curies":[{"name":"wp","href":"https:\/\/api.w.org\/{rel}","templated":true}]}}