{"id":603064,"date":"2026-08-05T18:02:14","date_gmt":"2026-08-05T18:02:14","guid":{"rendered":"https:\/\/www.europesays.com\/pl\/603064\/"},"modified":"2026-08-05T18:02:14","modified_gmt":"2026-08-05T18:02:14","slug":"agnieszka-wozniak-starak-zaskoczyla-widzow-pokazala-sie-na-wizji-w-bialym-welonie","status":"publish","type":"post","link":"https:\/\/www.europesays.com\/pl\/603064\/","title":{"rendered":"Agnieszka Wo\u017aniak-Starak zaskoczy\u0142a widz\u00f3w. Pokaza\u0142a si\u0119 na wizji w bia\u0142ym welonie"},"content":{"rendered":"<p>Widzowie <a href=\"https:\/\/plejada.pl\/temat\/pytanie-na-sniadanie\/3mqbclq\" id=\"16ffbb28-8b48-4e9a-a2dd-3000537df430\" rel=\"nofollow noopener\" target=\"_blank\">&#8222;Pytania na \u015bniadanie&#8221;<\/a> nie kryli zaskoczenia, gdy <a href=\"https:\/\/plejada.pl\/temat\/agnieszka-wozniak-starak-dziennikarka\/0f6me0p\" id=\"5e3155b0-26ce-4353-97dc-6ab73ad498ca\" rel=\"nofollow noopener\" target=\"_blank\">Agnieszka Wo\u017aniak-Starak<\/a> pojawi\u0142a si\u0119 na antenie w bia\u0142ym welonie. To niecodzienne wej\u015bcie prezenterki, kt\u00f3ra od ponad p\u00f3\u0142 roku wsp\u00f3\u0142prowadzi \u015bniadaniowy program TVP u boku \u0141ukasza Kadziewicza, natychmiast wywo\u0142a\u0142o burz\u0119 w sieci.Dalszy ci\u0105g artyku\u0142u pod materia\u0142em wideoAgnieszka Wo\u017aniak-Starak zaskoczy\u0142a widz\u00f3w &#8222;Pytania na \u015bniadanie&#8221;<a href=\"https:\/\/www.onet.pl\/\" title=\"Strona G\u0142\u00f3wna\" aria-label=\"Strona G\u0142\u00f3wna\" data-astro-prefetch=\"tap\" class=\"ods-a-logo-main-desktop\" rel=\"nofollow noopener\" target=\"_blank\"><img src=\"https:\/\/cdn.plejada.pl\/img\/Logo_desktop_Onet.svg\" class=\"ods-a-logo-main-desktop__image\" alt=\"Logo\" width=\"107\" height=\"60\" fetchpriority=\"high\" decoding=\"sync\" style=\"height:60px\"\/><\/a><\/p>\n<p class=\"ods-m-google-article__text\">Czytaj nas cz\u0119\u015bciej w Google<\/p>\n<p><a href=\"https:\/\/google.com\/preferences\/source?q=plejada.pl\" target=\"_blank\" rel=\"noopener noreferrer nofollow\" aria-label=\"Dodaj w Google\" title=\"Dodaj w Google\" class=\"ods-a-button ods-a-button__primary ods-a-button__default ods-a-button-l\">Dodaj w Google<\/a><\/p>\n<p>Powodem zamieszania by\u0142 temat \u015blubnych stylizacji, kt\u00f3ry omawiano podczas wydania programu w \u015brod\u0119 5 sierpnia. Zaproszona stylistka postanowi\u0142a w pewnym momencie wpi\u0105\u0107 gospodyni programu welon we w\u0142osy. Wo\u017aniak-Starak mia\u0142a na sobie zwiewn\u0105, jasnob\u0142\u0119kitn\u0105 sukienk\u0119, a ca\u0142o\u015b\u0107 dope\u0142ni\u0142a atmosfera lekko\u015bci i humoru.<\/p>\n<p><img class=\"ods-a-photo ods-a-photo--background\" src=\"https:\/\/www.europesays.com\/pl\/wp-content\/uploads\/2026\/08\/wYLk9lBaHR0cHM6Ly9vY2RuLmV1L3B1bHNjbXMvTURBXy9hYjVkODdlNTRhMWQ1MTVmYWMyNTUzMDFkODIzMGU4Ny5qcGeRlQLNA.jpeg\" height=\"300\" width=\"450\" alt=\"Kuba Sienkiewicz\" loading=\"lazy\" fetchpriority=\"low\" decoding=\"async\"\/><\/p>\n<p>Ekipa &#8222;Pytania na \u015bniadanie&#8221; szybko wykorzysta\u0142a potencja\u0142 sytuacji, publikuj\u0105c w mediach spo\u0142eczno\u015bciowych kr\u00f3tki filmik z Agnieszk\u0105 w roli &#8222;panny m\u0142odej&#8221;, opatrzony weseln\u0105 melodi\u0105 Mendelssohna i podpisem: &#8222;Aga, czekamy na zapro!&#8221;.<\/p>\n<p>Internauci natychmiast zareagowali. W komentarzach pod filmem nie brakowa\u0142o zachwyt\u00f3w. &#8222;Pani Agnieszko\u2026 przepi\u0119kna sukienka&#8221;, &#8222;Cudownie&#8221;, &#8222;Aga Ty zawsze wygl\u0105dasz zjawiskowo, Tw\u00f3j styl jest bardzo oryginalny. M\u0105dra, pi\u0119kna \u015bwietnie ubrana, czy cho\u0107 jedna rzecz jest nie tak?&#8221;, &#8222;Pani Agnieszko, dzi\u015b wygl\u0105da\u0142a Pani prze\u015blicznie, tak ubrana i uczesana. Z welonem oczywi\u015bcie te\u017c&#8221;, &#8222;Pani Agnieszce we wszystkim \u0142adnie \u2026 welon koniecznie trzeba przyodzia\u0107 te\u017c\u2026.&#8221; \u2014 pisali widzowie.<\/p>\n<p>Dzi\u0119kujemy, \u017ce przeczyta\u0142a\u015b\/e\u015b nasz artyku\u0142 do ko\u0144ca. W serwisie Plejada.pl ka\u017cdego dnia piszemy o najwa\u017cniejszych wydarzeniach show-biznesowych. B\u0105d\u017a na bie\u017c\u0105co!<a rel=\"nofollow noopener\" href=\"https:\/\/profile.google.com\/cp\/Cg0vZy8xMWJ6X19wdHBx\" id=\"71ab6aa1-a454-42e3-8586-c94c3b7d7b5f\" target=\"_blank\"> Obserwuj<\/a> Plejad\u0119 w Google. Odwied\u017a nas tak\u017ce na<a rel=\"nofollow noopener\" href=\"https:\/\/www.facebook.com\/plejadapl\" id=\"1bcc5b6b-86e3-4c50-b223-a52efa0ff469\" target=\"_blank\"> Facebooku<\/a>,<a rel=\"nofollow noopener\" href=\"https:\/\/www.instagram.com\/plejadapl\/\" id=\"2732b617-74f3-43fe-87df-0b4a4bee33a6\" target=\"_blank\"> Instagramie<\/a>,<a rel=\"nofollow noopener\" href=\"https:\/\/www.youtube.com\/c\/plejada\" id=\"3723b3e2-efcb-4635-821c-e80b16907bfd\" target=\"_blank\"> YouTubie<\/a> oraz<a rel=\"nofollow noopener\" href=\"https:\/\/www.tiktok.com\/@plejada_pl\" id=\"5abd1c03-aa84-4d27-96c0-3c2046c53791\" target=\"_blank\"> TikToku<\/a>.Chcesz podzieli\u0107 si\u0119 ciekawym newsem lub zaproponowa\u0107 temat? Skontaktuj si\u0119 z nami, pisz\u0105c maila na adres: <a rel=\"nofollow noopener\" href=\"https:\/\/plejada.pl\/newsy\/agnieszka-wozniak-starak-zaskoczyla-widzow-pokazala-sie-na-wizji-w-bialym-welonie\/mailto:plejada@redakcjaonet.pl\" id=\"b39dc229-fdc5-46c5-91ed-f2dfb3f97f53\" target=\"_blank\">plejada@redakcjaonet.pl<\/a>.<script async src=\"\/\/www.instagram.com\/embed.js\"><\/script><script async src=\"\/\/www.tiktok.com\/embed.js\"><\/script><\/p>\n","protected":false},"excerpt":{"rendered":"Widzowie &#8222;Pytania na \u015bniadanie&#8221; nie kryli zaskoczenia, gdy Agnieszka Wo\u017aniak-Starak pojawi\u0142a si\u0119 na antenie w bia\u0142ym welonie. To&hellip;\n","protected":false},"author":2,"featured_media":603065,"comment_status":"","ping_status":"","sticky":false,"template":"","format":"standard","meta":{"footnotes":"","_share_on_mastodon":"0"},"categories":[22],"tags":[6818,61195,122,48,125,46,42,38,40,39,41,2577,123,47,556,506],"class_list":["post-603064","post","type-post","status-publish","format-standard","has-post-thumbnail","category-rozrywka","tag-agnieszka_wozniak_starak","tag-bottomfeed_styl","tag-entertainment","tag-nat_styl","tag-newsy","tag-omp","tag-pl","tag-poland","tag-polish","tag-polska","tag-polski","tag-pytanie_na_sniadanie","tag-rozrywka","tag-screening_general","tag-slub","tag-tvp"],"share_on_mastodon":{"url":"https:\/\/pubeurope.com\/@pl\/117044219919707480","error":""},"_links":{"self":[{"href":"https:\/\/www.europesays.com\/pl\/wp-json\/wp\/v2\/posts\/603064","targetHints":{"allow":["GET"]}}],"collection":[{"href":"https:\/\/www.europesays.com\/pl\/wp-json\/wp\/v2\/posts"}],"about":[{"href":"https:\/\/www.europesays.com\/pl\/wp-json\/wp\/v2\/types\/post"}],"author":[{"embeddable":true,"href":"https:\/\/www.europesays.com\/pl\/wp-json\/wp\/v2\/users\/2"}],"replies":[{"embeddable":true,"href":"https:\/\/www.europesays.com\/pl\/wp-json\/wp\/v2\/comments?post=603064"}],"version-history":[{"count":0,"href":"https:\/\/www.europesays.com\/pl\/wp-json\/wp\/v2\/posts\/603064\/revisions"}],"wp:featuredmedia":[{"embeddable":true,"href":"https:\/\/www.europesays.com\/pl\/wp-json\/wp\/v2\/media\/603065"}],"wp:attachment":[{"href":"https:\/\/www.europesays.com\/pl\/wp-json\/wp\/v2\/media?parent=603064"}],"wp:term":[{"taxonomy":"category","embeddable":true,"href":"https:\/\/www.europesays.com\/pl\/wp-json\/wp\/v2\/categories?post=603064"},{"taxonomy":"post_tag","embeddable":true,"href":"https:\/\/www.europesays.com\/pl\/wp-json\/wp\/v2\/tags?post=603064"}],"curies":[{"name":"wp","href":"https:\/\/api.w.org\/{rel}","templated":true}]}}