{"id":603122,"date":"2026-08-05T18:36:12","date_gmt":"2026-08-05T18:36:12","guid":{"rendered":"https:\/\/www.europesays.com\/pl\/603122\/"},"modified":"2026-08-05T18:36:12","modified_gmt":"2026-08-05T18:36:12","slug":"politycy-ko-reaguja-po-wyroku-w-sprawie-subwencji-dla-pis-zadnych-watpliwosci","status":"publish","type":"post","link":"https:\/\/www.europesays.com\/pl\/603122\/","title":{"rendered":"Politycy KO reaguj\u0105 po wyroku w sprawie subwencji dla PiS. &#8222;\u017badnych w\u0105tpliwo\u015bci&#8221;"},"content":{"rendered":"<p><a href=\"https:\/\/wiadomosci.onet.pl\/kraj\/sad-zdecydowal-w-sprawie-subwencji-dla-pis-miazdzacy-wyrok\/24m6s9y\" id=\"43032bb4-72a8-4ace-9720-f713dd64d59c\" rel=\"nofollow noopener\" target=\"_blank\">W \u015brod\u0119 Naczelny S\u0105d Administracyjny (NSA) oddali\u0142 kasacj\u0119 w sprawie dotacji i subwencji dla PiS<\/a>. Chodzi o skarg\u0119 PiS dotycz\u0105c\u0105 niewyp\u0142acania przez Ministerstwo Finans\u00f3w dotacji dla partii.<\/p>\n<p>G\u0142os w sprawie, przekazuj\u0105c informacj\u0119 o wyroku NSA, zabra\u0142 minister finans\u00f3w Andrzej Doma\u0144ski. &#8222;Mia\u017cd\u017c\u0105cy dla PiS wyrok s\u0105du w sprawie subwencji i dotacji podtrzymany! Kasacja oddalona. \u017badnych w\u0105tpliwo\u015bci. Kolejne pisowskie k\u0142amstwo obna\u017cone&#8221; \u2014 napisa\u0142.<\/p>\n<p><a href=\"https:\/\/www.onet.pl\/\" title=\"Strona G\u0142\u00f3wna\" aria-label=\"Strona G\u0142\u00f3wna\" data-astro-prefetch=\"tap\" class=\"ods-a-logo-main-desktop\" rel=\"nofollow noopener\" target=\"_blank\"><img src=\"https:\/\/cdn.wiadomosci.onet.pl\/img\/Logo_desktop_Onet.svg\" class=\"ods-a-logo-main-desktop__image\" alt=\"Logo\" width=\"107\" height=\"60\" fetchpriority=\"high\" decoding=\"sync\" style=\"height:60px\"\/><\/a><\/p>\n<p class=\"ods-m-google-article__text\">Czytaj nas cz\u0119\u015bciej w Google<\/p>\n<p><a href=\"https:\/\/google.com\/preferences\/source?q=wiadomosci.onet.pl\" target=\"_blank\" rel=\"noopener noreferrer nofollow\" aria-label=\"Dodaj w Google\" title=\"Dodaj w Google\" class=\"ods-a-button ods-a-button__primary ods-a-button__default ods-a-button-l\">Dodaj w Google<\/a><a href=\"https:\/\/wiadomosci.onet.pl\/kraj\/pis-bez-subwencji-donald-tusk-komentuje-tak-jak-mowilismy\/td2ds04\" id=\"d92632ed-324b-4640-9b57-89bb696e1ec8\" rel=\"nofollow noopener\" target=\"_blank\">Nast\u0119pnie g\u0142os zabra\u0142 premier Donald Tusk<\/a>. &#8222;Tak jak m\u00f3wili\u015bmy, dla przekr\u0119ciarzy pieni\u0119dzy nie ma i nie b\u0119dzie&#8221; \u2014 skomentowa\u0142.Dalszy ci\u0105g artyku\u0142u pod materia\u0142em wideoPiS bez subwencji. Politycy KO komentuj\u0105<\/p>\n<p>Wyrok NSA komentuj\u0105 r\u00f3wnie\u017c inni politycy koalicji rz\u0105dz\u0105cej.<\/p>\n<p>&#8222;Czarne dni PiS. Rozpad i mia\u017cd\u017c\u0105cy wyrok&#8221; \u2014 skomentowa\u0142 koordynator s\u0142u\u017cb specjalnych Tomasz Siemoniak.<\/p>\n<p>&#8222;NSA oddali\u0142 kasacj\u0119 PiS w sprawie subwencji i dotacji partyjnej. \u0141amali prawo wyborcze, finansowali si\u0119 z lewych \u017ar\u00f3de\u0142 i maj\u0105 prawo i sprawiedliwo\u015b\u0107&#8221; \u2014 uzna\u0142 przewodnicz\u0105cy klubu KO Zbigniew Konwi\u0144ski.<\/p>\n<p>&#8222;Nareszcie jest prawo i sprawiedliwo\u015b\u0107&#8221; \u2014 skomentowa\u0142a by\u0142a ministra zdrowia Izabela Leszczyna.<\/p>\n<p>Wyrok w sprawie subwencji dla PiS. &#8222;Przegrali z faktami i prawem&#8221;<\/p>\n<p>&#8222;Mia\u017cd\u017c\u0105ca pora\u017cka PiS przed s\u0105dem. Kasacja zosta\u0142a oddalona, a wyrok w sprawie subwencji i dotacji zosta\u0142 podtrzymany. Ju\u017c za chwil\u0119 zapewne pojawi\u0105 si\u0119 g\u0142osy o \u00bbzem\u015bcie Tuska\u00ab. Warto jednak pami\u0119ta\u0107, \u017ce to nie politycy wydali ten wyrok, lecz niezawis\u0142y s\u0105d&#8221; \u2014 komentuje pos\u0142anka KO Marta Golbik.<\/p>\n<p>&#8222;Kasacja oddalona. Wyrok korzystny dla pa\u0144stwa zosta\u0142 utrzymany. Kolejny raz okaza\u0142o si\u0119, \u017ce PiS przegra\u0142 nie z polityk\u0105, ale z faktami i prawem&#8221; \u2014 napisa\u0142a pos\u0142anka KO Alicja \u0141epkowska-Go\u0142a\u015b.<\/p>\n<p>&#8222;Wyrok s\u0105du w sprawie subwencji i dotacji dla PiS podtrzymany! Kasacja oddalona!&#8221; \u2014 komentuje pos\u0142anka KO Maria Janyska.<\/p>\n<p>W PiS w\u015bciek\u0142o\u015b\u0107 na Morawieckiego. &#8222;Skandal. On grozi prezesowi&#8221;<img class=\"ods-a-photo ods-a-photo--background\" src=\"https:\/\/www.europesays.com\/pl\/wp-content\/uploads\/2026\/08\/1785954972_981_hz8k9lBaHR0cHM6Ly9vY2RuLmV1L3B1bHNjbXMvTURBXy8xMWExZGZlNWE1MjA2YzkyMjA1OGQxNDczMDk0YjQxNC5qcGeRlQLNA.jpeg\" height=\"301\" width=\"450\" alt=\"(od lewej) Mateusz Morawiecki i Jaros\u0142aw Kaczy\u0144ski w trakcie konferencji prasowej w siedzibie PiS. Warszawa, 21.04.2026 r.\" loading=\"lazy\" fetchpriority=\"low\" decoding=\"async\"\/><\/p>\n","protected":false},"excerpt":{"rendered":"W \u015brod\u0119 Naczelny S\u0105d Administracyjny (NSA) oddali\u0142 kasacj\u0119 w sprawie dotacji i subwencji dla PiS. Chodzi o skarg\u0119&hellip;\n","protected":false},"author":2,"featured_media":603123,"comment_status":"","ping_status":"","sticky":false,"template":"","format":"standard","meta":{"footnotes":"","_share_on_mastodon":"0"},"categories":[62713],"tags":[5483,61195,1345,212,49,48,46,529,47,11957,1246],"class_list":["post-603122","post","type-post","status-publish","format-standard","has-post-thumbnail","category-donald-tusk","tag-andrzej_domanski","tag-bottomfeed_styl","tag-donald-tusk","tag-donald_tusk","tag-kraj","tag-nat_styl","tag-omp","tag-pis","tag-screening_general","tag-subwencja","tag-tomasz_siemoniak"],"share_on_mastodon":{"url":"https:\/\/pubeurope.com\/@pl\/117044352727428629","error":""},"_links":{"self":[{"href":"https:\/\/www.europesays.com\/pl\/wp-json\/wp\/v2\/posts\/603122","targetHints":{"allow":["GET"]}}],"collection":[{"href":"https:\/\/www.europesays.com\/pl\/wp-json\/wp\/v2\/posts"}],"about":[{"href":"https:\/\/www.europesays.com\/pl\/wp-json\/wp\/v2\/types\/post"}],"author":[{"embeddable":true,"href":"https:\/\/www.europesays.com\/pl\/wp-json\/wp\/v2\/users\/2"}],"replies":[{"embeddable":true,"href":"https:\/\/www.europesays.com\/pl\/wp-json\/wp\/v2\/comments?post=603122"}],"version-history":[{"count":0,"href":"https:\/\/www.europesays.com\/pl\/wp-json\/wp\/v2\/posts\/603122\/revisions"}],"wp:featuredmedia":[{"embeddable":true,"href":"https:\/\/www.europesays.com\/pl\/wp-json\/wp\/v2\/media\/603123"}],"wp:attachment":[{"href":"https:\/\/www.europesays.com\/pl\/wp-json\/wp\/v2\/media?parent=603122"}],"wp:term":[{"taxonomy":"category","embeddable":true,"href":"https:\/\/www.europesays.com\/pl\/wp-json\/wp\/v2\/categories?post=603122"},{"taxonomy":"post_tag","embeddable":true,"href":"https:\/\/www.europesays.com\/pl\/wp-json\/wp\/v2\/tags?post=603122"}],"curies":[{"name":"wp","href":"https:\/\/api.w.org\/{rel}","templated":true}]}}