{"id":603454,"date":"2026-08-05T22:21:10","date_gmt":"2026-08-05T22:21:10","guid":{"rendered":"https:\/\/www.europesays.com\/pl\/603454\/"},"modified":"2026-08-05T22:21:10","modified_gmt":"2026-08-05T22:21:10","slug":"polska-moze-zyskac-na-nowych-clach-usa-ma-przewage-nad-wiekszoscia-konkurentow","status":"publish","type":"post","link":"https:\/\/www.europesays.com\/pl\/603454\/","title":{"rendered":"Polska mo\u017ce zyska\u0107 na nowych c\u0142ach USA. Ma przewag\u0119 nad wi\u0119kszo\u015bci\u0105 konkurent\u00f3w"},"content":{"rendered":"<p>Nowa runda ameryka\u0144skich ce\u0142 nie musi oznacza\u0107 dla Polski wy\u0142\u0105cznie strat. Chocia\u017c eksporterzy nadal ponosz\u0105 dodatkowe koszty zwi\u0105zane z protekcjonistyczn\u0105 polityk\u0105 USA, Polska zosta\u0142a obj\u0119ta \u0142agodniejszym re\u017cimem ni\u017c wielu jej konkurent\u00f3w. \u015aredniowa\u017cona przewaga celna polskiego eksportu wobec pozosta\u0142ych najwi\u0119kszych dostawc\u00f3w na rynek ameryka\u0144ski wynosi oko\u0142o 3,2 p.p.<\/p>\n<p>Towary z Unii Europejskiej zosta\u0142y obj\u0119te stawkami do 10%, podczas gdy mi\u0119dzy innymi Chiny, Brazylia i Wietnam podlegaj\u0105 taryfom na poziomie 12,5%.Po zmianach wprowadzonych 24 lipca przewaga celna Polski zwi\u0119kszy\u0142a si\u0119 o blisko 1 p.p.W maju 2026 roku ameryka\u0144ski import z Polski wzr\u00f3s\u0142 o 24% rok do roku, g\u0142\u00f3wnie dzi\u0119ki miedzi, srebru oraz silnikom lotniczym.Bezpo\u015brednie negatywne skutki taryf zg\u0142osi\u0142o 14% wszystkich ankietowanych firm, a kolejne 10% odczu\u0142o je po\u015brednio.Najsilniej konsekwencje ce\u0142 odczuwa\u0142y du\u017ce przedsi\u0119biorstwa oraz eksporterzy osi\u0105gaj\u0105cy sprzeda\u017c zagraniczn\u0105 powy\u017cej 10 mln euro.USA wprowadzi\u0142y nowy system ce\u0142<\/p>\n<p>Polska jest pod tym wzgl\u0119dem jednym z najwi\u0119kszych relatywnych beneficjent\u00f3w nowych zasad. Korzystniejsz\u0105 pozycj\u0119 maj\u0105 jedynie Kanada i Meksyk, a w\u015br\u00f3d du\u017cych dostawc\u00f3w z Unii Europejskiej mocniej skorzysta\u0142y W\u0142ochy, Belgia i Hiszpania. Jednak c\u0142a nie s\u0105 dla polskich firm korzystne same w sobie. Nadal podnosz\u0105 koszt sprzeda\u017cy na rynku ameryka\u0144skim i mog\u0105 os\u0142abia\u0107 globaln\u0105 koniunktur\u0119. Polska zyskuje jednak na tym, \u017ce cz\u0119\u015b\u0107 jej konkurent\u00f3w zosta\u0142a potraktowana jeszcze surowiej.<\/p>\n<p>Zobacz tak\u017ce: <a href=\"https:\/\/obserwatorgospodarczy.pl\/2026\/08\/04\/cudzoziemcy-nie-wypieraja-polakow-z-rynku-pracy-uzupelniaja-rosnace-braki-kadrowe\/\" rel=\"nofollow noopener\" target=\"_blank\">Cudzoziemcy nie wypieraj\u0105 Polak\u00f3w z rynku pracy. Uzupe\u0142niaj\u0105 rosn\u0105ce braki kadrowe<\/a><\/p>\n<p><img decoding=\"async\" class=\"aligncenter wp-image-129086 size-full\" loading=\"lazy\" src=\"https:\/\/obserwatorgospodarczy.pl\/wp-content\/uploads\/2026\/08\/bilans-handlowy-polska-USA.avif\" alt=\"bilans handlowy polska USA\" width=\"919\" height=\"728\"\/><\/p>\n<p>Ameryka\u0144ska polityka celna pozostaje przedmiotem intensywnych spor\u00f3w prawnych. W lutym 2026 roku S\u0105d Najwy\u017cszy Stan\u00f3w Zjednoczonych uzna\u0142 za nielegalne tzw. c\u0142a wzajemne, wprowadzone przez administracj\u0119 Donalda Trumpa w kwietniu 2025 roku. S\u0105d uzna\u0142, \u017ce w\u0142adza wykonawcza nie mog\u0142a wykorzystywa\u0107 przepis\u00f3w IEEPA do nak\u0142adania ce\u0142 w celach dochodowych. W odpowiedzi administracja wprowadzi\u0142a tymczasowe taryfy na podstawie sekcji 122 ustawy o handlu z 1974 roku. Mog\u0142y jednak obowi\u0105zywa\u0107 maksymalnie przez 150 dni.<\/p>\n<p>Po wyga\u015bni\u0119ciu tego rozwi\u0105zania Stany Zjednoczone ustanowi\u0142y od 24 lipca nowy system oparty na sekcji 301 ustawy o handlu. Pa\u0144stwa zosta\u0142y podzielone na dwie g\u0142\u00f3wne grupy. Towary z Unii Europejskiej oraz osiemnastu innych gospodarek zosta\u0142y obj\u0119te stawkami si\u0119gaj\u0105cymi maksymalnie 10%. W przypadku mi\u0119dzy innymi Chin, Brazylii i Wietnamu zastosowano stawk\u0119 12,5%. Podstaw\u0105 nowych ce\u0142 jest zarzut korzystania z pracy przymusowej albo niewystarczaj\u0105cego przeciwdzia\u0142ania temu zjawisku. Tak\u017ce ten mechanizm zosta\u0142 ju\u017c jednak zaskar\u017cony. Nie mo\u017cna wi\u0119c wykluczy\u0107, \u017ce obecne taryfy r\u00f3wnie\u017c zostan\u0105 w przysz\u0142o\u015bci podwa\u017cone przez ameryka\u0144skie s\u0105dy.<\/p>\n<p>Polska ma przewag\u0119 celn\u0105 nad konkurentami<\/p>\n<p>Najwa\u017cniejsza dla polskich eksporter\u00f3w nie jest sama wysoko\u015b\u0107 taryfy, lecz jej relacja do ce\u0142 nak\u0142adanych na konkurencyjne gospodarki. \u015arednia stawka celna wa\u017cona struktur\u0105 ameryka\u0144skiego importu z Polski jest o oko\u0142o 3,26 p.p. ni\u017csza od przeci\u0119tnej stawki dotycz\u0105cej pozosta\u0142ych du\u017cych dostawc\u00f3w na rynek USA. Obliczenia oparto na strukturze handlu z 2024 roku.<\/p>\n<p>Po zmianach obowi\u0105zuj\u0105cych od 24 lipca przewaga Polski zwi\u0119kszy\u0142a si\u0119 o blisko 1 p.p.. W\u015br\u00f3d najwi\u0119kszych dostawc\u00f3w do Stan\u00f3w Zjednoczonych wy\u017cszy relatywny zysk odnotowa\u0142y tylko W\u0142ochy, Belgia i Hiszpania. Polska znajduje si\u0119 r\u00f3wnie\u017c tu\u017c za Kanad\u0105 i Meksykiem pod wzgl\u0119dem \u0142\u0105cznej przewagi wobec konkurent\u00f3w. Oba pa\u0144stwa korzystaj\u0105 ze szczeg\u00f3lnych powi\u0105za\u0144 handlowych z USA wynikaj\u0105cych z blisko\u015bci geograficznej i regionalnych um\u00f3w gospodarczych.<\/p>\n<p>Zobacz tak\u017ce: <a href=\"https:\/\/obserwatorgospodarczy.pl\/2026\/08\/04\/polska-wcale-nie-inwestuje-tak-malo-ten-wskaznik-stawia-nas-powyzej-sredniej-ue\/\" rel=\"nofollow noopener\" target=\"_blank\">Polska wcale nie inwestuje tak ma\u0142o. Ten wska\u017anik stawia nas powy\u017cej \u015bredniej UE<\/a><\/p>\n<p>Dla polskich firm oznacza to, \u017ce ich produkty mog\u0105 sta\u0107 si\u0119 relatywnie bardziej konkurencyjne wobec towar\u00f3w pochodz\u0105cych z pa\u0144stw obci\u0105\u017conych stawk\u0105 12,5% albo dodatkowymi taryfami. Relatywna przewaga Polski wynika przede wszystkim z \u0142agodniejszego potraktowania Unii Europejskiej i Tajwanu. W ich przypadku c\u0142a bazowe stosowane zgodnie z klauzul\u0105 najwi\u0119kszego uprzywilejowania nie maj\u0105 by\u0107 automatycznie powi\u0119kszane o dodatkowe 10%. \u0141\u0105czna stawka ma nie przekracza\u0107 tego poziomu.<\/p>\n<p>Inaczej wygl\u0105da sytuacja na przyk\u0142ad Indii czy Wielkiej Brytanii, gdzie dodatkowe taryfy mog\u0105 zosta\u0107 doliczone do ju\u017c obowi\u0105zuj\u0105cych stawek bazowych. W efekcie cz\u0119\u015b\u0107 ich eksportu b\u0119dzie obci\u0105\u017cona wy\u017cszymi kosztami ni\u017c towary pochodz\u0105ce z UE. Znaczenie maj\u0105 tak\u017ce wy\u0142\u0105czenia sektorowe. Nowymi taryfami nie zosta\u0142y w pe\u0142ni obj\u0119te mi\u0119dzy innymi niekt\u00f3re towary zwi\u0105zane z lotnictwem i farmacj\u0105. Mo\u017ce to dodatkowo wzmacnia\u0107 pozycj\u0119 pa\u0144stw, kt\u00f3rych eksport do Stan\u00f3w Zjednoczonych koncentruje si\u0119 w tych bran\u017cach.<\/p>\n<p>Eksport z Polski do USA przesta\u0142 spada\u0107<\/p>\n<p>W pierwszych pi\u0119ciu miesi\u0105cach 2026 roku warto\u015b\u0107 ameryka\u0144skiego importu z Polski utrzyma\u0142a si\u0119 na poziomie zbli\u017conym do analogicznego okresu poprzedniego roku. Pocz\u0105tek roku by\u0142 jednak s\u0142abszy. W pierwszych trzech miesi\u0105cach wyniki pozostawa\u0142y poni\u017cej poziom\u00f3w z 2025 roku. Cz\u0119\u015bciowo mo\u017cna to t\u0142umaczy\u0107 wysok\u0105 baz\u0105 statystyczn\u0105. Na pocz\u0105tku 2025 roku ameryka\u0144scy importerzy zwi\u0119kszali zakupy, przewiduj\u0105c wprowadzenie nowych barier celnych. Cz\u0119\u015b\u0107 zam\u00f3wie\u0144 zosta\u0142a wi\u0119c przyspieszona, co sztucznie podnios\u0142o \u00f3wczesny wynik i utrudni\u0142o p\u00f3\u017aniejsze por\u00f3wnania.<\/p>\n<p>W kwietniu 2026 roku import z Polski zacz\u0105\u0142 jednak nieznacznie rosn\u0105\u0107, natomiast w maju zwi\u0119kszy\u0142 si\u0119 a\u017c o 24% rok do roku. Za ponad po\u0142ow\u0119 tego wzrostu odpowiada\u0142y surowce oraz przemys\u0142 lotniczy. Import miedzi i srebra zwi\u0119kszy\u0142 si\u0119 o ponad 36%, natomiast silnik\u00f3w lotniczych o 14%. Wyniki pokazuj\u0105, \u017ce pomimo nowych ce\u0142 polski eksport na rynek ameryka\u0144ski nie za\u0142ama\u0142 si\u0119. Jego struktura pozostaje jednak silnie zale\u017cna od wybranych kategorii towar\u00f3w.<\/p>\n<p>Zobacz tak\u017ce: <a href=\"https:\/\/obserwatorlogistyczny.pl\/2026\/08\/05\/incydent-na-lotnisku-w-lipsku-dron-z-ladunkiem-wybuchowym-przy-ukrainskim-antonowie\/\" rel=\"nofollow noopener\" target=\"_blank\">Incydent na lotnisku w Lipsku. Dron z \u0142adunkiem wybuchowym przy ukrai\u0144skim Antonowie<\/a><\/p>\n<p>Badanie Polskiego Instytutu Ekonomicznego wskazuje, \u017ce tylko po\u0142owa przedsi\u0119biorstw eksportuj\u0105cych do Stan\u00f3w Zjednoczonych uzna\u0142a, i\u017c nowe c\u0142a negatywnie wp\u0142yn\u0119\u0142y na ich dzia\u0142alno\u015b\u0107 w 2025 roku. Jednocze\u015bnie pozosta\u0142e 50% eksporter\u00f3w nie zauwa\u017cy\u0142o bezpo\u015bredniego pogorszenia swojej sytuacji z tego powodu. Szersze badanie GUS wykaza\u0142o, \u017ce bezpo\u015bredni negatywny wp\u0142yw ameryka\u0144skich ce\u0142 dotkn\u0105\u0142 oko\u0142o 14% wszystkich ankietowanych przedsi\u0119biorstw. Kolejne 10% odczuwa\u0142o skutki po\u015brednio, wsp\u00f3\u0142pracuj\u0105c z firmami, kt\u00f3re ostatecznie sprzedaj\u0105 swoje towary na rynek ameryka\u0144ski.<\/p>\n<p>W\u015br\u00f3d eksporter\u00f3w towar\u00f3w 27% zauwa\u017cy\u0142o ponadto os\u0142abienie koniunktury na rynku unijnym wynikaj\u0105ce z zaostrzenia polityki handlowej USA. C\u0142a oddzia\u0142uj\u0105 wi\u0119c na polsk\u0105 gospodark\u0119 nie tylko poprzez bezpo\u015bredni eksport do Stan\u00f3w Zjednoczonych. Mog\u0105 r\u00f3wnie\u017c ogranicza\u0107 zam\u00f3wienia sk\u0142adane przez europejskich partner\u00f3w, kt\u00f3rzy sami trac\u0105 cz\u0119\u015b\u0107 konkurencyjno\u015bci na rynku ameryka\u0144skim.<\/p>\n<p>Najbardziej ucierpia\u0142y du\u017ce przedsi\u0119biorstwa<\/p>\n<p>Skala negatywnego wp\u0142ywu by\u0142a wyra\u017anie zwi\u0105zana z wielko\u015bci\u0105 firmy. Najsilniej konsekwencje ce\u0142 odczuwa\u0142y du\u017ce przedsi\u0119biorstwa zatrudniaj\u0105ce ponad 250 pracownik\u00f3w oraz eksporterzy osi\u0105gaj\u0105cy sprzeda\u017c zagraniczn\u0105 przekraczaj\u0105c\u0105 10 mln euro. Jest to zrozumia\u0142e, poniewa\u017c du\u017ce firmy cz\u0119\u015bciej uczestnicz\u0105 w mi\u0119dzynarodowych \u0142a\u0144cuchach dostaw i s\u0105 silniej powi\u0105zane z rynkiem ameryka\u0144skim. Nawet niewielka zmiana taryf mo\u017ce w ich przypadku przek\u0142ada\u0107 si\u0119 na znaczne kwoty.<\/p>\n<p>Zobacz tak\u017ce: <a href=\"https:\/\/obserwatorgospodarczy.pl\/2026\/08\/03\/wig20-najwyzej-w-historii-rekord-sprzed-prawie-dwoch-dekad-pobity\/\" rel=\"nofollow noopener\" target=\"_blank\">WIG20 najwy\u017cej w historii. Rekord sprzed prawie dw\u00f3ch dekad pobity<\/a><\/p>\n<p>Mniejsze przedsi\u0119biorstwa mog\u0105 by\u0107 s\u0142abiej nara\u017cone bezpo\u015brednio, ale cz\u0119\u015b\u0107 z nich odczuje skutki poprzez pogorszenie sytuacji du\u017cych odbiorc\u00f3w i podwykonawc\u00f3w. Dodatkowe taryfy nadal ograniczaj\u0105 handel, podnosz\u0105 koszty i zwi\u0119kszaj\u0105 niepewno\u015b\u0107 przedsi\u0119biorstw. Korzy\u015b\u0107 Polski ma charakter relatywny. Polscy eksporterzy nie p\u0142ac\u0105 mniej ni\u017c wcze\u015bniej, lecz s\u0105 w lepszej sytuacji od wielu konkurent\u00f3w, na kt\u00f3rych na\u0142o\u017cono jeszcze wy\u017csze obci\u0105\u017cenia.<\/p>\n<p>Przewaga si\u0119gaj\u0105ca 3,2 p.p. mo\u017ce cz\u0119\u015bciowo amortyzowa\u0107 koszt ce\u0142 i u\u0142atwia\u0107 utrzymanie udzia\u0142u w ameryka\u0144skim rynku. Nie zneutralizuje jednak wp\u0142ywu s\u0142abszej koniunktury, mo\u017cliwych dzia\u0142a\u0144 odwetowych ani dalszych zmian w polityce handlowej USA. Najwi\u0119kszym \u017ar\u00f3d\u0142em niepewno\u015bci pozostaj\u0105 spory prawne. Je\u017celi s\u0105dy zakwestionuj\u0105 tak\u017ce obecny mechanizm, administracja b\u0119dzie musia\u0142a szuka\u0107 kolejnej podstawy do nak\u0142adania taryf.<\/p>\n<p>Wszelkie prawa do tre\u015bci zastrze\u017cone.<\/p>\n<p>\n Post Views: 0<\/p>\n","protected":false},"excerpt":{"rendered":"Nowa runda ameryka\u0144skich ce\u0142 nie musi oznacza\u0107 dla Polski wy\u0142\u0105cznie strat. Chocia\u017c eksporterzy nadal ponosz\u0105 dodatkowe koszty zwi\u0105zane&hellip;\n","protected":false},"author":2,"featured_media":603455,"comment_status":"","ping_status":"","sticky":false,"template":"","format":"standard","meta":{"footnotes":"","_share_on_mastodon":"0"},"categories":[12],"tags":[119305,119306,63,42,38,40,39,41,71],"class_list":["post-603454","post","type-post","status-publish","format-standard","has-post-thumbnail","category-polska","tag-amerykanskie-cla","tag-ametyka","tag-cla","tag-pl","tag-poland","tag-polish","tag-polska","tag-polski","tag-usa"],"share_on_mastodon":{"url":"https:\/\/pubeurope.com\/@pl\/117045237218283366","error":""},"_links":{"self":[{"href":"https:\/\/www.europesays.com\/pl\/wp-json\/wp\/v2\/posts\/603454","targetHints":{"allow":["GET"]}}],"collection":[{"href":"https:\/\/www.europesays.com\/pl\/wp-json\/wp\/v2\/posts"}],"about":[{"href":"https:\/\/www.europesays.com\/pl\/wp-json\/wp\/v2\/types\/post"}],"author":[{"embeddable":true,"href":"https:\/\/www.europesays.com\/pl\/wp-json\/wp\/v2\/users\/2"}],"replies":[{"embeddable":true,"href":"https:\/\/www.europesays.com\/pl\/wp-json\/wp\/v2\/comments?post=603454"}],"version-history":[{"count":0,"href":"https:\/\/www.europesays.com\/pl\/wp-json\/wp\/v2\/posts\/603454\/revisions"}],"wp:featuredmedia":[{"embeddable":true,"href":"https:\/\/www.europesays.com\/pl\/wp-json\/wp\/v2\/media\/603455"}],"wp:attachment":[{"href":"https:\/\/www.europesays.com\/pl\/wp-json\/wp\/v2\/media?parent=603454"}],"wp:term":[{"taxonomy":"category","embeddable":true,"href":"https:\/\/www.europesays.com\/pl\/wp-json\/wp\/v2\/categories?post=603454"},{"taxonomy":"post_tag","embeddable":true,"href":"https:\/\/www.europesays.com\/pl\/wp-json\/wp\/v2\/tags?post=603454"}],"curies":[{"name":"wp","href":"https:\/\/api.w.org\/{rel}","templated":true}]}}