{"id":603746,"date":"2026-08-06T01:51:19","date_gmt":"2026-08-06T01:51:19","guid":{"rendered":"https:\/\/www.europesays.com\/pl\/603746\/"},"modified":"2026-08-06T01:51:19","modified_gmt":"2026-08-06T01:51:19","slug":"jego-kariere-zakonczyly-oskarzenia-o-pedofilie-kolejne-kontrowersje-wokol-bylego-posla","status":"publish","type":"post","link":"https:\/\/www.europesays.com\/pl\/603746\/","title":{"rendered":"Jego karier\u0119 zako\u0144czy\u0142y oskar\u017cenia o pedofili\u0119. Kolejne kontrowersje wok\u00f3\u0142 by\u0142ego pos\u0142a"},"content":{"rendered":"<p>Jan Bestry dosta\u0142 si\u0119 do Sejmu w 2005 r. z list partii Andrzeja Leppera. Rok p\u00f3\u017aniej, pracuj\u0105c w\u00f3wczas w &#8222;Super Expressie&#8221;, opisa\u0142em, jak w 1986 r. zosta\u0142 zwolniony z pracy w jednej ze szczeci\u0144skich podstaw\u00f3wek, gdzie wtedy mieszka\u0142. By\u0142 nauczycielem techniki. W decyzji o rozwi\u0105zaniu umowy z dnia 11 kwietnia tamtego roku zarzucono mu, \u017ce cztery dni wcze\u015bniej \u2014 to cytat z tego dokumentu \u2014 &#8222;nak\u0142ania\u0142 12-letni\u0105 uczennic\u0119 do czyn\u00f3w lubie\u017cnych&#8221;.<\/p>\n<p>Bestry podpisa\u0142 swoje zwolnienie, a sprawa nie trafi\u0142a w\u00f3wczas do prokuratury.<\/p>\n<p>Wyrok uleg\u0142 jednak zatarciu, wi\u0119c zgodnie z prawem Bestry m\u00f3g\u0142 si\u0119 przedstawia\u0107 jako osoba niekarana.<\/p>\n<p>Po publikacjach na sw\u00f3j temat by\u0142y pose\u0142 kilkukrotnie wyst\u0119powa\u0142 przeciwko mnie i zatrudniaj\u0105cej mnie w\u00f3wczas redakcji z pozwami i prywatnymi aktami oskar\u017cenia, domagaj\u0105c si\u0119 wysokiego odszkodowania i skazania mnie na kar\u0119 pozbawienia wolno\u015bci.<\/p>\n<p>Wszystkie procesy \u2014 \u0142\u0105cznie z kasacj\u0105 z\u0142o\u017con\u0105 w S\u0105dzie Najwy\u017cszym \u2014 przegra\u0142. Jego skarg\u0119 na te rozstrzygni\u0119cia odrzuci\u0142 r\u00f3wnie\u017c Europejski Trybuna\u0142 Praw Cz\u0142owieka z Strasburgu.<\/p>\n<p>Zajmowa\u0142 si\u0119 prowadzeniem r\u00f3\u017cnych biznes\u00f3w w Warszawie i okolicach. W 2018 r. odnalaz\u0142 si\u0119 na czele ukrai\u0144skiego klubu &#8222;Gazety Polskiej&#8221;. Po opublikowaniu tej informacji przez portal natemat.pl klub zosta\u0142 jednak rozwi\u0105zany. Rok p\u00f3\u017aniej Bestry wspar\u0142 kwot\u0105 30 tys. z\u0142 kampani\u0119 wyborcz\u0105 Prawa i Sprawiedliwo\u015bci.<\/p>\n<p>Do czynnej polityki nigdy jednak nie wr\u00f3ci\u0142.<\/p>\n<p>W\u015br\u00f3d licznych biznes\u00f3w Jana Bestrego odnajdujemy zarejestrowan\u0105 w 2022 r. w Warszawie Fundacj\u0119 Humanum Novum \u2014 Nauczanie z Przysz\u0142o\u015bci\u0105, zarejestrowan\u0105 na niego i jego now\u0105 \u017con\u0119, o 26 lat m\u0142odsz\u0105 obywatelk\u0119 Ukrainy.<\/p>\n<p>Fundacja za\u015b jest organem prowadz\u0105cym Izabeli\u0144sk\u0105 Szko\u0142\u0119 Montessori \u2014 niepubliczn\u0105 jednostk\u0119 wype\u0142niaj\u0105c\u0105 program szko\u0142y podstawowej.<\/p>\n<p>Dzieci ucz\u0105 si\u0119 w niej wed\u0142ug<a href=\"https:\/\/kobieta.onet.pl\/rodzina\/edukacja\/montessori-na-czym-polega-ta-metoda-przedszkole-wychowanie-zasady\/5d7480t\" id=\"c65a6346-69f7-4c4b-8aa7-a86f96098b60\" rel=\"nofollow noopener\" target=\"_blank\"> tzw. metody Marii Montessori<\/a> \u2014 w\u0142oskiej lekarki, stawiaj\u0105cej na pierwszym planie rozw\u00f3j jednostki, spontaniczno\u015b\u0107 i wszechstronny rozw\u00f3j psychiczny i fizyczny. Z materia\u0142em zapoznaj\u0105 si\u0119 we w\u0142asnych domach, egzaminy zdaj\u0105 jednak stacjonarnie, w budynku szko\u0142y.<img class=\"ods-a-photo ods-a-photo--background\" src=\"https:\/\/www.europesays.com\/pl\/wp-content\/uploads\/2026\/08\/UYDk9lBaHR0cHM6Ly9vY2RuLmV1L3B1bHNjbXMvTURBXy85M2EyNDhlMTFiMjJmNDM3NjhlNzFjZTNmNzVkMGUxZC5qcGeRkwXNB.jpeg\" height=\"569\" width=\"940\" alt=\"Stron internetowa za\u0142o\u017conej przez Jana Bestrego Izabeli\u0144skiej Szko\u0142y Montessori\" loading=\"lazy\" fetchpriority=\"auto\" decoding=\"auto\"\/><\/p>\n<blockquote class=\"wp-embedded-content\" data-secret=\"WDJXiSmEOC\"><p><a href=\"https:\/\/izabelinmontessori.pl\/\" rel=\"nofollow noopener\" target=\"_blank\">Witamy!<\/a><\/p><\/blockquote>\n<p><iframe loading=\"lazy\" class=\"wp-embedded-content\" sandbox=\"allow-scripts\" security=\"restricted\" style=\"position: absolute; visibility: hidden;\" title=\"\u201eWitamy!\u201d \u2014 izabelinmontessori.pl\" src=\"https:\/\/izabelinmontessori.pl\/embed\/#?secret=osxiuhysWx#?secret=WDJXiSmEOC\" data-secret=\"WDJXiSmEOC\" width=\"600\" height=\"338\" frameborder=\"0\" marginwidth=\"0\" marginheight=\"0\" scrolling=\"no\"><\/iframe><\/p>\n<p>Stron internetowa za\u0142o\u017conej przez Jana Bestrego Izabeli\u0144skiej Szko\u0142y Montessori<\/p>\n<p>Rozmawiali\u015bmy z matk\u0105 jednej z dziewczynek, kt\u00f3ra spotkanie z Janem Bestrym przyp\u0142aci\u0142a rozstrojem nerwowym. Przy czym \u2014 zaznaczmy \u2014 nie chodzi tu w \u017cadnym wypadku o kwestie molestowania seksualnego.<\/p>\n<p>\u2014 Pana Jana Bestrego pozna\u0142y\u015bmy oko\u0142o 3-4 lata temu. Przedstawia\u0142 si\u0119 jako doktor habilitowany, prawnik, mecenas sztuki i spo\u0142ecznik. Sprawia\u0142 wra\u017cenie cz\u0142owieka, kt\u00f3ry nie tylko dba o dobro w\u0142asnej rodziny, ale chce pomaga\u0107 rodzicom i dzieciom w wydobywaniu ich potencja\u0142u \u2014 opowiada pani Anna [imiona matki i jej c\u00f3rek na ich pro\u015bb\u0119 zosta\u0142y zmienione].<\/p>\n<p><img class=\"ods-a-photo ods-a-photo--background\" src=\"https:\/\/www.europesays.com\/pl\/wp-content\/uploads\/2026\/08\/tcSk9lBaHR0cHM6Ly9vY2RuLmV1L3B1bHNjbXMvTURBXy9mYmI5NDMwNDAwMTEyMzAxOTRkMTFjMmU4MWRiZTMwMC5qcGeRkwXNB.jpeg\" height=\"561\" width=\"886\" alt=\"Budynek szko\u0142y Montessori w Izabelinie\" loading=\"lazy\" fetchpriority=\"auto\" decoding=\"auto\"\/><\/p>\n<p>Zdj\u0119cia w\u0142asne<\/p>\n<p>Budynek szko\u0142y Montessori w Izabelinie<\/p>\n<p>Po rozpocz\u0119ciu znajomo\u015bci pani Anna decyduje si\u0119 przenie\u015b\u0107 swoje dwie nieletnie c\u00f3rki do za\u0142o\u017conej przez Bestrego szko\u0142y w Izabelinie.<\/p>\n<p>Przez kilka miesi\u0119cy wszystko gra \u2014 dziewczynki nie maj\u0105 problem\u00f3w z nauk\u0105, zaliczaj\u0105 kolejne partie materia\u0142u. Sytuacja zmienia si\u0119 w maju, kiedy starsza z nich \u2014 Ola \u2014 ma przyst\u0105pi\u0107 do stacjonarnego egzaminu \u00f3smoklasisty.<\/p>\n<p>&#8222;Je\u015bli tak b\u0119dzie post\u0119powa\u0107 w \u017cyciu, to wszystko sobie w nim spier\u2026&#8221;<\/p>\n<p>Opowiada pani Anna: \u2014 Przyjecha\u0142y\u015bmy na egzaminy do Izabelina z Ol\u0105 i jej m\u0142odsz\u0105 siostr\u0105 Magd\u0105. I wtedy pan Bestry za\u017c\u0105da\u0142, by Magda, w\u00f3wczas w sz\u00f3stej klasie, r\u00f3wnie\u017c zdawa\u0142a tego dnia egzamin klasyfikacyjny, bo on chcia\u0142by wcze\u015bniej zako\u0144czy\u0107 rok szkolny i pojecha\u0107 na urlop. Kiedy spotka\u0142 si\u0119 z odmow\u0105, bo c\u00f3rka nie by\u0142a tego dnia ani przygotowana, ani nastawiona na jakikolwiek egzamin, zacz\u0105\u0142 si\u0119 bardzo denerwowa\u0107. W pewnym momencie, zwracaj\u0105c si\u0119 do m\u0142odszej z c\u00f3rek, o\u015bwiadczy\u0142 wprost, \u017ce &#8222;je\u015bli tak b\u0119dzie post\u0119powa\u0107 w \u017cyciu, to wszystko sobie w nim spier\u2026&#8221;. Os\u0142upia\u0142am, a ma\u0142a zacz\u0119\u0142a p\u0142aka\u0107. P\u00f3\u017aniej od zast\u0119pczyni pana Bestrego us\u0142ysza\u0142am tylko kr\u00f3tkie t\u0142umaczenie, \u017ce pan dyrektor nie znosi sprzeciwu, a odmow\u0119 Madzi potraktowa\u0142 jako atak na sw\u00f3j autorytet. Starsza c\u00f3rka, kt\u00f3ra tego dnia by\u0142a egzaminowana w zamkni\u0119tym pokoju, sam na sam z panem Bestrym, te\u017c nie mog\u0142a si\u0119 po tym pozbiera\u0107. Bo jak mi powiedzia\u0142a, w\u015bciek\u0142y zachowaniem m\u0142odszej, nie dawa\u0142 jej doj\u015b\u0107 do s\u0142owa, parali\u017cowa\u0142 j\u0105 i sam odpowiada\u0142 na w\u0142asne pytania, zanim zd\u0105\u017cy\u0142a zebra\u0107 my\u015bli.<\/p>\n<p><img class=\"ods-a-photo ods-a-photo--background\" src=\"https:\/\/www.europesays.com\/pl\/wp-content\/uploads\/2026\/08\/df8k9lBaHR0cHM6Ly9vY2RuLmV1L3B1bHNjbXMvTURBXy9lZTg5N2QyNjk5MzU1ODFlZTRjYWRkNTFjNWI4MmM3Ni5qcGeRkwXNB.jpeg\" height=\"423\" width=\"940\" alt=\"Jan Bestry podczas udzielania wywiadu lokalnej telewizji. Rok 2024\" loading=\"lazy\" fetchpriority=\"auto\" decoding=\"auto\"\/><\/p>\n<p>YouTube<\/p>\n<p>Jan Bestry podczas udzielania wywiadu lokalnej telewizji. Rok 2024<\/p>\n<p>Egzaminy Oli trwa\u0142y trzy dni, wszystkie w tak napi\u0119tej atmosferze. Na tym jednak ca\u0142a sytuacja si\u0119 nie zako\u0144czy\u0142a.<\/p>\n<p>\u200b\u2014 W rozmowie po egzaminie starszej c\u00f3rki pan Bestry, niezadowolony, \u017ce b\u0119dzie musia\u0142 zmieni\u0107 swoje plany urlopowe, zapowiedzia\u0142 mi ni mniej, ni wi\u0119cej, \u017ce lepiej, \u017cebym m\u0142odsz\u0105 przenios\u0142a do innej szko\u0142y, bo u niego to ona nie zda ju\u017c \u017cadnego egzaminu. \u017be nie ma na to \u017cadnych szans \u2014 kontynuuje pani Anna.<\/p>\n<p>Pierwsza opinia psychologa. &#8222;Zdarzenie zdecydowanie nie powinno mie\u0107 miejsca&#8221;<\/p>\n<p>Dla 12-letniej Magdy rozmowa z dyrektorem szko\u0142y okaza\u0142a si\u0119 takim prze\u017cyciem, \u017ce po niej matka postanowi\u0142a zabra\u0107 j\u0105 do psychologa.<\/p>\n<p>W sporz\u0105dzonej po tej wizycie opinii psycholo\u017cka [na jej wyra\u017ane \u017cyczenie nie ujawniamy jej danych] stwierdzi\u0142a u dziewczynki podwy\u017cszony poziom l\u0119ku &#8222;zwi\u0105zany z traumatycznym prze\u017cyciem w dniu 13.05.2026 r. podczas wyjazdu do plac\u00f3wki Montessori&#8221;, gdzie do\u015bwiadczy\u0107 mia\u0142a &#8222;sytuacji odebranej zar\u00f3wno przez dziewczynk\u0119, jak i mam\u0119 dziewczynki jako sytuacja silnie obci\u0105\u017caj\u0105ca emocjonalnie oraz przekraczaj\u0105ca jej indywidualne granice psychiczne&#8221;.<\/p>\n<p><img class=\"ods-a-photo ods-a-photo--background\" src=\"https:\/\/www.europesays.com\/pl\/wp-content\/uploads\/2026\/08\/uggk9lBaHR0cHM6Ly9vY2RuLmV1L3B1bHNjbXMvTURBXy82ZmQ2Mzc2NDBhODA3YTAwODIyYTU4YjU1NTU5MTI1NS5qcGeRkwXNB.jpeg\" height=\"577\" width=\"940\" alt=\"Fragment pierwotnej opinii psychologicznej z badania Magdy\" loading=\"lazy\" fetchpriority=\"auto\" decoding=\"auto\"\/><\/p>\n<p>Zdj\u0119cia w\u0142asne<\/p>\n<p>Fragment pierwotnej opinii psychologicznej z badania Magdy<\/p>\n<p>Dalej z opinii wyczyta\u0107 mo\u017cna, \u017ce &#8222;szczeg\u00f3lnie trudne dla dziewczynki by\u0142o wywarcie na niej przez Dyrektora Plac\u00f3wki presji wobec natychmiastowego przyst\u0119powania do egzamin\u00f3w i zalicze\u0144 w szkole, pomimo zg\u0142aszanego przez ni\u0105 wysokiego poziomu napi\u0119cia emocjonalnego, l\u0119ku oraz braku gotowo\u015bci psychicznej oraz braku wcze\u015bniejszego powiadomienia o takiej mo\u017cliwo\u015bci&#8221;<\/p>\n<p>&#8222;Dziewczynka w rozmowie indywidualnej z psychologiem wskazuje na podstawow\u0105 do\u015bwiadczan\u0105 przez siebie emocj\u0119, jak\u0105 by\u0142 strach oraz powr\u00f3t smutnych wspomnie\u0144 z dzieci\u0144stwa w zakresie stosowanej przemocy psychicznej, kt\u00f3r\u0105 zapami\u0119ta\u0142a. Zaistnia\u0142e zdarzenie ze strony p. Dyrektora plac\u00f3wki, kt\u00f3ra wed\u0142ug idei Pedagogiki Marii Montessori wspiera mo\u017cliwo\u015bci dziecka oraz wolno\u015b\u0107 i mo\u017cliwo\u015b\u0107 jego wyboru, stanowczo zaprzecza kluczowej misji za\u0142o\u017cycielki metody, na kt\u00f3rej opiera si\u0119 plac\u00f3wka. Zdarzenie zdecydowanie nie powinno mie\u0107 miejsca wobec dziecka, kt\u00f3re nie spodziewa\u0142o si\u0119 z\u0142o\u015bci ze strony osoby, kt\u00f3rej ufa\u0142o&#8221; \u2014 czytamy.<\/p>\n<p><img class=\"ods-a-photo ods-a-photo--background\" src=\"https:\/\/www.europesays.com\/pl\/wp-content\/uploads\/2026\/08\/7AIk9lBaHR0cHM6Ly9vY2RuLmV1L3B1bHNjbXMvTURBXy9hMjg5Njk1NmNjZGIwM2Y4MWQ0MTA4MDQ0M2E1ZTlkYi5qcGeRkwXNB.jpeg\" height=\"639\" width=\"940\" alt=\"Jan Bestry podczas organizowanego przez siebie pikniku w Warszawie. Rok 2023 \" loading=\"lazy\" fetchpriority=\"auto\" decoding=\"auto\"\/><\/p>\n<p>Zdj\u0119cia w\u0142asne<\/p>\n<p>Jan Bestry podczas organizowanego przez siebie pikniku w Warszawie. Rok 2023 <\/p>\n<p>We wnioskach psycholo\u017cka rekomenduje w\u00f3wczas kontynuacj\u0119 wsparcia psychologicznego dla dziewczynki, a tak\u017ce &#8222;zapewnienie dziecku warunk\u00f3w edukacyjnych minimalizuj\u0105cych poziom stresu i przeci\u0105\u017cenia emocjonalnego, ograniczenie sytuacji mog\u0105cych prowadzi\u0107 do wt\u00f3rnej traumatyzacji&#8221; i przede wszystkim umo\u017cliwienie przeprowadzenie egzaminu klasyfikuj\u0105cego nie przez dyrektora szko\u0142y Jana Bestrego, a w formule online.<\/p>\n<p>Nie wiedzie\u0107 czemu, opinia psychologiczna zostaje wys\u0142ana nie tylko do matki Oli, ale r\u00f3wnie\u017c do\u2026 Jana Bestrego.<\/p>\n<p>A ten dostaje sza\u0142u. I postanawia si\u0119 zem\u015bci\u0107.<\/p>\n<p>Jan Bestry straszy. &#8222;Pani psycholog ju\u017c ma problemy. Mo\u017ce Ci podzi\u0119kowa\u0107&#8221;<\/p>\n<p>Najpierw do pani Anny wysy\u0142a wiadomo\u015b\u0107 SMS o tre\u015bci: &#8222;Pani psycholog ju\u017c ma problemy. Mo\u017ce Ci podzi\u0119kowa\u0107&#8221;.<\/p>\n<p><img class=\"ods-a-photo ods-a-photo--background\" src=\"https:\/\/www.europesays.com\/pl\/wp-content\/uploads\/2026\/08\/B_0k9lBaHR0cHM6Ly9vY2RuLmV1L3B1bHNjbXMvTURBXy9iMzZkYjRmYzU3NGQxYjlkMTQwMGI1ZWVmMmMwMTNlOS5qcGeRkwXNB.jpeg\" height=\"1503\" width=\"934\" alt=\"Fragment korespondencji WhatsApp Jana Bestrego z pani\u0105 Ann\u0105 \" loading=\"lazy\" fetchpriority=\"auto\" decoding=\"auto\"\/><\/p>\n<p>Zdj\u0119cia w\u0142asne<\/p>\n<p>Fragment korespondencji WhatsApp Jana Bestrego z pani\u0105 Ann\u0105 <\/p>\n<p>Trzy dni p\u00f3\u017aniej rzeczona psycholo\u017cka kontaktuje si\u0119 z mam\u0105 Oli i Magdy, by poinformowa\u0107 j\u0105, \u017ce wydana wcze\u015bniej opinia jest nieaktualna.<\/p>\n<p>I przesy\u0142a now\u0105. Tym razem \u2014 cho\u0107 wyniki przeprowadzonych bada\u0144 s\u0105 takie same \u2014 to ich interpretacja jest ju\u017c zupe\u0142nie inna.<\/p>\n<p>W nowej opinii nie ma s\u0142owa o traumatyzuj\u0105cym zachowaniu Jana Bestrego, a jedynie o &#8222;istotnym przeci\u0105\u017ceniu emocjonalnym zwi\u0105zanym z do\u015bwiadczeniem sytuacji odbieranej przez dziecko jako silnie stresuj\u0105ca&#8221;. Bez wskazania przyczyny takiego odczucia.<\/p>\n<p>&#8222;Ma\u0142oletnia przejawia zwi\u0119kszon\u0105 wra\u017cliwo\u015b\u0107 na sytuacje zwi\u0105zane z ocen\u0105, presj\u0105 oraz sytuacje powoduj\u0105ce poczucie utraty kontroli i bezpiecze\u0144stwa emocjonalnego&#8221; \u2014 napisa\u0142a tylko pani psycholog, dodaj\u0105c, \u017ce dziewczynka wychowuje si\u0119 &#8222;w rodzinie rekonstruowanej&#8221;.<\/p>\n<p>Psycholo\u017cka wycofuje si\u0119 z zalecenia przeprowadzenia egzaminu bez udzia\u0142u dyrektora, a pisze jedynie o konieczno\u015bci &#8222;zapewnienia dziecku stabilnych i przewidywalnych warunk\u00f3w edukacyjnych, ograniczania sytuacji nadmiernie obci\u0105\u017caj\u0105cych emocjonalnie, rozwa\u017cenie czasowego dostosowania warunk\u00f3w przeprowadzania egzamin\u00f3w i zalicze\u0144 do aktualnego stanu emocjonalnego ma\u0142oletniej, w tym ograniczenia czynnik\u00f3w nasilaj\u0105cych poziom napi\u0119cia psychicznego&#8221;.<\/p>\n<p><img class=\"ods-a-photo ods-a-photo--background\" src=\"https:\/\/www.europesays.com\/pl\/wp-content\/uploads\/2026\/08\/X4Ok9lBaHR0cHM6Ly9vY2RuLmV1L3B1bHNjbXMvTURBXy83NGU5NzEwZjAwNDhkMWMzMDc1MTFlODMyYTczZDc3ZC5qcGeRkwXNB.jpeg\" height=\"465\" width=\"940\" alt=\"Fragment &quot;poprawionej&quot; opinii psychologicznej Magdy\" loading=\"lazy\" fetchpriority=\"auto\" decoding=\"auto\"\/><\/p>\n<p>Zdj\u0119cia w\u0142asne<\/p>\n<p>Fragment &#8222;poprawionej&#8221; opinii psychologicznej Magdy<\/p>\n<p>Zaraz potem rada pedagogiczna uznaje wszystkie dotychczasowe egzaminy cz\u0105stkowe zaliczone ju\u017c w trakcie semestru przez Magd\u0119 za &#8222;egzaminy pr\u00f3bne&#8221;. I wystawia \u015bwiadectwo uko\u0144czenia nauki w sz\u00f3stej klasie, ale bez promocji do klasy si\u00f3dmej.<\/p>\n<p>Ale i na tym by\u0142y pose\u0142 Samoobrony nie ko\u0144czy swojej wendetty.<\/p>\n<p>Nasy\u0142ane kontrole i nadu\u017cywanie tytu\u0142\u00f3w naukowych<\/p>\n<p>Bo kiedy pani Anna decyduje o przeniesieniu Magdy do innej plac\u00f3wki \u2014 r\u00f3wnie\u017c ucz\u0105cej dzieci wed\u0142ug metody Marii Montessori \u2014 Jan Bestry, kt\u00f3ry przecie\u017c sam j\u0105 do tego namawia\u0142, postanawia do tego nie dopu\u015bci\u0107.<\/p>\n<p>Najpierw dzwoni do w\u0142a\u015bcicielki tej szko\u0142y z awantur\u0105, \u017ce &#8222;ukrad\u0142a&#8221; mu uczennic\u0119 (za ka\u017cde dziecko tego typu plac\u00f3wka otrzymuje z urz\u0119du kilkaset z\u0142otych subwencji o\u015bwiatowej miesi\u0119cznie), a nast\u0119pnie sk\u0142ada na ni\u0105 donosy, gdzie tylko si\u0119 da. W tym do kuratorium o\u015bwiaty i wyp\u0142acaj\u0105cego subwencj\u0119 urz\u0119du miasta.<\/p>\n<p>Sam za\u015b, pomimo powtarzaj\u0105cych si\u0119 monit\u00f3w ze strony szko\u0142y i pani Anny, odmawia przes\u0142ania dokument\u00f3w dziewczynki do nowej plac\u00f3wki.<\/p>\n<p>\u2014 W kontaktach z nasz\u0105 jednostk\u0105 pan Bestry przedstawia\u0142 si\u0119 jako doktor habilitowany prawa i psycholog. Na koniec jednak stwierdzi\u0142, \u017ce interesuje go nie tyle dobro Magdy, ile nie mo\u017ce pozwoli\u0107 na to, by ca\u0142a ta sytuacja odby\u0142a si\u0119 ze szkod\u0105 dla jego szko\u0142y \u2014 opowiada nasz informator z jednego z urz\u0119d\u00f3w.<\/p>\n<p><img class=\"ods-a-photo ods-a-photo--background\" src=\"https:\/\/www.europesays.com\/pl\/wp-content\/uploads\/2026\/08\/YAQk9lBaHR0cHM6Ly9vY2RuLmV1L3B1bHNjbXMvTURBXy8yMmZkZTdlYTk4OTg1NzYwNzYyZGYxMjJjMWY4NjIyYy5qcGeRkwXNB.jpeg\" height=\"269\" width=\"940\" alt=\"Oficjalna piecz\u0105tka Jana Bestrego z u\u017cywanym przez niego tytu\u0142em naukowym\" loading=\"lazy\" fetchpriority=\"auto\" decoding=\"auto\"\/><\/p>\n<p>Zdj\u0119cia w\u0142asne<\/p>\n<p>Oficjalna piecz\u0105tka Jana Bestrego z u\u017cywanym przez niego tytu\u0142em naukowym<\/p>\n<p>Jan Bestry postanowi\u0142 nie odpowiada\u0107 na pytania Onetu \u2014 w tym o konflikt z pani\u0105 Ann\u0105, gro\u017aby kierowane pod adresem psycholo\u017cki i pretensje wobec nowej szko\u0142y Magdy. A tak\u017ce o to, dlaczego bezprawnie pos\u0142uguje si\u0119 tytu\u0142em doktora habilitowanego (jak czytamy na stronie prawo.pl: przyw\u0142aszczenie sobie stopnia naukowego, takiego jak doktor, doktor habilitowany czy te\u017c tytu\u0142u profesora, bez posiadania do tego prawa, jest wykroczeniem).<\/p>\n<p>W bazie &#8222;Ludzie nauki&#8221; (portalu stworzonym przez ministerstwo, w kt\u00f3rym znajduj\u0105 si\u0119 dane wszystkich os\u00f3b z tego rodzaju wykszta\u0142ceniem) brak jest jakichkolwiek informacji o uzyskaniu przez niego takich tytu\u0142\u00f3w. Jak wynika z informacji Onetu, Bestry wci\u0105\u017c jest &#8222;tylko&#8221; i wy\u0142\u0105cznie magistrem matematyki.<\/p>\n<p>Nasze pytania zignorowa\u0142a r\u00f3wnie\u017c prowadzona i kierowana przez niego Izabeli\u0144ska Szko\u0142a Montessori. Z jej sekretariatu otrzymali\u015bmy niepodpisan\u0105 przez nikogo wiadomo\u015b\u0107 o tym, \u017ce odpowiedzi nie otrzymamy, bo pytania &#8222;dotycz\u0105 konkretnych os\u00f3b oraz ich sfery prywatnej, kt\u00f3ra podlega ochronie prawnej&#8221;. A &#8222;ich ujawnienie nie znajduje podstawy prawnej i mog\u0142oby prowadzi\u0107 do naruszenia d\u00f3br osobistych tych os\u00f3b&#8221;.<\/p>\n<p>Bestry interweniowa\u0142, ale nie grozi\u0142. Kuratorium i ministerstwo zapowiadaj\u0105 kontrol\u0119<\/p>\n<p>Zamiast wystawiaj\u0105cej dwie r\u00f3\u017cne opinie psycholog, odpowiedzi na nasze pytania przes\u0142a\u0142a mi&#8230; jej matka, na kt\u00f3r\u0105 zarejestrowany jest gabinet, w kt\u00f3rym prowadzona by\u0142a konsultacja.<\/p>\n<p>Kobieta przyznaje w swoim pi\u015bmie, \u017ce opinia zosta\u0142a zmieniona po interwencji Bestrego. Ale zaprzecza, by wywiera\u0142 on na psycholo\u017ck\u0119 jakiekolwiek naciski b\u0105d\u017a jej grozi\u0142.<\/p>\n<p>&#8222;Zmiana wynika\u0142a z faktu, i\u017c szko\u0142a nie by\u0142a konsultowana w tej sprawie, co zosta\u0142o podkre\u015blone w pi\u015bmie&#8221; \u2014 napisa\u0142a w\u0142a\u015bcicielka gabinetu.<\/p>\n<p>Kiedy kilkukrotnie pr\u00f3bowali\u015bmy ustali\u0107, dlaczego opinia z badania psychologicznego ma\u0142oletniej Magdy w og\u00f3le zosta\u0142a przes\u0142ana Bestremu, nie uzyskali\u015bmy na tak zadane pytanie \u017cadnej odpowiedzi.<\/p>\n<p><img class=\"ods-a-photo ods-a-photo--background\" src=\"https:\/\/www.europesays.com\/pl\/wp-content\/uploads\/2026\/08\/CcGk9lBaHR0cHM6Ly9vY2RuLmV1L3B1bHNjbXMvTURBXy9iMmIxYWY5ZDlmNjdlODgxZGJjYjJmYWZiMTZkMTJhMy5qcGeRkwXNB.jpeg\" height=\"610\" width=\"940\" alt=\"Jan Bestry wsp\u00f3\u0142cze\u015bnie, podczas imprezy w Muzeum Sportu i Turystyki w Warszawie \" loading=\"lazy\" fetchpriority=\"auto\" decoding=\"auto\"\/><\/p>\n<p>https:\/\/www.muzeumsportu.waw.pl\/<\/p>\n<p>Jan Bestry wsp\u00f3\u0142cze\u015bnie, podczas imprezy w Muzeum Sportu i Turystyki w Warszawie <\/p>\n<p>Pytania o szko\u0142\u0119 prowadzon\u0105 przez Jana Bestrego \u2014 cz\u0142owieka w przesz\u0142o\u015bci zwolnionego z pracy za &#8222;namawianie do czyn\u00f3w lubie\u017cnych 12-letniej uczennicy&#8221; \u2014 wys\u0142ali\u015bmy do wyp\u0142acaj\u0105cego dotacje jego szkole Urz\u0119du Gminy Izabelin, Kuratorium O\u015bwiaty w Warszawie i Ministerstwa Edukacji Narodowej.<\/p>\n<p>Z pierwszej z tych instytucji nie otrzymali\u015bmy \u017cadnej odpowiedzi.<\/p>\n<p>Kuratorium i MEN zapewni\u0142y nas, \u017ce cho\u0107 dotychczas nie odnotowano \u017cadnych skarg na Izabeli\u0144sk\u0105 Szko\u0142\u0119 Montessori, to w plac\u00f3wce zostanie wszcz\u0119ta kontrola.<\/p>\n<p>\u2014 Za prowadzenie szko\u0142y niepublicznej oraz zatrudnianie kadry odpowiada organ prowadz\u0105cy szko\u0142\u0119. Ka\u017cda osoba pe\u0142ni\u0105ca funkcj\u0119 w szkole musi spe\u0142nia\u0107 wymagania okre\u015blone w obowi\u0105zuj\u0105cych przepisach prawa. Je\u017celi do w\u0142a\u015bciwych organ\u00f3w docieraj\u0105 informacje mog\u0105ce wskazywa\u0107 na naruszenie obowi\u0105zuj\u0105cych przepis\u00f3w, maj\u0105 one obowi\u0105zek je zweryfikowa\u0107 \u2014 przekaza\u0142a nam Ewa Gorczyca, rzeczniczka prasowa Ministerstwa Edukacji Narodowej.<\/p>\n<p>Dyrektor Biura Kuratora O\u015bwiaty w Warszawie Andrzej Kulmatycki poinformowa\u0142 za\u015b: &#8222;Zasygnalizowana sytuacja zostanie przeanalizowana na gruncie przepis\u00f3w ustawy z dnia 13 maja 2016 r. o przeciwdzia\u0142aniu zagro\u017ceniom przest\u0119pczo\u015bci\u0105 na tle seksualnym i ochronie ma\u0142oletnich&#8221;.<\/p>\n<p>&#8222;Obowi\u0105zek sprawdzania os\u00f3b w rejestrach i wcze\u015bniejszej karalno\u015bci&#8221;<\/p>\n<p>O opini\u0119 w sprawie prowadzenia szko\u0142y przez cz\u0142owieka, kt\u00f3ry w przesz\u0142o\u015bci wydalony zosta\u0142 z pracy za wspomniane czyny, poprosili\u015bmy r\u00f3wnie\u017c Joann\u0119 Napiera\u0142\u0119, przewodnicz\u0105c\u0105 Pa\u0144stwowej Komisji ds. Przeciwdzia\u0142ania Wykorzystywaniu Seksualnemu Ma\u0142oletnich poni\u017cej 15 lat.<\/p>\n<p>\u2014 Ka\u017cda informacja, kt\u00f3ra wskazuje na prawdopodobie\u0144stwo krzywdzenia ma\u0142oletnich, powinna by\u0107 zweryfikowana i je\u015bli s\u0105 uzasadnione obawy co do zapewnienia bezpiecze\u0144stwa dzieciom i m\u0142odzie\u017cy, nale\u017cy zachowa\u0107 wszelkie \u015brodki ostro\u017cno\u015bci \u2014 wskazuje przewodnicz\u0105ca Napiera\u0142a.<\/p>\n<p>\u2014 Je\u015bli s\u0105 wi\u0119c sprawdzone informacje co do stosowania przemocy w jakiejkolwiek formie wobec ma\u0142oletnich, osoba, kt\u00f3ra nie daje r\u0119kojmi zapewnienia bezpiecze\u0144stwa, nie powinna sprawowa\u0107 ani funkcji, ani pracowa\u0107 z dzie\u0107mi, kt\u00f3re s\u0105 najbardziej wra\u017cliw\u0105 grup\u0105 spo\u0142eczn\u0105. Standardy ochrony ma\u0142oletnich narzucaj\u0105 obowi\u0105zki wobec plac\u00f3wek. Nie dotyczy to wy\u0142\u0105cznie obowi\u0105zk\u00f3w sprawdzania os\u00f3b w rejestrach i wcze\u015bniejszej karalno\u015bci, ale te\u017c wymaga stosowania standard\u00f3w systemowo i proaktywnie. Rodzice, zapisuj\u0105c dziecko do szko\u0142y, powinni mie\u0107 gwarancj\u0119, \u017ce osoby pracuj\u0105ce z nim ciesz\u0105 si\u0119 nieposzlakowan\u0105 opini\u0105 \u2014 dodaje.<\/p>\n<p><img class=\"ods-a-photo ods-a-photo--background\" src=\"https:\/\/www.europesays.com\/pl\/wp-content\/uploads\/2026\/08\/60Sk9lGaHR0cHM6Ly9vY2RuLmV1L3B1bHNjbXMvTURBXy9iNjhkMjA4YS04Y2UxLTQ0MDgtOWU5Ny0xZGY4ZjY5NGExZDMuanBlZ.jpeg\" height=\"628\" width=\"940\" alt=\"Joanna Napiera\u0142a, przewodnicz\u0105ca Pa\u0144stwowej Komisji ds. Przeciwdzia\u0142ania Wykorzystywaniu Seksualnemu Ma\u0142oletnich poni\u017cej 15 lat\" loading=\"lazy\" fetchpriority=\"auto\" decoding=\"auto\"\/><\/p>\n<p>PAP\/Tomasz Gzell<\/p>\n<p>Joanna Napiera\u0142a, przewodnicz\u0105ca Pa\u0144stwowej Komisji ds. Przeciwdzia\u0142ania Wykorzystywaniu Seksualnemu Ma\u0142oletnich poni\u017cej 15 lat<\/p>\n<p>Za\u0142o\u017cona przez Jana Bestrego plac\u00f3wka posiada przyj\u0119ty i obowi\u0105zuj\u0105cy od 15 lutego 2024 r. dokument o nazwie &#8222;Standardy ochrony ma\u0142oletnich w Niepublicznej Szkole Podstawowej Izabeli\u0144skiej Szkole Montessori&#8221;.<\/p>\n<p>W jego preambule przeczyta\u0107 mo\u017cna: &#8222;Naczeln\u0105 zasad\u0105 wszystkich dzia\u0142a\u0144 podejmowanych przez personel szko\u0142y jest dzia\u0142anie dla dobra dziecka i w jego najlepszym interesie. Cz\u0142onkowie personelu szko\u0142y traktuj\u0105 dziecko z szacunkiem oraz uwzgl\u0119dniaj\u0105 jego potrzeby. Niedopuszczalne jest stosowanie przez cz\u0142onk\u00f3w personelu wobec dziecka przemocy w jakiejkolwiek formie. Personel szko\u0142y, realizuj\u0105c te cele, dzia\u0142a w ramach obowi\u0105zuj\u0105cego prawa, przepis\u00f3w wewn\u0119trznych danej plac\u00f3wki oraz swoich kompetencji&#8221;.<\/p>\n","protected":false},"excerpt":{"rendered":"Jan Bestry dosta\u0142 si\u0119 do Sejmu w 2005 r. z list partii Andrzeja Leppera. Rok p\u00f3\u017aniej, pracuj\u0105c w\u00f3wczas&hellip;\n","protected":false},"author":2,"featured_media":603747,"comment_status":"","ping_status":"","sticky":false,"template":"","format":"standard","meta":{"footnotes":"","_share_on_mastodon":"0"},"categories":[12],"tags":[56,61195,32,33,1264,36,37,27,6319,34,35,3031,28,31,48,119411,25,46,12783,42,38,40,39,41,1665,227,23112,47,420,29,30,341,26],"class_list":["post-603746","post","type-post","status-publish","format-standard","has-post-thumbnail","category-polska","tag-article_premium","tag-bottomfeed_styl","tag-breaking-news","tag-breakingnews","tag-dzieci","tag-featured-news","tag-featurednews","tag-headlines","tag-kuratorium_oswiaty","tag-latest-news","tag-latestnews","tag-ministerstwo_edukacji_narodowej","tag-naglowki","tag-najwazniejsze-artykuly","tag-nat_styl","tag-nauczanie_zdalne","tag-news","tag-omp","tag-pedofilia","tag-pl","tag-poland","tag-polish","tag-polska","tag-polski","tag-przemoc","tag-psycholog","tag-samoobrona","tag-screening_general","tag-szkola","tag-top-stories","tag-topstories","tag-tylko_w_onecie","tag-wiadomosci"],"share_on_mastodon":{"url":"","error":"Validation failed: Text character limit of 500 exceeded"},"_links":{"self":[{"href":"https:\/\/www.europesays.com\/pl\/wp-json\/wp\/v2\/posts\/603746","targetHints":{"allow":["GET"]}}],"collection":[{"href":"https:\/\/www.europesays.com\/pl\/wp-json\/wp\/v2\/posts"}],"about":[{"href":"https:\/\/www.europesays.com\/pl\/wp-json\/wp\/v2\/types\/post"}],"author":[{"embeddable":true,"href":"https:\/\/www.europesays.com\/pl\/wp-json\/wp\/v2\/users\/2"}],"replies":[{"embeddable":true,"href":"https:\/\/www.europesays.com\/pl\/wp-json\/wp\/v2\/comments?post=603746"}],"version-history":[{"count":0,"href":"https:\/\/www.europesays.com\/pl\/wp-json\/wp\/v2\/posts\/603746\/revisions"}],"wp:featuredmedia":[{"embeddable":true,"href":"https:\/\/www.europesays.com\/pl\/wp-json\/wp\/v2\/media\/603747"}],"wp:attachment":[{"href":"https:\/\/www.europesays.com\/pl\/wp-json\/wp\/v2\/media?parent=603746"}],"wp:term":[{"taxonomy":"category","embeddable":true,"href":"https:\/\/www.europesays.com\/pl\/wp-json\/wp\/v2\/categories?post=603746"},{"taxonomy":"post_tag","embeddable":true,"href":"https:\/\/www.europesays.com\/pl\/wp-json\/wp\/v2\/tags?post=603746"}],"curies":[{"name":"wp","href":"https:\/\/api.w.org\/{rel}","templated":true}]}}