{"id":603810,"date":"2026-08-06T02:49:12","date_gmt":"2026-08-06T02:49:12","guid":{"rendered":"https:\/\/www.europesays.com\/pl\/603810\/"},"modified":"2026-08-06T02:49:12","modified_gmt":"2026-08-06T02:49:12","slug":"dominika-serowska-zaskoczyla-wyznaniem-przygotowuje-sie-do-roli-zony","status":"publish","type":"post","link":"https:\/\/www.europesays.com\/pl\/603810\/","title":{"rendered":"Dominika Serowska zaskoczy\u0142a wyznaniem. Przygotowuje si\u0119 do roli \u017cony"},"content":{"rendered":"<p>Cho\u0107 <a href=\"https:\/\/plejada.pl\/temat\/dominika-serowska\/hqtb2yb\" id=\"282d390a-cec6-453c-ba10-8d55cb7ad0b5\" rel=\"nofollow noopener\" target=\"_blank\">Dominika Serowska<\/a> wielokrotnie w wywiadach m\u00f3wi\u0142a, \u017ce na jej palcu wci\u0105\u017c brakuje pier\u015bcionka zar\u0119czynowego, to nieustannie my\u015bli o przysz\u0142o\u015bci u boku <a href=\"https:\/\/plejada.pl\/temat\/marcin-hakiel\/nxh5ncd\" id=\"ead333cc-1da7-4485-8699-7a9a0bbd8c3f\" rel=\"nofollow noopener\" target=\"_blank\">Marcina Hakiela<\/a>. Ostatnio pojawi\u0142a si\u0119 z torebk\u0105 ozdobion\u0105 napisem &#8222;Mrs Hakiel&#8221;, czym wywo\u0142a\u0142a lawin\u0119 spekulacji na temat rych\u0142ych zar\u0119czyn.Dalszy ci\u0105g artyku\u0142u pod materia\u0142em wideoDominika Serowska zaskoczy\u0142a wyznaniem. Przygotowuje si\u0119 do roli \u017cony<a href=\"https:\/\/www.onet.pl\/\" title=\"Strona G\u0142\u00f3wna\" aria-label=\"Strona G\u0142\u00f3wna\" data-astro-prefetch=\"tap\" class=\"ods-a-logo-main-desktop\" rel=\"nofollow noopener\" target=\"_blank\"><img src=\"https:\/\/cdn.plejada.pl\/img\/Logo_desktop_Onet.svg\" class=\"ods-a-logo-main-desktop__image\" alt=\"Logo\" width=\"107\" height=\"60\" fetchpriority=\"high\" decoding=\"sync\" style=\"height:60px\"\/><\/a><\/p>\n<p class=\"ods-m-google-article__text\">Czytaj nas cz\u0119\u015bciej w Google<\/p>\n<p><a href=\"https:\/\/google.com\/preferences\/source?q=plejada.pl\" target=\"_blank\" rel=\"noopener noreferrer nofollow\" aria-label=\"Dodaj w Google\" title=\"Dodaj w Google\" class=\"ods-a-button ods-a-button__primary ods-a-button__default ods-a-button-l\">Dodaj w Google<\/a><\/p>\n<p>W rozmowie z Kozaczkiem nie pozostawi\u0142a w\u0105tpliwo\u015bci, \u017ce dob\u00f3r dodatku z napisem &#8222;Mrs Hakiel&#8221; to nie przypadek.<\/p>\n<blockquote class=\"ods-o-quote\">\n<p class=\"ods-o-quote__paragraph\">Przygotowuj\u0119 si\u0119 do roli \u017cony i bycia pani\u0105 Hakiel, dlatego za\u017cyczy\u0142am sobie tak\u0105 torebk\u0119. My\u015bl\u0119, \u017ce pr\u0119dzej czy p\u00f3\u017aniej to si\u0119 wydarzy <\/p>\n<\/blockquote>\n<p>\u2014 przyzna\u0142a z dum\u0105 Serowska.<\/p>\n<p>Na razie jednak do zar\u0119czyn jeszcze nie dosz\u0142o. Celebrytka otwarcie m\u00f3wi, \u017ce marzy o pier\u015bcionku od Tiffany\u2019ego, kosztuj\u0105cym ok. 50 tys. z\u0142. Jednak, jak zapewnia, nie wywiera na partnerze presji.<\/p>\n<p>&#8222;Nie dosta\u0142am jeszcze pier\u015bcionka zar\u0119czynowego, ale wszystko przed nami. To nie jest tak, \u017ce siedz\u0119 i codziennie odliczam dni, kiedy to si\u0119 wydarzy&#8221; \u2014 t\u0142umaczy\u0142a.<\/p>\n<p><img class=\"ods-a-photo ods-a-photo--background\" src=\"https:\/\/www.europesays.com\/pl\/wp-content\/uploads\/2026\/08\/oB0k9lBaHR0cHM6Ly9vY2RuLmV1L3B1bHNjbXMvTURBXy84NWJhNmRiYjdkMjRiZDU2Nzc2ZTVlNzdhNWRmZWEzNy5wbmeRlQLNA.jpeg\" height=\"253\" width=\"450\" alt=\"Blake Lively i Justin Baldoni.\" loading=\"lazy\" fetchpriority=\"low\" decoding=\"async\"\/><\/p>\n<p>Jak przyzna\u0142a, wsp\u00f3lne do\u015bwiadczenia, tak\u017ce te trudne, tylko wzmocni\u0142y jej relacj\u0119 z Hakielem. Dzi\u015b oboje s\u0105 gotowi na kolejny krok. &#8222;Odk\u0105d jeste\u015bmy razem, przeszli\u015bmy przez trudniejsze sytuacje i dzi\u0119ki temu umocni\u0142o to nasz\u0105 relacj\u0119. Mo\u017cemy by\u0107 bardziej przekonani do tego, \u017ceby, m\u00f3wi\u0105c brzydko, sfinalizowa\u0107 to wszystko&#8221; \u2014 doda\u0142a Serowska.<\/p>\n<p>Czy zar\u0119czyny s\u0105 tu\u017c za rogiem? Partnerka tancerza sugeruje, \u017ce &#8222;bli\u017csza okazja&#8221; mo\u017ce pojawi\u0107 si\u0119 szybciej, ni\u017c si\u0119 wydaje.<\/p>\n<p>&#8222;Powiedzmy, \u017ce jest ku temu bli\u017csza okazja, \u017ceby tak si\u0119 wydarzy\u0142o, wi\u0119c przygotowuj\u0119 si\u0119 teraz bardziej. Mam od razu gotow\u0105 torebk\u0119. Ju\u017c wiem, co wyci\u0105gam po \u015blubie z szafy&#8221; \u2014 podsumowa\u0142a tajemniczo.<\/p>\n<p><img class=\"ods-a-photo ods-a-photo--background\" src=\"https:\/\/www.europesays.com\/pl\/wp-content\/uploads\/2026\/08\/Qjqk9lBaHR0cHM6Ly9vY2RuLmV1L3B1bHNjbXMvTURBXy9lMTcxNjcyN2U4NGVkYjNhN2I1YmIzZDA5YjYwNTllMS5qcGeRkwXNB.jpeg\" height=\"800\" width=\"533\" alt=\"Dominika Serowska i Marcin Hakiel\" loading=\"lazy\" fetchpriority=\"auto\" decoding=\"auto\"\/><\/p>\n<p>Andras Szilagyi \/ MW Media<\/p>\n<p>Dominika Serowska i Marcin Hakiel<\/p>\n<p>Dzi\u0119kujemy, \u017ce przeczyta\u0142a\u015b\/e\u015b nasz artyku\u0142 do ko\u0144ca. W serwisie Plejada.pl ka\u017cdego dnia piszemy o najwa\u017cniejszych wydarzeniach show-biznesowych. B\u0105d\u017a na bie\u017c\u0105co!<a rel=\"nofollow noopener\" href=\"https:\/\/profile.google.com\/cp\/Cg0vZy8xMWJ6X19wdHBx\" id=\"74968270-94d4-4e9c-9116-dae4e67d80ff\" target=\"_blank\"> Obserwuj<\/a> Plejad\u0119 w Google. Odwied\u017a nas tak\u017ce na<a rel=\"nofollow noopener\" href=\"https:\/\/www.facebook.com\/plejadapl\" id=\"20a3165f-7d57-4deb-9667-e691232011a3\" target=\"_blank\"> Facebooku<\/a>,<a rel=\"nofollow noopener\" href=\"https:\/\/www.instagram.com\/plejadapl\/\" id=\"03218c50-f289-49cd-9150-6501554c8cbd\" target=\"_blank\"> Instagramie<\/a>,<a rel=\"nofollow noopener\" href=\"https:\/\/www.youtube.com\/c\/plejada\" id=\"e16e2b3d-6619-438d-adb3-5c54b9d77836\" target=\"_blank\"> YouTubie<\/a> oraz<a rel=\"nofollow noopener\" href=\"https:\/\/www.tiktok.com\/@plejada_pl\" id=\"3a76377c-13df-4161-b03b-a082e2ee0831\" target=\"_blank\"> TikToku<\/a>.Chcesz podzieli\u0107 si\u0119 ciekawym newsem lub zaproponowa\u0107 temat? Skontaktuj si\u0119 z nami, pisz\u0105c maila na adres: <a rel=\"nofollow noopener\" href=\"https:\/\/plejada.pl\/newsy\/dominika-serowska-zaskoczyla-wyznaniem-przygotowuje-sie-do-roli-zony\/mailto:plejada@redakcjaonet.pl\" id=\"56572344-8223-47b0-9cd8-a024ddf99981\" target=\"_blank\">plejada@redakcjaonet.pl<\/a>.<script async src=\"\/\/www.instagram.com\/embed.js\"><\/script><script async src=\"\/\/www.tiktok.com\/embed.js\"><\/script><\/p>\n","protected":false},"excerpt":{"rendered":"Cho\u0107 Dominika Serowska wielokrotnie w wywiadach m\u00f3wi\u0142a, \u017ce na jej palcu wci\u0105\u017c brakuje pier\u015bcionka zar\u0119czynowego, to nieustannie my\u015bli&hellip;\n","protected":false},"author":2,"featured_media":603811,"comment_status":"","ping_status":"","sticky":false,"template":"","format":"standard","meta":{"footnotes":"","_share_on_mastodon":"0"},"categories":[22],"tags":[61195,1857,122,1859,48,125,46,42,38,40,39,41,123,47,556,5510],"class_list":["post-603810","post","type-post","status-publish","format-standard","has-post-thumbnail","category-rozrywka","tag-bottomfeed_styl","tag-dominika_serowska","tag-entertainment","tag-marcin_hakiel","tag-nat_styl","tag-newsy","tag-omp","tag-pl","tag-poland","tag-polish","tag-polska","tag-polski","tag-rozrywka","tag-screening_general","tag-slub","tag-zareczyny"],"share_on_mastodon":{"url":"","error":""},"_links":{"self":[{"href":"https:\/\/www.europesays.com\/pl\/wp-json\/wp\/v2\/posts\/603810","targetHints":{"allow":["GET"]}}],"collection":[{"href":"https:\/\/www.europesays.com\/pl\/wp-json\/wp\/v2\/posts"}],"about":[{"href":"https:\/\/www.europesays.com\/pl\/wp-json\/wp\/v2\/types\/post"}],"author":[{"embeddable":true,"href":"https:\/\/www.europesays.com\/pl\/wp-json\/wp\/v2\/users\/2"}],"replies":[{"embeddable":true,"href":"https:\/\/www.europesays.com\/pl\/wp-json\/wp\/v2\/comments?post=603810"}],"version-history":[{"count":0,"href":"https:\/\/www.europesays.com\/pl\/wp-json\/wp\/v2\/posts\/603810\/revisions"}],"wp:featuredmedia":[{"embeddable":true,"href":"https:\/\/www.europesays.com\/pl\/wp-json\/wp\/v2\/media\/603811"}],"wp:attachment":[{"href":"https:\/\/www.europesays.com\/pl\/wp-json\/wp\/v2\/media?parent=603810"}],"wp:term":[{"taxonomy":"category","embeddable":true,"href":"https:\/\/www.europesays.com\/pl\/wp-json\/wp\/v2\/categories?post=603810"},{"taxonomy":"post_tag","embeddable":true,"href":"https:\/\/www.europesays.com\/pl\/wp-json\/wp\/v2\/tags?post=603810"}],"curies":[{"name":"wp","href":"https:\/\/api.w.org\/{rel}","templated":true}]}}