{"id":604142,"date":"2026-08-06T06:45:08","date_gmt":"2026-08-06T06:45:08","guid":{"rendered":"https:\/\/www.europesays.com\/pl\/604142\/"},"modified":"2026-08-06T06:45:08","modified_gmt":"2026-08-06T06:45:08","slug":"infantino-w-desperacji-media-oferuje-final-ms-za-poparcie","status":"publish","type":"post","link":"https:\/\/www.europesays.com\/pl\/604142\/","title":{"rendered":"Infantino w desperacji? Media: Oferuje fina\u0142 M\u015a za poparcie"},"content":{"rendered":"\n<p class=\"contentpart contentpart--default contentpart--text\" data-position=\"0\">Szef <a href=\"https:\/\/sportowefakty.wp.pl\/pilka-nozna\/fifa\" rel=\"nofollow noopener\" target=\"_blank\">FIFA<\/a>\u00a0<a href=\"https:\/\/sportowefakty.wp.pl\/pilka-nozna\/gianni-infantino\" rel=\"nofollow noopener\" target=\"_blank\">Gianni Infantino<\/a>\u00a0nie ma ostatnio dobrej passy. Po pomy\u015ble sprzeda\u017cy praw do mistrzostw \u015bwiata jego kolejna kadencja stoi pod znakiem zapytania. Infantino walczy jednak o poparcie.<\/p>\n<p class=\"contentpart contentpart--default contentpart--text\" data-position=\"1\">&#8222;The Times&#8221; poinformowa\u0142 o jego spotkaniu w Maroku, podczas kt\u00f3rego Gianni Infantino mia\u0142 proponowa\u0107 gospodarzom fina\u0142 Mistrzostw \u015awiata 2030 w zamian za poparcie. Maroko to jeden ze wsp\u00f3\u0142organizator\u00f3w mundialu, obok Hiszpanii i Portugalii. Dodajmy, \u017ce mecze odb\u0119d\u0105 si\u0119 te\u017c w Urugwaju, Argentynie i Paragwaju.<\/p>\n<p>  <img decoding=\"async\" src=\"https:\/\/v.wpimg.pl\/X3dwLnN2d1IFFTpdYUl6R0ZNbgcnEHQREVV2TGEGbUtRT2MdOlZ2RBQUKABgQjQcDRotCStBd1IAAWMeIlM7VgwYIAorQAdEFFk_GCkQJQ\" alt=\"\" width=\"45\" height=\"58\" loading=\"lazy\"\/>  <\/p>\n<p class=\"contentpart contentpart--default contentpart--text\" data-position=\"2\">ZOBACZ WIDEO: Wis\u0142a Krak\u00f3w zachwyci\u0142a. Nie tylko w Polsce<\/p>\n<p class=\"contentpart contentpart--default contentpart--text\" data-position=\"4\">Do tej pory w kontek\u015bcie fina\u0142u najcz\u0119\u015bciej pojawia\u0142y si\u0119 Hiszpania i jej dwa miasta: Madryt oraz Barcelona. Rozwa\u017cano, kt\u00f3re z nich przejmie najwa\u017cniejszy mecz turnieju, m.in. z uwagi na wielko\u015b\u0107 stadionu Camp Nou, wi\u0119kszego o ok. 20 tys. miejsc.<\/p>\n<p class=\"contentpart contentpart--default contentpart--text\" data-position=\"5\">Wed\u0142ug &#8222;The Times&#8221; w\u0105tek Maroka ma mie\u0107 te\u017c wymiar polityczny w FIFA. Maroko ma by\u0107 wa\u017cnym sojusznikiem Infantino, a Rabat ma go\u015bci\u0107 najbli\u017cszy Kongres FIFA, podczas kt\u00f3rego w marcu 2027 r. ma si\u0119 odby\u0107 g\u0142osowanie dotycz\u0105ce prezydentury.<\/p>\n<p>Jest reakcja FIFA<\/p>\n<p class=\"contentpart contentpart--default contentpart--text\" data-position=\"7\">Maroka\u0144czycy wi\u0105\u017c\u0105 ambicje z nowym obiektem pod Casablank\u0105. Stade Hassan II, budowany z my\u015bl\u0105 o mundialu, ma pomie\u015bci\u0107 115 tys. kibic\u00f3w i wed\u0142ug doniesie\u0144 jest dla Maroka argumentem w dyskusji o randze mecz\u00f3w, jakie kraj m\u00f3g\u0142by dosta\u0107.<\/p>\n<p>  <img decoding=\"async\" src=\"https:\/\/v.wpimg.pl\/X3dwLnN2d1IFFTpdYUl6R0ZNbgcnEHQREVV2TGEGbUtRT2MdOlZ2RBQUKABgQjQcDRotCStBd1IAAWMeIlM7VgwYIAorQAdEFFk_GCkQJQ\" alt=\"\" width=\"45\" height=\"58\" loading=\"lazy\"\/>  <\/p>\n<p class=\"contentpart contentpart--default contentpart--text\" data-position=\"8\">FIFA odnios\u0142a si\u0119 do publikacji, wydaj\u0105c pisemne o\u015bwiadczenie. &#8222;Twierdzenie, \u017ce prezydent FIFA z\u0142o\u017cy\u0142 jak\u0105kolwiek obietnic\u0119 dotycz\u0105c\u0105 organizacji fina\u0142u Mistrzostw \u015awiata FIFA 2030, jest fa\u0142szywe i wprowadza w b\u0142\u0105d. FIFA podejmie decyzj\u0119 w odpowiednim czasie&#8221; &#8211; czytamy w komunikacie federacji.<\/p>\n<p class=\"contentpart contentpart--default contentpart--text\" data-position=\"9\">&#8222;The Times&#8221; zwraca jednak uwag\u0119, \u017ce artyku\u0142 nie opisywa\u0142 formalnej decyzji o przyznaniu fina\u0142u, lecz rzekom\u0105 deklaracj\u0119 prezydenta FIFA podczas rozm\u00f3w w Maroku. Z tej perspektywy podkre\u015blenie, \u017ce oficjalna decyzja jeszcze nie zapad\u0142a, nie odpowiada na kluczow\u0105 cz\u0119\u015b\u0107 doniesie\u0144 o przebiegu spotkania.<\/p>\n","protected":false},"excerpt":{"rendered":"Szef FIFA\u00a0Gianni Infantino\u00a0nie ma ostatnio dobrej passy. Po pomy\u015ble sprzeda\u017cy praw do mistrzostw \u015bwiata jego kolejna kadencja stoi&hellip;\n","protected":false},"author":2,"featured_media":604143,"comment_status":"","ping_status":"","sticky":false,"template":"","format":"standard","meta":{"footnotes":"","_share_on_mastodon":"0"},"categories":[24],"tags":[1285,5116,21441,989,269,42,38,40,39,41,127,126],"class_list":["post-604142","post","type-post","status-publish","format-standard","has-post-thumbnail","category-sport","tag-fifa","tag-gianni-infantino","tag-maroko","tag-pilka-na-swiecie","tag-pilka-nozna","tag-pl","tag-poland","tag-polish","tag-polska","tag-polski","tag-sport","tag-sports"],"share_on_mastodon":{"url":"https:\/\/pubeurope.com\/@pl\/117047219061571648","error":""},"_links":{"self":[{"href":"https:\/\/www.europesays.com\/pl\/wp-json\/wp\/v2\/posts\/604142","targetHints":{"allow":["GET"]}}],"collection":[{"href":"https:\/\/www.europesays.com\/pl\/wp-json\/wp\/v2\/posts"}],"about":[{"href":"https:\/\/www.europesays.com\/pl\/wp-json\/wp\/v2\/types\/post"}],"author":[{"embeddable":true,"href":"https:\/\/www.europesays.com\/pl\/wp-json\/wp\/v2\/users\/2"}],"replies":[{"embeddable":true,"href":"https:\/\/www.europesays.com\/pl\/wp-json\/wp\/v2\/comments?post=604142"}],"version-history":[{"count":0,"href":"https:\/\/www.europesays.com\/pl\/wp-json\/wp\/v2\/posts\/604142\/revisions"}],"wp:featuredmedia":[{"embeddable":true,"href":"https:\/\/www.europesays.com\/pl\/wp-json\/wp\/v2\/media\/604143"}],"wp:attachment":[{"href":"https:\/\/www.europesays.com\/pl\/wp-json\/wp\/v2\/media?parent=604142"}],"wp:term":[{"taxonomy":"category","embeddable":true,"href":"https:\/\/www.europesays.com\/pl\/wp-json\/wp\/v2\/categories?post=604142"},{"taxonomy":"post_tag","embeddable":true,"href":"https:\/\/www.europesays.com\/pl\/wp-json\/wp\/v2\/tags?post=604142"}],"curies":[{"name":"wp","href":"https:\/\/api.w.org\/{rel}","templated":true}]}}