{"id":604204,"date":"2026-08-06T07:23:09","date_gmt":"2026-08-06T07:23:09","guid":{"rendered":"https:\/\/www.europesays.com\/pl\/604204\/"},"modified":"2026-08-06T07:23:09","modified_gmt":"2026-08-06T07:23:09","slug":"ostre-slowa-ministra-sikorskiego-o-karolu-nawrockim-to-samobojcza-taktyka","status":"publish","type":"post","link":"https:\/\/www.europesays.com\/pl\/604204\/","title":{"rendered":"Ostre s\u0142owa ministra Sikorskiego o Karolu Nawrockim. &#8222;To samob\u00f3jcza taktyka&#8221;"},"content":{"rendered":"<p>6 sierpnia 2025 r. Karol Nawrocki z\u0142o\u017cy\u0142 przed Zgromadzeniem Narodowym prezydenck\u0105 przysi\u0119g\u0119, formalnie obejmuj\u0105c urz\u0105d Prezydenta Rzeczypospolitej Polskiej. W czwartek \u2014 przed Pa\u0142acem Prezydenckim \u2014 podsumuje pierwszy rok swojej prezydentury.<\/p>\n<p>Wicepremier, minister spraw zagranicznych Rados\u0142aw Sikorski odni\u00f3s\u0142 si\u0119 do pierwszego roku prezydentury Nawrockiego na antenie Polskiego Radia. Zapytany o to, czego \u017cyczy\u0142by prezydentowi z okazji pierwszej rocznicy odpar\u0142, \u017ce tego, &#8222;by dzia\u0142a\u0142 na rzecz Polski, a nie poszerzania w\u0142asnych uprawnie\u0144 i tworzenia systemu prezydenckiego&#8221;.<\/p>\n<p><a href=\"https:\/\/www.onet.pl\/\" title=\"Strona G\u0142\u00f3wna\" aria-label=\"Strona G\u0142\u00f3wna\" data-astro-prefetch=\"tap\" class=\"ods-a-logo-main-desktop\" rel=\"nofollow noopener\" target=\"_blank\"><img src=\"https:\/\/cdn.wiadomosci.onet.pl\/img\/Logo_desktop_Onet.svg\" class=\"ods-a-logo-main-desktop__image\" alt=\"Logo\" width=\"107\" height=\"60\" fetchpriority=\"high\" decoding=\"sync\" style=\"height:60px\"\/><\/a><\/p>\n<p class=\"ods-m-google-article__text\">Czytaj nas cz\u0119\u015bciej w Google<\/p>\n<p><a href=\"https:\/\/google.com\/preferences\/source?q=onet.pl\" target=\"_blank\" rel=\"noopener noreferrer nofollow\" aria-label=\"Dodaj w Google\" title=\"Dodaj w Google\" class=\"ods-a-button ods-a-button__primary ods-a-button__default ods-a-button-l\">Dodaj w Google<\/a><\/p>\n<p>\u2014 To jest i tak nierealistyczne, a tylko sprowadzi si\u0119 do pora\u017cki, je\u017celi b\u0119dzie tak z\u0142o\u015bliwie wetowa\u0142 i z\u0142o\u015bliwie atakowa\u0142 rz\u0105d \u2014 podkre\u015bli\u0142 Sikorski.<\/p>\n<p class=\"ods-o-frame-in-text__paragraph\"><a href=\"https:\/\/wiadomosci.onet.pl\/tylko-w-onecie\/karol-nawrocki-do-donalda-tuska-nie-dzwoni-czyli-rok-wojny-totalnej\/k4rk5h2\" id=\"01fe974e-a7be-4b3b-8e2b-7ba55b8e3f2c\" rel=\"nofollow noopener\" target=\"_blank\">Kulisy relacji Nawrockiego z Tuskiem. &#8222;To premier zawsze prosi o kontakt&#8221;<\/a><\/p>\n<p><img class=\"ods-a-photo ods-a-photo--background\" src=\"https:\/\/www.europesays.com\/pl\/wp-content\/uploads\/2026\/08\/NAKk9lBaHR0cHM6Ly9vY2RuLmV1L3B1bHNjbXMvTURBXy8wMDc1ZTAzZWQ1ZjZjMTQ2OThkNDk5NzkwOTY3YzA1OC5qcGeRlQLNA.jpeg\" height=\"300\" width=\"450\" alt=\"Donald Tusk i Karol Nawrocki\" loading=\"lazy\" fetchpriority=\"low\" decoding=\"async\"\/>&#8222;Wara od rz\u0105dzenia Polsk\u0105&#8221;. Sikorski ostro odpowiada rzecznikowi prezydenta<\/p>\n<p>Prowadz\u0105ca rozmow\u0119 Agata Kondzi\u0144ska przytoczy\u0142a s\u0142owa rzecznika prezydenta Rafa\u0142a Le\u015bkiewicza, kt\u00f3ry m\u00f3wi\u0142 &#8222;wara rz\u0105dz\u0105cym od prerogatyw prezydenta&#8221;. \u2014 A my mogliby\u015bmy powiedzie\u0107: wara prezydentowi do rz\u0105dzenia Polsk\u0105, od tego jest rz\u0105d \u2014 stwierdzi\u0142 Sikorski.<\/p>\n<p>Zapytany o ocen\u0119 wsp\u00f3\u0142pracy na linii MSZ-prezydent szef dyplomacji przyzna\u0142, \u017ce by\u0142 to &#8222;frustruj\u0105cy&#8221; rok. \u2014 Andrzej Duda te\u017c wywodz\u0105cy si\u0119 z tamtego obozu politycznego podpisa\u0142 na m\u00f3j wniosek 24 nominacje ambasadorskie, a Karol Nawrocki przyjmuje ambasador\u00f3w obcych pa\u0144stw i ich listy uwierzytelniaj\u0105ce, a nie podpisuje nominacji i nie podpisuje list\u00f3w uwierzytelniaj\u0105cych polskim ambasadorom. Chce prowadzi\u0107 polityk\u0119 kadrow\u0105 MSZ, co nie jest przewidziane w konstytucji \u2014 powiedzia\u0142.<\/p>\n<p>\u2014 To jest samob\u00f3jcza taktyka obozu prezydenckiego. T\u0105 taktyk\u0105 obstrukcji prezydent nie osi\u0105gnie swojego celu \u2014 doda\u0142.<\/p>\n<p>Dzia\u0142ania Karola Nawrockiego w \u015brod\u0119 podsumowa\u0142 r\u00f3wnie\u017c premier Donald Tusk. Pytany o ocen\u0119 mijaj\u0105cego roku prezydentury Karola Nawrockiego, premier wskaza\u0142 na pr\u00f3b\u0119 <a href=\"https:\/\/wiadomosci.onet.pl\/kraj\/karol-nawrocki-wetuje-safe-ekspertka-wskazuje-drugie-dno-decyzji-prezydenta\/e22bvvp\" id=\"4cfbe443-3f5b-45fe-8f41-8b3f32273213\" rel=\"nofollow noopener\" target=\"_blank\">zablokowania europejskiego programu SAFE<\/a>, a tak\u017ce na <a href=\"https:\/\/www.onet.pl\/informacje\/onetwiadomosci\/rafal-leskiewicz-o-ulaskawieniach-karola-nawrockiego-ma-do-tego-prawo\/36ttzgp,79cfc278\" id=\"c28471f6-bb8a-47cf-a905-3be7d2a91059\" rel=\"nofollow noopener\" target=\"_blank\">u\u0142askawienie Piotra Staruchowicza, znanego jako &#8222;Staruch&#8221;<\/a> \u2014 jednego z lider\u00f3w \u015brodowiska kibicowskiego Legii Warszawa. Jako trzeci\u0105 kluczow\u0105 decyzj\u0119 Tusk wymieni\u0142 <a href=\"https:\/\/wiadomosci.onet.pl\/kraj\/karol-nawrocki-zawetowal-kolejne-ustawy-zamiescil-nagranie\/ye5620m\" id=\"b8183ee8-9129-4948-8f7e-0d539976b6f7\" rel=\"nofollow noopener\" target=\"_blank\">weto wobec ustawy reguluj\u0105cej status osoby najbli\u017cszej<\/a>. Szef rz\u0105du okre\u015bli\u0142 u\u0142askawienie jako kontrowersyjne.<\/p>\n","protected":false},"excerpt":{"rendered":"6 sierpnia 2025 r. Karol Nawrocki z\u0142o\u017cy\u0142 przed Zgromadzeniem Narodowym prezydenck\u0105 przysi\u0119g\u0119, formalnie obejmuj\u0105c urz\u0105d Prezydenta Rzeczypospolitej Polskiej.&hellip;\n","protected":false},"author":2,"featured_media":604205,"comment_status":"","ping_status":"","sticky":false,"template":"","format":"standard","meta":{"footnotes":"","_share_on_mastodon":"0"},"categories":[62712],"tags":[61195,690,43,49,1162,48,46,55,1118,47],"class_list":["post-604204","post","type-post","status-publish","format-standard","has-post-thumbnail","category-karol-nawrocki","tag-bottomfeed_styl","tag-karol-nawrocki","tag-karol_nawrocki","tag-kraj","tag-msz","tag-nat_styl","tag-omp","tag-phx","tag-radoslaw_sikorski","tag-screening_general"],"share_on_mastodon":{"url":"https:\/\/pubeurope.com\/@pl\/117047369181266938","error":""},"_links":{"self":[{"href":"https:\/\/www.europesays.com\/pl\/wp-json\/wp\/v2\/posts\/604204","targetHints":{"allow":["GET"]}}],"collection":[{"href":"https:\/\/www.europesays.com\/pl\/wp-json\/wp\/v2\/posts"}],"about":[{"href":"https:\/\/www.europesays.com\/pl\/wp-json\/wp\/v2\/types\/post"}],"author":[{"embeddable":true,"href":"https:\/\/www.europesays.com\/pl\/wp-json\/wp\/v2\/users\/2"}],"replies":[{"embeddable":true,"href":"https:\/\/www.europesays.com\/pl\/wp-json\/wp\/v2\/comments?post=604204"}],"version-history":[{"count":0,"href":"https:\/\/www.europesays.com\/pl\/wp-json\/wp\/v2\/posts\/604204\/revisions"}],"wp:featuredmedia":[{"embeddable":true,"href":"https:\/\/www.europesays.com\/pl\/wp-json\/wp\/v2\/media\/604205"}],"wp:attachment":[{"href":"https:\/\/www.europesays.com\/pl\/wp-json\/wp\/v2\/media?parent=604204"}],"wp:term":[{"taxonomy":"category","embeddable":true,"href":"https:\/\/www.europesays.com\/pl\/wp-json\/wp\/v2\/categories?post=604204"},{"taxonomy":"post_tag","embeddable":true,"href":"https:\/\/www.europesays.com\/pl\/wp-json\/wp\/v2\/tags?post=604204"}],"curies":[{"name":"wp","href":"https:\/\/api.w.org\/{rel}","templated":true}]}}