{"id":604580,"date":"2026-08-06T11:04:15","date_gmt":"2026-08-06T11:04:15","guid":{"rendered":"https:\/\/www.europesays.com\/pl\/604580\/"},"modified":"2026-08-06T11:04:15","modified_gmt":"2026-08-06T11:04:15","slug":"izabela-leszczyna-musi-przeprosic-chodzi-o-wpis-dotyczacy-marcina-warchola","status":"publish","type":"post","link":"https:\/\/www.europesays.com\/pl\/604580\/","title":{"rendered":"Izabela Leszczyna musi przeprosi\u0107. Chodzi o wpis dotycz\u0105cy Marcina Warcho\u0142a"},"content":{"rendered":"<p>W czwartek S\u0105d Apelacyjny w Rzeszowie oddali\u0142 apelacj\u0119 pozwanej od rozstrzygni\u0119cia S\u0105du Okr\u0119gowego w Rzeszowie w tej sprawie z lutego 2024 r. Rozstrzygni\u0119cie SA jest prawomocne. Stronom przys\u0142uguje kasacja.<\/p>\n<p>Dalszy ci\u0105g artyku\u0142u pod materia\u0142em wideo<\/p>\n<p>Chodzi o wpis Izabeli Leszczyny na platformie X z kwietnia 2022 r. Pos\u0142anka napisa\u0142a, \u017ce jedna z firm po\u017cyczkowych &#8222;nie musi si\u0119 obawia\u0107&#8221;, bo Marcin Warcho\u0142 &#8222;roztoczy\u0142 parasol ochronny&#8221; nad ni\u0105 w ramach ustawy, kt\u00f3r\u0105 &#8222;dla niepoznaki&#8221; nazwano &#8222;antylichwiarsk\u0105&#8221;.<\/p>\n<p><a href=\"https:\/\/www.onet.pl\/\" title=\"Strona G\u0142\u00f3wna\" aria-label=\"Strona G\u0142\u00f3wna\" data-astro-prefetch=\"tap\" class=\"ods-a-logo-main-desktop\" rel=\"nofollow noopener\" target=\"_blank\"><img src=\"https:\/\/cdn.wiadomosci.onet.pl\/img\/Logo_desktop_Onet.svg\" class=\"ods-a-logo-main-desktop__image\" alt=\"Logo\" width=\"107\" height=\"60\" fetchpriority=\"high\" decoding=\"sync\" style=\"height:60px\"\/><\/a><\/p>\n<p class=\"ods-m-google-article__text\">Czytaj nas cz\u0119\u015bciej w Google<\/p>\n<p><a href=\"https:\/\/google.com\/preferences\/source?q=wiadomosci.onet.pl\" target=\"_blank\" rel=\"noopener noreferrer nofollow\" aria-label=\"Dodaj w Google\" title=\"Dodaj w Google\" class=\"ods-a-button ods-a-button__primary ods-a-button__default ods-a-button-l\">Dodaj w Google<\/a><\/p>\n<p>Leszczyna, decyzj\u0105 s\u0105du, ma usun\u0105\u0107 sw\u00f3j wpis, przeprosi\u0107 Warcho\u0142a, wp\u0142aci\u0107 10 tys. z\u0142 na Fundacj\u0119 Podkarpackie Hospicjum dla Dzieci w Rzeszowie oraz pokry\u0107 koszty procesu tak\u017ce w pierwszej instancji.<\/p>\n<p>Gra o tron na prawicy. &#8222;Prezydent zdaje sobie spraw\u0119, \u017ce to mo\u017ce by\u0107 misja niewykonalna&#8221;<img class=\"ods-a-photo ods-a-photo--background\" src=\"https:\/\/www.europesays.com\/pl\/wp-content\/uploads\/2026\/08\/7jPk9lBaHR0cHM6Ly9vY2RuLmV1L3B1bHNjbXMvTURBXy83NjZmN2IwZmNlMTYyZjYyZTZiNTI5ZWI1YTFjMjNlYS5qcGeRlQLNA.jpeg\" height=\"301\" width=\"450\" alt=\"Karol Nawrocki \" loading=\"lazy\" fetchpriority=\"low\" decoding=\"async\"\/>Marcin Warcho\u0142 reaguje na wyrok s\u0105du. &#8222;Sugeruje korepetycje&#8221;<\/p>\n<p>Warcho\u0142 skomentowa\u0142 wyrok s\u0105du we wpisie na portalu X. &#8222;Wiceprzewodnicz\u0105c\u0105 Koalicji Obywatelskiej Izabel\u0119 Leszczyn\u0105 k\u0142amstwa na m\u00f3j temat b\u0119d\u0105 kosztowa\u0107 10 tys. z\u0142 na rzecz Fundacji Podkarpackie Hospicjum dla Dzieci w Rzeszowie. I przeprosiny&#8221; \u2014 napisa\u0142.<\/p>\n<p>&#8222;Nie roztacza\u0142em, jak twierdzi\u0142a, \u017cadnego parasola ochronnego nad firmami po\u017cyczkowymi. Przeciwnie, by\u0142em autorem ustawy zwalczaj\u0105cej lichwiarzy, dzi\u0119ki kt\u00f3rej rynek po\u017cyczek si\u0119 ucywilizowa\u0142&#8221; \u2014 doda\u0142, nast\u0119pnie &#8222;sugeruj\u0105c&#8221; Leszczynie &#8222;korepetycje w k\u0142amaniu u jej szefa&#8221;. &#8222;Tusk \u0142ga po mistrzowsku&#8221; (pisownia oryginalna) \u2014 stwierdzi\u0142.<\/p>\n","protected":false},"excerpt":{"rendered":"W czwartek S\u0105d Apelacyjny w Rzeszowie oddali\u0142 apelacj\u0119 pozwanej od rozstrzygni\u0119cia S\u0105du Okr\u0119gowego w Rzeszowie w tej sprawie&hellip;\n","protected":false},"author":2,"featured_media":604581,"comment_status":"","ping_status":"","sticky":false,"template":"","format":"standard","meta":{"footnotes":"","_share_on_mastodon":"0"},"categories":[12],"tags":[61195,32,33,36,37,27,21174,49,34,35,44196,28,31,48,56812,25,46,42,38,40,39,41,412,7259,47,29,30,26],"class_list":["post-604580","post","type-post","status-publish","format-standard","has-post-thumbnail","category-polska","tag-bottomfeed_styl","tag-breaking-news","tag-breakingnews","tag-featured-news","tag-featurednews","tag-headlines","tag-izabela_leszczyna","tag-kraj","tag-latest-news","tag-latestnews","tag-marcin_warchol","tag-naglowki","tag-najwazniejsze-artykuly","tag-nat_styl","tag-newbb_tst0","tag-news","tag-omp","tag-pl","tag-poland","tag-polish","tag-polska","tag-polski","tag-prawo_sady_prawnicy","tag-przeprosiny","tag-screening_general","tag-top-stories","tag-topstories","tag-wiadomosci"],"share_on_mastodon":{"url":"","error":""},"_links":{"self":[{"href":"https:\/\/www.europesays.com\/pl\/wp-json\/wp\/v2\/posts\/604580","targetHints":{"allow":["GET"]}}],"collection":[{"href":"https:\/\/www.europesays.com\/pl\/wp-json\/wp\/v2\/posts"}],"about":[{"href":"https:\/\/www.europesays.com\/pl\/wp-json\/wp\/v2\/types\/post"}],"author":[{"embeddable":true,"href":"https:\/\/www.europesays.com\/pl\/wp-json\/wp\/v2\/users\/2"}],"replies":[{"embeddable":true,"href":"https:\/\/www.europesays.com\/pl\/wp-json\/wp\/v2\/comments?post=604580"}],"version-history":[{"count":0,"href":"https:\/\/www.europesays.com\/pl\/wp-json\/wp\/v2\/posts\/604580\/revisions"}],"wp:featuredmedia":[{"embeddable":true,"href":"https:\/\/www.europesays.com\/pl\/wp-json\/wp\/v2\/media\/604581"}],"wp:attachment":[{"href":"https:\/\/www.europesays.com\/pl\/wp-json\/wp\/v2\/media?parent=604580"}],"wp:term":[{"taxonomy":"category","embeddable":true,"href":"https:\/\/www.europesays.com\/pl\/wp-json\/wp\/v2\/categories?post=604580"},{"taxonomy":"post_tag","embeddable":true,"href":"https:\/\/www.europesays.com\/pl\/wp-json\/wp\/v2\/tags?post=604580"}],"curies":[{"name":"wp","href":"https:\/\/api.w.org\/{rel}","templated":true}]}}