{"id":604674,"date":"2026-08-06T11:57:12","date_gmt":"2026-08-06T11:57:12","guid":{"rendered":"https:\/\/www.europesays.com\/pl\/604674\/"},"modified":"2026-08-06T11:57:12","modified_gmt":"2026-08-06T11:57:12","slug":"ambitne-plany-elona-muska-inwestorzy-juz-przewracaja-oczami","status":"publish","type":"post","link":"https:\/\/www.europesays.com\/pl\/604674\/","title":{"rendered":"Ambitne plany Elona Muska. Inwestorzy ju\u017c przewracaj\u0105 oczami"},"content":{"rendered":"<p>5 sierpnia SpaceX mog\u0142o w ko\u0144cu osi\u0105gn\u0105\u0107 cel Elona Muska, jakim by\u0142o dotarcie na Ksi\u0119\u017cyc \u2014 zupe\u0142nie przypadkowo. Uwa\u017ca si\u0119, \u017ce g\u00f3rny stopie\u0144 rakiety Falcon 9, kt\u00f3ry od stycznia 2025 r. dryfowa\u0142 bez celu w przestrzeni kosmicznej, uderzy\u0142 w powierzchni\u0119 Ksi\u0119\u017cyca w pobli\u017cu krateru Einsteina z pr\u0119dko\u015bci\u0105 prawie 9000 km na godz.<\/p>\n<p>Sta\u0142o si\u0119 to dzie\u0144 po opublikowaniu przez SpaceX pierwszych wynik\u00f3w kwartalnych od czasu spektakularnego debiutu gie\u0142dowego w czerwcu. Wyniki te r\u00f3wnie\u017c wywar\u0142y wp\u0142yw \u2014 na Ziemi. Echo dotkn\u0119\u0142o r\u00f3\u017cnorodnych bran\u017c, takich jak producenci chip\u00f3w i dostawcy us\u0142ug telekomunikacyjnych.<\/p>\n<p>I rozochoci\u0142o Elona Muska.<\/p>\n<blockquote class=\"ods-o-quote\">\n<p class=\"ods-o-quote__paragraph\">Przychody SpaceX gwa\u0142townie rosn\u0105, w r\u00f3wnym stopniu dzi\u0119ki dzia\u0142alno\u015bci w zakresie sztucznej inteligencji na Ziemi, jak i dzi\u0119ki segmentowi rakietowo-satelitarnemu. Dzia\u0142 sztucznej inteligencji wni\u00f3s\u0142 ogromny wk\u0142ad w 92-proc. wzrost przychod\u00f3w w drugim kwartale w uj\u0119ciu rok do roku.<\/p>\n<\/blockquote>\n<p>Jednak firma nadal przynosi straty. Co wi\u0119cej, budowa mocy obliczeniowych przeznaczonych do wynajmu gigantom sztucznej inteligencji, takim jak Anthropic i Google, wymaga ogromnych inwestycji. Nak\u0142ady inwestycyjne na sztuczn\u0105 inteligencj\u0119 wynios\u0142y w tym kwartale blisko 16 mld dol. (59,5 mld z\u0142 wed\u0142ug obecnego kursu walut), czyli ponad dwukrotnie wi\u0119cej ni\u017c ca\u0142kowite przychody grupy. Oczekuje si\u0119, \u017ce wzrosn\u0105 one jeszcze bardziej.<\/p>\n<p>Inwestorzy zareagowali niech\u0119tnie na te wydatki, podobnie jak w przypadku innych firm, takich jak Meta, kt\u00f3re wydaj\u0105 ogromne kwoty na rozszerzanie swojej oferty w zakresie sztucznej inteligencji. Warto\u015b\u0107 rynkowa SpaceX, kt\u00f3ra ju\u017c wcze\u015bniej spad\u0142a o ponad 1 bln dol. (3,72 bln z\u0142) w stosunku do szczytowego poziomu, po tych wiadomo\u015bciach spad\u0142a jeszcze bardziej.<\/p>\n<p>Elon Musk wraca i przewiduje, co wydarzy si\u0119 na \u015bwiecie. &#8222;Ludzie nie zdaj\u0105 sobie sprawy&#8221;<img class=\"ods-a-photo ods-a-photo--background\" src=\"https:\/\/www.europesays.com\/pl\/wp-content\/uploads\/2026\/08\/9zbk9lBaHR0cHM6Ly9vY2RuLmV1L3B1bHNjbXMvTURBXy9mMzQwYmNjYzJjODZmNmFhYjFjYjI0MzVmMTE1MzUzOC5qcGeRlQLNA.jpeg\" height=\"300\" width=\"450\" alt=\"Elon Musk, dyrektor generalny firm Tesla i SpaceX, w Oxon Hill w stanie Maryland, 20 lutego 2025 r.\" loading=\"lazy\" fetchpriority=\"low\" decoding=\"async\"\/><\/p>\n<p>Spadek ten pog\u0142\u0119bi\u0142y obawy zwi\u0105zane z akcjami o warto\u015bci 100 mld dol. (372 mld z\u0142), kt\u00f3re maj\u0105 trafi\u0107 na rynek 6 sierpnia, po wyga\u015bni\u0119ciu okresu blokady po debiucie gie\u0142dowym, kt\u00f3ry uniemo\u017cliwia\u0142 wczesnym inwestorom, kadrze kierowniczej i pracownikom spieni\u0119\u017cenie swoich udzia\u0142\u00f3w.<\/p>\n<p>Elon Musk, szef SpaceX, poda\u0142 imponuj\u0105ce liczby, aby przyci\u0105gn\u0105\u0107 nowych inwestor\u00f3w. Stwierdzi\u0142, \u017ce moc obliczeniowa centr\u00f3w danych, kt\u00f3ra w tym roku ma wynie\u015b\u0107 oko\u0142o dw\u00f3ch gigawat\u00f3w (GW), do ko\u0144ca 2027 r. b\u0119dzie &#8222;bli\u017csza 10 GW&#8230; ni\u017c 5 GW&#8221;, a przychody osi\u0105gn\u0105 1 bln dol. (3,72 bln z\u0142) do 2030 r. (ponad 20-krotno\u015b\u0107 prognozowanego poziomu na ten rok). Z\u0142o\u017cy\u0142 r\u00f3wnie\u017c wielkie obietnice dotycz\u0105ce dzia\u0142alno\u015bci satelitarnej Starlink, kt\u00f3ra pozyskuje klient\u00f3w korporacyjnych i rz\u0105dowych.<\/p>\n<p>Dalszy ci\u0105g artyku\u0142u pod materia\u0142em wideoKsi\u0119\u017cyc w 2028 r.<\/p>\n<p>Jednak nawet je\u015bli niekt\u00f3rzy kr\u0119c\u0105 g\u0142ow\u0105 na takie &#8222;muskizmy&#8221;, ich konsekwencje odbijaj\u0105 si\u0119 echem na rynkach akcji.<\/p>\n<p>Kurs akcji Nvidii poszybowa\u0142 w g\u00f3r\u0119 5 sierpnia po tym, jak Musk obieca\u0142, \u017ce centra danych SpaceX b\u0119d\u0105 opiera\u0107 si\u0119 wy\u0142\u0105cznie na jej zaawansowanych chipach AI. Natomiast akcje ameryka\u0144skich operator\u00f3w telekomunikacyjnych, w tym AT&amp;T, Verizon i T-Mobile, spad\u0142y po tym, jak Gwynne Shotwell, prezes SpaceX, stwierdzi\u0142a, \u017ce nowe satelity kom\u00f3rkowe firmy, kt\u00f3rych wystrzelenie planowane jest na przysz\u0142y rok, w po\u0142\u0105czeniu z pasmem cz\u0119stotliwo\u015bci nabytych od innego operatora \u2014 EchoStar \u2014 pozwol\u0105 jej pozyska\u0107 &#8222;sporo klient\u00f3w tych firm&#8221;.<\/p>\n<p>Tesla, kolejne przedsi\u0119wzi\u0119cie Muska warte 1 bln dol. (3,72 bln z\u0142), zosta\u0142a ledwo wspomniana podczas telekonferencji dotycz\u0105cej wynik\u00f3w finansowych, mimo plotek, \u017ce SpaceX rozwa\u017ca fuzj\u0119 z producentem pojazd\u00f3w elektrycznych i robot\u00f3w.<\/p>\n<p>Wydaje si\u0119 jednak, \u017ce Musk ma ksi\u0119\u017cycowe ambicje zwi\u0105zane z humanoidami Tesli. Nakre\u015bli\u0142 &#8222;super science fiction&#8221; przysz\u0142o\u015b\u0107, w kt\u00f3rej b\u0119d\u0105 one obs\u0142ugiwa\u0107 fabryki na Ksi\u0119\u017cycu, produkuj\u0105c panele s\u0142oneczne i radiatory dla satelit\u00f3w SpaceX. Ludzie mog\u0105 by\u0107 awangard\u0105. Shotwell przyznaje, \u017ce celem SpaceX jest wys\u0142anie ludzi na Ksi\u0119\u017cyc ju\u017c w 2028 r. Tam, gdzie pojawiaj\u0105 si\u0119 \u015bmieci kosmiczne, pod\u0105\u017caj\u0105 za nimi ludzie.<\/p>\n<p>\u00a9 The Economist Newspaper Limited, 5 sierpnia 2026 r.<\/p>\n","protected":false},"excerpt":{"rendered":"5 sierpnia SpaceX mog\u0142o w ko\u0144cu osi\u0105gn\u0105\u0107 cel Elona Muska, jakim by\u0142o dotarcie na Ksi\u0119\u017cyc \u2014 zupe\u0142nie przypadkowo.&hellip;\n","protected":false},"author":2,"featured_media":604675,"comment_status":"","ping_status":"","sticky":false,"template":"","format":"standard","meta":{"footnotes":"","_share_on_mastodon":"0"},"categories":[16],"tags":[56,113,61195,112,486,48,56992,46,42,38,40,39,41,47,13702,80,5656,71],"class_list":["post-604674","post","type-post","status-publish","format-standard","has-post-thumbnail","category-biznes","tag-article_premium","tag-biznes","tag-bottomfeed_styl","tag-business","tag-elon_musk","tag-nat_styl","tag-newbb_tst1","tag-omp","tag-pl","tag-poland","tag-polish","tag-polska","tag-polski","tag-screening_general","tag-spacex","tag-swiat","tag-tesla","tag-usa"],"share_on_mastodon":{"url":"","error":""},"_links":{"self":[{"href":"https:\/\/www.europesays.com\/pl\/wp-json\/wp\/v2\/posts\/604674","targetHints":{"allow":["GET"]}}],"collection":[{"href":"https:\/\/www.europesays.com\/pl\/wp-json\/wp\/v2\/posts"}],"about":[{"href":"https:\/\/www.europesays.com\/pl\/wp-json\/wp\/v2\/types\/post"}],"author":[{"embeddable":true,"href":"https:\/\/www.europesays.com\/pl\/wp-json\/wp\/v2\/users\/2"}],"replies":[{"embeddable":true,"href":"https:\/\/www.europesays.com\/pl\/wp-json\/wp\/v2\/comments?post=604674"}],"version-history":[{"count":0,"href":"https:\/\/www.europesays.com\/pl\/wp-json\/wp\/v2\/posts\/604674\/revisions"}],"wp:featuredmedia":[{"embeddable":true,"href":"https:\/\/www.europesays.com\/pl\/wp-json\/wp\/v2\/media\/604675"}],"wp:attachment":[{"href":"https:\/\/www.europesays.com\/pl\/wp-json\/wp\/v2\/media?parent=604674"}],"wp:term":[{"taxonomy":"category","embeddable":true,"href":"https:\/\/www.europesays.com\/pl\/wp-json\/wp\/v2\/categories?post=604674"},{"taxonomy":"post_tag","embeddable":true,"href":"https:\/\/www.europesays.com\/pl\/wp-json\/wp\/v2\/tags?post=604674"}],"curies":[{"name":"wp","href":"https:\/\/api.w.org\/{rel}","templated":true}]}}