{"id":604804,"date":"2026-08-06T13:15:10","date_gmt":"2026-08-06T13:15:10","guid":{"rendered":"https:\/\/www.europesays.com\/pl\/604804\/"},"modified":"2026-08-06T13:15:10","modified_gmt":"2026-08-06T13:15:10","slug":"wroclaw-marrakesz-nowym-kierunkiem-ryanaira","status":"publish","type":"post","link":"https:\/\/www.europesays.com\/pl\/604804\/","title":{"rendered":"Wroc\u0142aw: Marrakesz nowym kierunkiem Ryanaira"},"content":{"rendered":"<p>Port Lotniczy Wroc\u0142aw poszerza swoj\u0105 siatk\u0119 po\u0142\u0105cze\u0144 o nowy kierunek. Od 25 pa\u017adziernika pasa\u017cerowie b\u0119d\u0105 mogli polecie\u0107 bezpo\u015brednio ze stolicy Dolnego \u015al\u0105ska do maroka\u0144skiego Marrakeszu. Rejsy b\u0119d\u0105 realizowane przez linie lotnicze Ryanair dwa razy w tygodniu \u2013 w pi\u0105tki i niedziele. <\/p>\n<p>Nowe po\u0142\u0105czenie pozwoli mieszka\u0144com Dolnego \u015al\u0105ska oraz s\u0105siednich region\u00f3w wygodnie dotrze\u0107 do jednego z najbardziej fascynuj\u0105cych miast Maroka. Marrakesz przyci\u0105ga podr\u00f3\u017cnych orientaln\u0105 architektur\u0105, pe\u0142nymi kolor\u00f3w bazarami, wyj\u0105tkow\u0105 kuchni\u0105 oraz \u0142agodnym klimatem, kt\u00f3ry sprzyja wypoczynkowi r\u00f3wnie\u017c w sezonie jesienno-zimowym.<\/p>\n<p>Dwa rejsy tygodniowo umo\u017cliwi\u0105 pasa\u017cerom zaplanowanie zar\u00f3wno kr\u00f3tkiego weekendowego wyjazdu, jak i d\u0142u\u017cszego pobytu. Loty w pi\u0105tki i niedziele b\u0119d\u0105 atrakcyjn\u0105 propozycj\u0105 dla os\u00f3b poszukuj\u0105cych wypoczynku, nowych do\u015bwiadcze\u0144 oraz kierunk\u00f3w, kt\u00f3re pozwalaj\u0105 uciec od ch\u0142odniejszych miesi\u0119cy w Polsce.<\/p>\n<p>\u2013 Marrakesz to drugie, po Agadirze, maroka\u0144skie miasto, kt\u00f3re znajdzie si\u0119 w naszej siatce po\u0142\u0105cze\u0144. Jest r\u00f3\u017cnorodny, pe\u0142en energii i oferuje s\u0142oneczn\u0105 pogod\u0119 w okresie, gdy w Polsce rozpoczyna si\u0119 jesie\u0144. Jeste\u015bmy przekonani, \u017ce nowe po\u0142\u0105czenie spotka si\u0119 z du\u017cym zainteresowaniem pasa\u017cer\u00f3w zar\u00f3wno z Wroc\u0142awia, jak i z ca\u0142ego regionu \u2013 podkre\u015bla Karol Przywara, prezes zarz\u0105du Portu Lotniczego Wroc\u0142aw.<\/p>\n<p>Marrakesz jest jednym z najwa\u017cniejszych o\u015brodk\u00f3w turystycznych Maroka. Jego symbolem jest plac D\u017camaa al-Fina, kt\u00f3ry wieczorami wype\u0142nia si\u0119 straganami, artystami oraz zapachami lokalnych potraw. Miasto stanowi tak\u017ce dogodny punkt wypadowy do wycieczek w g\u00f3ry Atlas oraz dalszych podr\u00f3\u017cy po po\u0142udniowej cz\u0119\u015bci kraju.<\/p>\n<p>Loty do Marrakeszu b\u0119d\u0105 drug\u0105 nowo\u015bci\u0105 linii Ryanair w tegorocznym sezonie zimowym. Od kilku tygodni w systemie sprzeda\u017cowym irlandzkiego przewo\u017anika dost\u0119pne jest r\u00f3wnie\u017c po\u0142\u0105czenie z Wroc\u0142awia do Madrytu. Loty do stolicy Hiszpanii b\u0119d\u0105 realizowane od 26 pa\u017adziernika trzy razy w tygodniu \u2013 w poniedzia\u0142ki, \u015brody i pi\u0105tki.<\/p>\n","protected":false},"excerpt":{"rendered":"Port Lotniczy Wroc\u0142aw poszerza swoj\u0105 siatk\u0119 po\u0142\u0105cze\u0144 o nowy kierunek. Od 25 pa\u017adziernika pasa\u017cerowie b\u0119d\u0105 mogli polecie\u0107 bezpo\u015brednio&hellip;\n","protected":false},"author":2,"featured_media":604805,"comment_status":"","ping_status":"","sticky":false,"template":"","format":"standard","meta":{"footnotes":"","_share_on_mastodon":"0"},"categories":[51607],"tags":[55975,51831,42,38,40,39,41,39932,55974,55973,7941,83301,112911,55972,54409,1853,53352],"class_list":["post-604804","post","type-post","status-publish","format-standard","has-post-thumbnail","category-wroclaw","tag-linie-niskokosztowe","tag-nowe-polaczenia-lotnicze","tag-pl","tag-poland","tag-polish","tag-polska","tag-polski","tag-port-lotniczy-wroclaw","tag-przewoznicy-niskokosztowi","tag-przewoznik-niskokosztowy","tag-ryanair","tag-sezon-zimowy","tag-siatka-zimowa","tag-tanie-linie","tag-tanie-linie-lotnicze","tag-wroclaw","tag-wroclaw-airport"],"share_on_mastodon":{"url":"https:\/\/pubeurope.com\/@pl\/117048752544614948","error":""},"_links":{"self":[{"href":"https:\/\/www.europesays.com\/pl\/wp-json\/wp\/v2\/posts\/604804","targetHints":{"allow":["GET"]}}],"collection":[{"href":"https:\/\/www.europesays.com\/pl\/wp-json\/wp\/v2\/posts"}],"about":[{"href":"https:\/\/www.europesays.com\/pl\/wp-json\/wp\/v2\/types\/post"}],"author":[{"embeddable":true,"href":"https:\/\/www.europesays.com\/pl\/wp-json\/wp\/v2\/users\/2"}],"replies":[{"embeddable":true,"href":"https:\/\/www.europesays.com\/pl\/wp-json\/wp\/v2\/comments?post=604804"}],"version-history":[{"count":0,"href":"https:\/\/www.europesays.com\/pl\/wp-json\/wp\/v2\/posts\/604804\/revisions"}],"wp:featuredmedia":[{"embeddable":true,"href":"https:\/\/www.europesays.com\/pl\/wp-json\/wp\/v2\/media\/604805"}],"wp:attachment":[{"href":"https:\/\/www.europesays.com\/pl\/wp-json\/wp\/v2\/media?parent=604804"}],"wp:term":[{"taxonomy":"category","embeddable":true,"href":"https:\/\/www.europesays.com\/pl\/wp-json\/wp\/v2\/categories?post=604804"},{"taxonomy":"post_tag","embeddable":true,"href":"https:\/\/www.europesays.com\/pl\/wp-json\/wp\/v2\/tags?post=604804"}],"curies":[{"name":"wp","href":"https:\/\/api.w.org\/{rel}","templated":true}]}}