{"id":605276,"date":"2026-08-06T18:02:14","date_gmt":"2026-08-06T18:02:14","guid":{"rendered":"https:\/\/www.europesays.com\/pl\/605276\/"},"modified":"2026-08-06T18:02:14","modified_gmt":"2026-08-06T18:02:14","slug":"kancelaria-premiera-reaguje-po-tekscie-onetu-zakaz-dla-daniela-olbrychskiego-cofniety","status":"publish","type":"post","link":"https:\/\/www.europesays.com\/pl\/605276\/","title":{"rendered":"Kancelaria premiera reaguje po tek\u015bcie Onetu. Zakaz dla Daniela Olbrychskiego cofni\u0119ty"},"content":{"rendered":"<p>\u2014 Poczu\u0142em si\u0119 jak w najczarniejszych czasach system\u00f3w totalitarnych. To jest naplucie mi w twarz \u2014 <a href=\"https:\/\/wiadomosci.onet.pl\/kraj\/daniel-olbrychski-oburzony-decyzja-ministerstwa-jak-w-najczarniejszych-czasach\/qhq1lwy\" id=\"61dddc0b-deb9-40dc-91fc-1fe190a2a991\" rel=\"nofollow noopener\" target=\"_blank\">m\u00f3wi\u0142 Daniel Olbrychski po tym, jak zablokowano jego udzia\u0142 w jury Festiwalu Filmowego w Gdyni.<\/a>Zakaz dla Daniela Olbrychskiego cofni\u0119ty<a href=\"https:\/\/www.onet.pl\/\" title=\"Strona G\u0142\u00f3wna\" aria-label=\"Strona G\u0142\u00f3wna\" data-astro-prefetch=\"tap\" class=\"ods-a-logo-main-desktop\" rel=\"nofollow noopener\" target=\"_blank\"><img src=\"https:\/\/cdn.wiadomosci.onet.pl\/img\/Logo_desktop_Onet.svg\" class=\"ods-a-logo-main-desktop__image\" alt=\"Logo\" width=\"107\" height=\"60\" fetchpriority=\"high\" decoding=\"sync\" style=\"height:60px\"\/><\/a><\/p>\n<p class=\"ods-m-google-article__text\">Czytaj nas cz\u0119\u015bciej w Google<\/p>\n<p><a href=\"https:\/\/google.com\/preferences\/source?q=wiadomosci.onet.pl\" target=\"_blank\" rel=\"noopener noreferrer nofollow\" aria-label=\"Dodaj w Google\" title=\"Dodaj w Google\" class=\"ods-a-button ods-a-button__primary ods-a-button__default ods-a-button-l\">Dodaj w Google<\/a><\/p>\n<p>Aktor przyzna\u0142, \u017ce jeszcze nie mia\u0142 okazji by\u0107 w jury tego presti\u017cowego konkursu.<\/p>\n<p>\u2014 I nie zabiega\u0142em o to. I nie zabiegam. M\u00f3wi\u0119 to z tego powodu, \u017ce w tym roku, po zmianie prezesa Stowarzyszenia Filmowc\u00f3w Polskich, dosta\u0142em tak\u0105 propozycj\u0119. Prezes Grzegorz \u0141oszewski zapyta\u0142, czy znalaz\u0142bym czas, czy mia\u0142bym ch\u0119\u0107. Ucieszy\u0142em si\u0119. I co si\u0119 okaza\u0142o? \u017be to musi zatwierdzi\u0107 Ministerstwo Kultury i Dziedzictwa Narodowego. I\u2026 I tu musz\u0119 za\u0142o\u017cy\u0107 okulary, \u017ceby przeczyta\u0107 nazwisko dyrektora z ministerstwa. Ot\u00f3\u017c pan dyrektor z ministerstwa, kt\u00f3ry nazywa si\u0119 Maciej Dydo, powiedzia\u0142, \u017ce nie ma mowy, \u017cebym by\u0142 cz\u0142onkiem jury, bo o\u015bmieli\u0142em si\u0119 skrytykowa\u0107 poprzedni\u0105 minister kultury Hann\u0119 Wr\u00f3blewsk\u0105.<\/p>\n<p>W grudniu 2024 r. Daniel Olbrychski powiedzia\u0142, \u017ce Hanna Wr\u00f3blewska jest &#8222;wstydem dla polskiej kultury i dla tej koalicji&#8221;.<\/p>\n<p>Po publikacji wywiadu dotar\u0142a do nas informacja, \u017ce blokada zosta\u0142a cofni\u0119ta i Daniel Olbrychski mo\u017ce zosta\u0107 jurorem. Interweniowa\u0142a Kancelaria Prezesa Rady Ministr\u00f3w. Rzecznik rz\u0105du Adam Sz\u0142apka potwierdzi\u0142 to w rozmowie z Onetem.<\/p>\n<p>Daniel Olbrychski oburzony decyzj\u0105 ministerstwa. &#8222;To jest naplucie mi w twarz&#8221;<\/p>\n<p class=\"ods-o-frame-in-text__paragraph\"><a href=\"https:\/\/wiadomosci.onet.pl\/kraj\/daniel-olbrychski-oburzony-decyzja-ministerstwa-jak-w-najczarniejszych-czasach\/qhq1lwy\" id=\"9e2436a3-4c2f-46f4-be10-d1bf103978c9\" rel=\"nofollow noopener\" target=\"_blank\">Przeczytaj ca\u0142y wywiad z Danielem Olbrychskim! <\/a><\/p>\n<p><img class=\"ods-a-photo ods-a-photo--background\" src=\"https:\/\/www.europesays.com\/pl\/wp-content\/uploads\/2026\/08\/rl4k9lBaHR0cHM6Ly9vY2RuLmV1L3B1bHNjbXMvTURBXy84ZDQ1NDMzNWE3MzhjYmMzZDc3MjI4ZjM5MjBhNjI5ZC5qcGeRlQLNA.jpeg\" height=\"300\" width=\"450\" alt=\"Daniel Olbrychski\" loading=\"lazy\" fetchpriority=\"low\" decoding=\"async\"\/><\/p>\n","protected":false},"excerpt":{"rendered":"\u2014 Poczu\u0142em si\u0119 jak w najczarniejszych czasach system\u00f3w totalitarnych. To jest naplucie mi w twarz \u2014 m\u00f3wi\u0142 Daniel&hellip;\n","protected":false},"author":2,"featured_media":605277,"comment_status":"","ping_status":"","sticky":false,"template":"","format":"standard","meta":{"footnotes":"","_share_on_mastodon":"0"},"categories":[12],"tags":[2063,61195,32,33,4691,36,37,1064,119659,27,49,34,35,28,31,48,56992,25,46,42,38,40,39,41,47,29,30,26],"class_list":["post-605276","post","type-post","status-publish","format-standard","has-post-thumbnail","category-polska","tag-adam_szlapka","tag-bottomfeed_styl","tag-breaking-news","tag-breakingnews","tag-daniel_olbrychski","tag-featured-news","tag-featurednews","tag-gdynia","tag-hanna_wroblewska","tag-headlines","tag-kraj","tag-latest-news","tag-latestnews","tag-naglowki","tag-najwazniejsze-artykuly","tag-nat_styl","tag-newbb_tst1","tag-news","tag-omp","tag-pl","tag-poland","tag-polish","tag-polska","tag-polski","tag-screening_general","tag-top-stories","tag-topstories","tag-wiadomosci"],"share_on_mastodon":{"url":"https:\/\/pubeurope.com\/@pl\/117049881384340226","error":""},"_links":{"self":[{"href":"https:\/\/www.europesays.com\/pl\/wp-json\/wp\/v2\/posts\/605276","targetHints":{"allow":["GET"]}}],"collection":[{"href":"https:\/\/www.europesays.com\/pl\/wp-json\/wp\/v2\/posts"}],"about":[{"href":"https:\/\/www.europesays.com\/pl\/wp-json\/wp\/v2\/types\/post"}],"author":[{"embeddable":true,"href":"https:\/\/www.europesays.com\/pl\/wp-json\/wp\/v2\/users\/2"}],"replies":[{"embeddable":true,"href":"https:\/\/www.europesays.com\/pl\/wp-json\/wp\/v2\/comments?post=605276"}],"version-history":[{"count":0,"href":"https:\/\/www.europesays.com\/pl\/wp-json\/wp\/v2\/posts\/605276\/revisions"}],"wp:featuredmedia":[{"embeddable":true,"href":"https:\/\/www.europesays.com\/pl\/wp-json\/wp\/v2\/media\/605277"}],"wp:attachment":[{"href":"https:\/\/www.europesays.com\/pl\/wp-json\/wp\/v2\/media?parent=605276"}],"wp:term":[{"taxonomy":"category","embeddable":true,"href":"https:\/\/www.europesays.com\/pl\/wp-json\/wp\/v2\/categories?post=605276"},{"taxonomy":"post_tag","embeddable":true,"href":"https:\/\/www.europesays.com\/pl\/wp-json\/wp\/v2\/tags?post=605276"}],"curies":[{"name":"wp","href":"https:\/\/api.w.org\/{rel}","templated":true}]}}