{"id":605414,"date":"2026-08-06T19:26:09","date_gmt":"2026-08-06T19:26:09","guid":{"rendered":"https:\/\/www.europesays.com\/pl\/605414\/"},"modified":"2026-08-06T19:26:09","modified_gmt":"2026-08-06T19:26:09","slug":"zaskakujace-znalezisko-litwy-straz-odkryla-tunel-na-granicy","status":"publish","type":"post","link":"https:\/\/www.europesays.com\/pl\/605414\/","title":{"rendered":"Zaskakuj\u0105ce znalezisko Litwy. Stra\u017c odkry\u0142a tunel na granicy"},"content":{"rendered":"<p>Tunel zosta\u0142 odkryty podczas akcji poszukiwawczej przeprowadzonej przez Pa\u0144stwow\u0105 S\u0142u\u017cb\u0119 Ochrony Granicy (VSAT).<\/p>\n<p>Stra\u017c graniczna wykorzysta\u0142a specjalistyczny sprz\u0119t dostarczony przez polskich koleg\u00f3w, aby zlokalizowa\u0107 przej\u015bcie. Tunel zosta\u0142 wykopany na g\u0142\u0119boko\u015bci ok. 1,5 m i wzmocniony drewnianymi k\u0142odami oraz deskami.<\/p>\n<p><a href=\"https:\/\/www.onet.pl\/\" title=\"Strona G\u0142\u00f3wna\" aria-label=\"Strona G\u0142\u00f3wna\" data-astro-prefetch=\"tap\" class=\"ods-a-logo-main-desktop\" rel=\"nofollow noopener\" target=\"_blank\"><img src=\"https:\/\/cdn.wiadomosci.onet.pl\/img\/Logo_desktop_Onet.svg\" class=\"ods-a-logo-main-desktop__image\" alt=\"Logo\" width=\"107\" height=\"60\" fetchpriority=\"high\" decoding=\"sync\" style=\"height:60px\"\/><\/a><\/p>\n<p class=\"ods-m-google-article__text\">Czytaj nas cz\u0119\u015bciej w Google<\/p>\n<p><a href=\"https:\/\/google.com\/preferences\/source?q=wiadomosci.onet.pl\" target=\"_blank\" rel=\"noopener noreferrer nofollow\" aria-label=\"Dodaj w Google\" title=\"Dodaj w Google\" class=\"ods-a-button ods-a-button__primary ods-a-button__default ods-a-button-l\">Dodaj w Google<\/a>Rosja szykuje &#8222;operacje kinetyczne&#8221; wymierzone w kraje wschodniej flanki NATO. Prezydent Litwy: nie mog\u0119 zaprzeczy\u0107<img class=\"ods-a-photo ods-a-photo--background\" src=\"https:\/\/www.europesays.com\/pl\/wp-content\/uploads\/2026\/08\/N7xk9lBaHR0cHM6Ly9vY2RuLmV1L3B1bHNjbXMvTURBXy8zZmRmNWIxODkzZTg1MjQ4MWY4OGRlMWMyZjllNTdhYy5wbmeRlQLNA.jpeg\" height=\"265\" width=\"450\" alt=\"Prezydent Litwy Gitanas Nauseda (L) i prezydent \u0141otwy Edgars Rinkvics podczas wsp\u00f3lnej konferencji prasowej w Wilnie, Litwa, 15 lipca 2026 r.\" loading=\"lazy\" fetchpriority=\"low\" decoding=\"async\"\/><\/p>\n<p>Rozci\u0105ga\u0142 si\u0119 na d\u0142ugo\u015bci ok. 4 m od terytorium Bia\u0142orusi pod granic\u0105 pa\u0144stwow\u0105 na terytorium Litwy. Wej\u015bcie po stronie bia\u0142oruskiej zosta\u0142o zamaskowane siatk\u0105 kamufla\u017cow\u0105.<\/p>\n<p>Jednak, jak poinformowa\u0142a VSAT, budowa tunelu nie zosta\u0142a uko\u0144czona i nigdy nie by\u0142 on wykorzystywany do nielegalnego przekraczania granicy.<\/p>\n<p>Po zako\u0144czeniu czynno\u015bci proceduralnych przez \u015bledczych tunel zosta\u0142 zasypany. W\u0142adze litewskie poda\u0142y, \u017ce od pocz\u0105tku 2026 r. odnotowa\u0142y 12 pr\u00f3b nielegalnego wkroczenia do kraju przez podziemne tunele.<\/p>\n<p>Litwa pod presj\u0105<\/p>\n<p>Jest to ju\u017c trzeci tunel odkryty przez stra\u017cnik\u00f3w granicznych w ostatnich tygodniach.<\/p>\n<p>23 lipca funkcjonariusze odkryli tunel o d\u0142ugo\u015bci ok. 5 m w pobli\u017cu wsi Piesciai. Trzy dni p\u00f3\u017aniej, 26 lipca, w pobli\u017cu miejscowo\u015bci Pertakas odkryto kolejn\u0105 niedoko\u0144czon\u0105 konstrukcj\u0119. Przej\u015bcie to mia\u0142o d\u0142ugo\u015b\u0107 ok. 11 m, a w jego wn\u0119trzu znaleziono drewniane k\u0142ody, wydobyty piasek oraz wiadra.<\/p>\n<p>Dalszy ci\u0105g artyku\u0142u pod materia\u0142em wideo<\/p>\n<p>Zgodnie z prawem litewskim nielegalne przekroczenie granicy mo\u017ce skutkowa\u0107 grzywn\u0105, aresztowaniem lub kar\u0105 pozbawienia wolno\u015bci do dw\u00f3ch lat, w zale\u017cno\u015bci od okoliczno\u015bci.<\/p>\n<p>Litwa boryka si\u0119 z rosn\u0105cymi obawami dotycz\u0105cymi bezpiecze\u0144stwa wzd\u0142u\u017c granicy z Bia\u0142orusi\u0105 w zwi\u0105zku z utrzymuj\u0105c\u0105 si\u0119 <a href=\"https:\/\/wiadomosci.onet.pl\/swiat\/litwa-pozywa-bialorus-rezim-musi-zostac-pociagniety-do-odpowiedzialnosci\/s4jyf6d\" id=\"d60696f1-0df5-49f8-a8ab-f492c55d5b71\" rel=\"nofollow noopener\" target=\"_blank\">presj\u0105 migracyjn\u0105<\/a> oraz oskar\u017ceniami, \u017ce Mi\u0144sk u\u0142atwia nielegalne przekraczanie granicy z Uni\u0105 Europejsk\u0105.<\/p>\n<p>Kraj planuje r\u00f3wnie\u017c do 2027 r. przenie\u015b\u0107 awaryjne zapasy \u017cywno\u015bci, paliwa i innych niezb\u0119dnych artyku\u0142\u00f3w z dala od granicy z Bia\u0142orusi\u0105 do bezpieczniejszych obszar\u00f3w.<\/p>\n","protected":false},"excerpt":{"rendered":"Tunel zosta\u0142 odkryty podczas akcji poszukiwawczej przeprowadzonej przez Pa\u0144stwow\u0105 S\u0142u\u017cb\u0119 Ochrony Granicy (VSAT). Stra\u017c graniczna wykorzysta\u0142a specjalistyczny sprz\u0119t&hellip;\n","protected":false},"author":2,"featured_media":605415,"comment_status":"","ping_status":"","sticky":false,"template":"","format":"standard","meta":{"footnotes":"","_share_on_mastodon":"0"},"categories":[14],"tags":[699,61195,32,33,27,34,35,843,409,28,31,48,25,46,40,41,47,80,29,30,86,26,82,83,84],"class_list":["post-605414","post","type-post","status-publish","format-standard","has-post-thumbnail","category-swiat","tag-bialorus","tag-bottomfeed_styl","tag-breaking-news","tag-breakingnews","tag-headlines","tag-latest-news","tag-latestnews","tag-litwa","tag-migracja","tag-naglowki","tag-najwazniejsze-artykuly","tag-nat_styl","tag-news","tag-omp","tag-polish","tag-polski","tag-screening_general","tag-swiat","tag-top-stories","tag-topstories","tag-unia_europejska","tag-wiadomosci","tag-world","tag-world-news","tag-worldnews"],"share_on_mastodon":{"url":"https:\/\/pubeurope.com\/@pl\/117050211377893961","error":""},"_links":{"self":[{"href":"https:\/\/www.europesays.com\/pl\/wp-json\/wp\/v2\/posts\/605414","targetHints":{"allow":["GET"]}}],"collection":[{"href":"https:\/\/www.europesays.com\/pl\/wp-json\/wp\/v2\/posts"}],"about":[{"href":"https:\/\/www.europesays.com\/pl\/wp-json\/wp\/v2\/types\/post"}],"author":[{"embeddable":true,"href":"https:\/\/www.europesays.com\/pl\/wp-json\/wp\/v2\/users\/2"}],"replies":[{"embeddable":true,"href":"https:\/\/www.europesays.com\/pl\/wp-json\/wp\/v2\/comments?post=605414"}],"version-history":[{"count":0,"href":"https:\/\/www.europesays.com\/pl\/wp-json\/wp\/v2\/posts\/605414\/revisions"}],"wp:featuredmedia":[{"embeddable":true,"href":"https:\/\/www.europesays.com\/pl\/wp-json\/wp\/v2\/media\/605415"}],"wp:attachment":[{"href":"https:\/\/www.europesays.com\/pl\/wp-json\/wp\/v2\/media?parent=605414"}],"wp:term":[{"taxonomy":"category","embeddable":true,"href":"https:\/\/www.europesays.com\/pl\/wp-json\/wp\/v2\/categories?post=605414"},{"taxonomy":"post_tag","embeddable":true,"href":"https:\/\/www.europesays.com\/pl\/wp-json\/wp\/v2\/tags?post=605414"}],"curies":[{"name":"wp","href":"https:\/\/api.w.org\/{rel}","templated":true}]}}