{"id":605544,"date":"2026-08-06T20:49:13","date_gmt":"2026-08-06T20:49:13","guid":{"rendered":"https:\/\/www.europesays.com\/pl\/605544\/"},"modified":"2026-08-06T20:49:13","modified_gmt":"2026-08-06T20:49:13","slug":"fc-barcelona-odwoluje-mecz-i-traci-miliony-w-tle-kryzys-w-maroku","status":"publish","type":"post","link":"https:\/\/www.europesays.com\/pl\/605544\/","title":{"rendered":"FC Barcelona odwo\u0142uje mecz i traci miliony. W tle kryzys w Maroku"},"content":{"rendered":"\n<p class=\"contentpart contentpart--default contentpart--text\" data-position=\"0\"><a href=\"https:\/\/sportowefakty.wp.pl\/pilka-nozna\/fc-barcelona\" rel=\"nofollow noopener\" target=\"_blank\">FC Barcelona<\/a>\u00a0podj\u0119\u0142a ostateczn\u0105 decyzj\u0119 o odwo\u0142aniu sparingu z Ittihad Riadi, kt\u00f3ry mia\u0142 odby\u0107 si\u0119 w maroka\u0144skim Tangerze. Uznano, \u017ce w obecnych realiach nie ma warunk\u00f3w do organizacji takiego spotkania.<\/p>\n<p class=\"contentpart contentpart--default contentpart--text\" data-position=\"1\">&#8222;FC Barcelona informuje, \u017ce mecz towarzyski pierwszej dru\u017cyny m\u0119\u017cczyzn w Tangerze, wst\u0119pnie zaplanowany na 15 sierpnia, zosta\u0142 odwo\u0142any. W zwi\u0105zku z obecn\u0105 niepewno\u015bci\u0105 i zaistnia\u0142ymi okoliczno\u015bciami FC Barcelona uwa\u017ca, \u017ce rozegranie tego spotkania by\u0142oby niew\u0142a\u015bciwe&#8221; &#8211; czytamy w klubowym komunikacie.<\/p>\n<p>  <img decoding=\"async\" src=\"https:\/\/v.wpimg.pl\/X3dwLnN2d1IFFTpdYUl6R0ZNbgcnEHQREVV2TGEGbUtRT2MdOlZ2RBQUKABgQjQcDRotCStBd1IAAWMeIlM7VgwYIAorQAdEFFk_GCkQJQ\" alt=\"\" width=\"45\" height=\"58\" loading=\"lazy\"\/>  <\/p>\n<p class=\"contentpart contentpart--default contentpart--text\" data-position=\"2\">ZOBACZ WIDEO: Stadion odlecia\u0142. Og\u0142uszaj\u0105cy doping w Katowicach<\/p>\n<p class=\"contentpart contentpart--default contentpart--text\" data-position=\"4\">Na decyzj\u0119 wp\u0142yn\u0119\u0142y kryzys migracyjny oraz wydarzenia z ubieg\u0142ego tygodnia w Ceucie. Hiszpa\u0144skie s\u0142u\u017cby sprawdzaj\u0105 te\u017c mo\u017cliwo\u015b\u0107 nowego, masowego wezwania w mediach spo\u0142eczno\u015bciowych do przekroczenia granicy w\u0142a\u015bnie 15 sierpnia. To dodatkowo zwi\u0119kszy\u0142o ryzyko wok\u00f3\u0142 wyjazdu do Maroka.<\/p>\n<p class=\"contentpart contentpart--default contentpart--text\" data-position=\"5\">&#8222;Mundo Deportivo&#8221; wyliczy\u0142, \u017ce klub z Katalonii straci na tej decyzji oko\u0142o 4,5 miliona euro z tytu\u0142u ga\u017cy za mecz. Mimo to FC Barcelona uzna\u0142a, \u017ce priorytetem pozostaje bezpiecze\u0144stwo pi\u0142karzy oraz cz\u0142onk\u00f3w sztabu szkoleniowego w napi\u0119tej sytuacji po zdarzeniach w Ceucie.<\/p>\n<p class=\"contentpart contentpart--default contentpart--text\" data-position=\"6\">Teraz FC Barcelona ma przeanalizowa\u0107 sytuacj\u0119 z Hansim Flickiem. Celem jest znalezienie innego spotkania kontrolnego, kt\u00f3re pozwoli zespo\u0142owi wej\u015b\u0107 w rytm meczowy przed inauguracj\u0105 ligi.<\/p>\n","protected":false},"excerpt":{"rendered":"FC Barcelona\u00a0podj\u0119\u0142a ostateczn\u0105 decyzj\u0119 o odwo\u0142aniu sparingu z Ittihad Riadi, kt\u00f3ry mia\u0142 odby\u0107 si\u0119 w maroka\u0144skim Tangerze. Uznano,&hellip;\n","protected":false},"author":2,"featured_media":605545,"comment_status":"","ping_status":"","sticky":false,"template":"","format":"standard","meta":{"footnotes":"","_share_on_mastodon":"0"},"categories":[24],"tags":[272,21441,989,269,42,38,40,39,41,127,126],"class_list":["post-605544","post","type-post","status-publish","format-standard","has-post-thumbnail","category-sport","tag-fc-barcelona","tag-maroko","tag-pilka-na-swiecie","tag-pilka-nozna","tag-pl","tag-poland","tag-polish","tag-polska","tag-polski","tag-sport","tag-sports"],"share_on_mastodon":{"url":"","error":""},"_links":{"self":[{"href":"https:\/\/www.europesays.com\/pl\/wp-json\/wp\/v2\/posts\/605544","targetHints":{"allow":["GET"]}}],"collection":[{"href":"https:\/\/www.europesays.com\/pl\/wp-json\/wp\/v2\/posts"}],"about":[{"href":"https:\/\/www.europesays.com\/pl\/wp-json\/wp\/v2\/types\/post"}],"author":[{"embeddable":true,"href":"https:\/\/www.europesays.com\/pl\/wp-json\/wp\/v2\/users\/2"}],"replies":[{"embeddable":true,"href":"https:\/\/www.europesays.com\/pl\/wp-json\/wp\/v2\/comments?post=605544"}],"version-history":[{"count":0,"href":"https:\/\/www.europesays.com\/pl\/wp-json\/wp\/v2\/posts\/605544\/revisions"}],"wp:featuredmedia":[{"embeddable":true,"href":"https:\/\/www.europesays.com\/pl\/wp-json\/wp\/v2\/media\/605545"}],"wp:attachment":[{"href":"https:\/\/www.europesays.com\/pl\/wp-json\/wp\/v2\/media?parent=605544"}],"wp:term":[{"taxonomy":"category","embeddable":true,"href":"https:\/\/www.europesays.com\/pl\/wp-json\/wp\/v2\/categories?post=605544"},{"taxonomy":"post_tag","embeddable":true,"href":"https:\/\/www.europesays.com\/pl\/wp-json\/wp\/v2\/tags?post=605544"}],"curies":[{"name":"wp","href":"https:\/\/api.w.org\/{rel}","templated":true}]}}