{"id":60560,"date":"2025-10-21T11:35:07","date_gmt":"2025-10-21T11:35:07","guid":{"rendered":"https:\/\/www.europesays.com\/pl\/60560\/"},"modified":"2025-10-21T11:35:07","modified_gmt":"2025-10-21T11:35:07","slug":"siergiej-lawrow-odpowiada-sikorskiemu-chodzi-o-lot-putina-do-budapesztu","status":"publish","type":"post","link":"https:\/\/www.europesays.com\/pl\/60560\/","title":{"rendered":"Siergiej \u0141awrow odpowiada Sikorskiemu. Chodzi o lot Putina do Budapesztu"},"content":{"rendered":"<p class=\"ods-c-paragraph \">Sikorski we wtorek w Radiu Rodzina zosta\u0142 zapytany o <a href=\"https:\/\/wiadomosci.onet.pl\/swiat\/spotkanie-trump-putin-opoznione-nieoficjalne-doniesienia\/8355s3b\" id=\"abc94758-65bc-4f88-8733-5789d724b827\" rel=\"nofollow noopener\" target=\"_blank\">planowane spotkanie prezydenta USA Donalda Trumpa z W\u0142adimirem Putinem, kt\u00f3re ma odby\u0107 si\u0119 w Budapeszcie<\/a>, i spekulacje, czy rosyjski dyktator m\u00f3g\u0142by uda\u0107 si\u0119 na W\u0119gry samolotem np. przelatuj\u0105cym przez przestrze\u0144 powietrzn\u0105 Polski, w kt\u00f3r\u0105 nie s\u0105 wpuszczane rosyjskie samoloty.<\/p>\n<p class=\"ods-c-paragraph \">W odpowiedzi Sikorski powiedzia\u0142, \u017ce &#8222;<a href=\"https:\/\/wiadomosci.onet.pl\/kraj\/wladimir-putin-zostanie-zatrzymany-przez-polske-sikorski-komentuje\/j1vvz95\" id=\"0b697221-79be-4029-b03b-c2ac5e95aefd\" rel=\"nofollow noopener\" target=\"_blank\">nie jeste\u015bmy w stanie zagwarantowa\u0107<\/a>, \u017ce niezawis\u0142y s\u0105d nie naka\u017ce rz\u0105dowi zatrzyma\u0107 takiego samolotu, w celu doprowadzenia podejrzanego do trybuna\u0142u w Hadze&#8221;. W\u0142adimir Putin od 2023 r. jest obj\u0119ty nakazem aresztowania wydanym przez Mi\u0119dzynarodowy Trybuna\u0142 Karny w Hadze, jako podejrzewany o pope\u0142nienie zbrodni wojennych.<\/p>\n<p>Dalszy ci\u0105g artyku\u0142u pod materia\u0142em wideo<\/p>\n<p> Czego dotyczy wypowied\u017a Rados\u0142awa Sikorskiego? <\/p>\n<p> Jak\u0105 reakcj\u0119 wywo\u0142a\u0142a wypowied\u017a Sikorskiego? <\/p>\n<p> Kto jest podejrzewany o pope\u0142nienie zbrodni wojennych? <\/p>\n<p> Co powiedzia\u0142 \u0141awrow na temat bezpiecze\u0144stwa samolotu Putina? <\/p>\n<p>  \u0141awrow odpowiada. &#8222;Wymowne przypadki&#8221;<\/p>\n<p class=\"ods-c-paragraph \">\u2014 Polacy s\u0105 teraz gotowi sami dokona\u0107 akt\u00f3w terrorystycznych. S\u0142ysza\u0142em, jak pan Sikorski grozi\u0142, \u017ce bezpiecze\u0144stwo samolotu prezydenta Putina w polskiej przestrzeni powietrznej, je\u015bli zostanie on wys\u0142any do Budapesztu na proponowany szczyt z Trumpem, nie b\u0119dzie zagwarantowane \u2014 powiedzia\u0142 Siergiej \u0141awrow, cytowany przez agencj\u0119 Ria Nowosti. \u2014 To bardzo wymowne przypadki \u2014 podsumowa\u0142.<\/p>\n<p class=\"ods-c-paragraph \">\u0141awrow m\u00f3wi\u0142 tak\u017ce o decyzji polskiego s\u0105du, kt\u00f3ry <a href=\"https:\/\/wiadomosci.onet.pl\/kraj\/sprawa-wysadzenia-nord-stream-nowe-informacje-z-prokuratury\/vp3cl2p\" id=\"86476546-f6d1-4d90-90a7-5d016c6fb9b0\" rel=\"nofollow noopener\" target=\"_blank\">sprzeciwi\u0142 si\u0119 wydania Niemcom Wo\u0142odymyra \u017burawlowa<\/a>, podejrzanego o wysadzenie gazoci\u0105gu Nord Stream.<\/p>\n","protected":false},"excerpt":{"rendered":"Sikorski we wtorek w Radiu Rodzina zosta\u0142 zapytany o planowane spotkanie prezydenta USA Donalda Trumpa z W\u0142adimirem Putinem,&hellip;\n","protected":false},"author":2,"featured_media":60561,"comment_status":"","ping_status":"","sticky":false,"template":"","format":"standard","meta":{"footnotes":""},"categories":[14],"tags":[32,33,27,34,35,28,31,48,25,46,40,41,1118,87,47,5189,80,29,30,26,408,82,83,84],"class_list":{"0":"post-60560","1":"post","2":"type-post","3":"status-publish","4":"format-standard","5":"has-post-thumbnail","7":"category-swiat","8":"tag-breaking-news","9":"tag-breakingnews","10":"tag-headlines","11":"tag-latest-news","12":"tag-latestnews","13":"tag-naglowki","14":"tag-najwazniejsze-artykuly","15":"tag-nat_styl","16":"tag-news","17":"tag-omp","18":"tag-polish","19":"tag-polski","20":"tag-radoslaw_sikorski","21":"tag-rosja","22":"tag-screening_general","23":"tag-siergiej_lawrow","24":"tag-swiat","25":"tag-top-stories","26":"tag-topstories","27":"tag-wiadomosci","28":"tag-wladimir_putin","29":"tag-world","30":"tag-world-news","31":"tag-worldnews"},"share_on_mastodon":{"url":"","error":""},"_links":{"self":[{"href":"https:\/\/www.europesays.com\/pl\/wp-json\/wp\/v2\/posts\/60560","targetHints":{"allow":["GET"]}}],"collection":[{"href":"https:\/\/www.europesays.com\/pl\/wp-json\/wp\/v2\/posts"}],"about":[{"href":"https:\/\/www.europesays.com\/pl\/wp-json\/wp\/v2\/types\/post"}],"author":[{"embeddable":true,"href":"https:\/\/www.europesays.com\/pl\/wp-json\/wp\/v2\/users\/2"}],"replies":[{"embeddable":true,"href":"https:\/\/www.europesays.com\/pl\/wp-json\/wp\/v2\/comments?post=60560"}],"version-history":[{"count":0,"href":"https:\/\/www.europesays.com\/pl\/wp-json\/wp\/v2\/posts\/60560\/revisions"}],"wp:featuredmedia":[{"embeddable":true,"href":"https:\/\/www.europesays.com\/pl\/wp-json\/wp\/v2\/media\/60561"}],"wp:attachment":[{"href":"https:\/\/www.europesays.com\/pl\/wp-json\/wp\/v2\/media?parent=60560"}],"wp:term":[{"taxonomy":"category","embeddable":true,"href":"https:\/\/www.europesays.com\/pl\/wp-json\/wp\/v2\/categories?post=60560"},{"taxonomy":"post_tag","embeddable":true,"href":"https:\/\/www.europesays.com\/pl\/wp-json\/wp\/v2\/tags?post=60560"}],"curies":[{"name":"wp","href":"https:\/\/api.w.org\/{rel}","templated":true}]}}